{"id":3492,"date":"2021-06-02T19:09:42","date_gmt":"2021-06-02T17:09:42","guid":{"rendered":"https:\/\/ns332467.ip-37-187-254.eu\/~nicolasgigot\/drei-tage-nach-nicolas-gigots-tod-hat-seine-mutter-vorgeschlagen-die-stiftung-nicolas-gigot-zu-gruenden\/"},"modified":"2024-09-30T15:47:01","modified_gmt":"2024-09-30T13:47:01","slug":"drei-tage-nach-nicolas-gigots-tod-hat-seine-mutter-vorgeschlagen-die-stiftung-nicolas-gigot-zu-gruenden","status":"publish","type":"post","link":"https:\/\/fondation-nicolasgigot.org\/de\/drei-tage-nach-nicolas-gigots-tod-hat-seine-mutter-vorgeschlagen-die-stiftung-nicolas-gigot-zu-gruenden\/","title":{"rendered":"Drei Tage nach Nicolas Gigots Tod hat seine Mutter vorgeschlagen, die Stiftung Nicolas Gigot zu gr\u00fcnden."},"content":{"rendered":"\t\t<div data-elementor-type=\"wp-post\" data-elementor-id=\"3492\" class=\"elementor elementor-3492 elementor-1866\" data-elementor-post-type=\"post\">\n\t\t\t\t\t\t<section class=\"elementor-section elementor-top-section elementor-element elementor-element-3618c4bf elementor-section-boxed elementor-section-height-default elementor-section-height-default\" data-id=\"3618c4bf\" data-element_type=\"section\">\n\t\t\t\t\t\t<div class=\"elementor-container elementor-column-gap-default\">\n\t\t\t\t\t<div class=\"elementor-column elementor-col-100 elementor-top-column elementor-element elementor-element-58852a21\" data-id=\"58852a21\" data-element_type=\"column\">\n\t\t\t<div class=\"elementor-widget-wrap elementor-element-populated\">\n\t\t\t\t\t\t<div class=\"elementor-element elementor-element-449c3967 elementor-widget elementor-widget-text-editor\" data-id=\"449c3967\" data-element_type=\"widget\" data-widget_type=\"text-editor.default\">\n\t\t\t\t<div class=\"elementor-widget-container\">\n\t\t\t\t\t\t\t\t\t<p class=\"x_MsoNormal\">Drei Tage nach Nicolas Gigots Tod hat seine Mutter vorgeschlagen, die Stiftung Nicolas Gigot zu gr\u00fcnden.<\/p>\n<p class=\"x_MsoNormal\"><i>Auf der Facebook Seite \u201eTous ensemble dans la m\u00eal\u00e9e avec Nicolas \u00bb schreibt Nadine, die Mutter von Nicolas am 21 Juli 2020:<\/i><\/p>\n<p class=\"x_MsoNormal\"><i>Guten Tag, ich bin die Mutter von Nicolas und ich erlaube mir, zum ersten Mal auf dieser Seite einen Kommentar zu verfassen, da es mir am Herzen liegt, mich bei allen gro\u00dfz\u00fcgigen Spendern der Sammelaktion \u201eEn soutien au combat de Nicolas\u201c zu bedanken.<\/i><\/p>\n<p class=\"x_MsoNormal\"><i>&#8222;En soutien au combat de Nicolas&#8220; zu bedanken.<\/i><\/p>\n<p class=\"x_MsoNormal\"><i>Wir alle h\u00e4tten uns so sehr gew\u00fcnscht, dass er selbst von dieser Sammelaktion h\u00e4tte profitieren k\u00f6nnen\u2026aber es ist nun einmal nicht so und wir m\u00fcssen die Tatsachen akzeptieren!!!<\/i><\/p>\n<p class=\"x_MsoNormal\"><i>Ich habe viel dar\u00fcber nachgedacht, was Nicolas sich unter diesen Umst\u00e4nden gew\u00fcnscht h\u00e4tte.<\/i><\/p>\n<p class=\"x_MsoNormal\"><i>Die letzten Augenblicke, die Nicolas mit uns bei vollem Bewusstsein verbracht hat, waren von einer tiefen Frustration \u00fcbermannt, sowohl f\u00fcr ihn, als auch f\u00fcr uns.<\/i><\/p>\n<p class=\"x_MsoNormal\"><i>Gefangen in seinem K\u00f6rper, war es ihm nicht m\u00f6glich, sich uns mitzuteilen, da er intubiert war. Mit den Augen zu blinzeln war seine einzige M\u00f6glichkeit, mit uns zu kommunizieren.<\/i><\/p>\n<p class=\"x_MsoNormal\"><i>Die Momente, in denen er noch bei vollem Bewusstsein war, waren relativ kurz, aber ich werde sie nie vergessen, da er sich oftmals \u00fcber meine Unf\u00e4higkeit, ihn zu verstehen, aufregte\u2026was mich in eine tiefe Hilflosigkeit st\u00fcrzen lie\u00df!<\/i><\/p>\n<p class=\"x_MsoNormal\"><i>Mir kam die Idee, einen Computer mit augengesteuertem Sprachprogramm auszuleihen\u2026 doch es war zu sp\u00e4t, da er wieder in jenes Koma gefallen war, aus dem er nie wieder erwachte.<\/i><\/p>\n<p class=\"x_MsoNormal\"><i>Dieses Leid wird nie vor\u00fcbergehen. Dennoch k\u00f6nnte es zumindest gelindert werden, wenn ich die Gewissheit h\u00e4tte, dass nie wieder eine Familie oder ein Patient eine solche Erfahrung in einem Krankenhaus erleben muss.<\/i><\/p>\n<p class=\"x_MsoNormal\"><i>Aus diesem Grund habe ich vorgeschlagen, mit dem Erl\u00f6s der Sammelaktion den Computer mit augengesteuertem Sprachprogramm Tobii dem Krankenhaus H\u00f4pital de la Croix Rousse in Lyon zu schenken.<\/i><\/p>\n<p class=\"x_MsoNormal\"><i>Der restliche Betrag wird einem Projekt zukommen, welches Nicolas am Herzen lag: ein Rugbyturnier f\u00fcr Rollstuhlfahrer organisieren; das \u201eAIN-VICTUS\u201c<\/i><\/p>\n<p class=\"x_MsoNormal\"><i>Einsatz, St\u00e4rke, Respekt, Teamgeist und Mut sind die Werte, die Rugby kennzeichnen und mein Sohn stand f\u00fcr sie ein mit ganzem Herzen!!<\/i><\/p>\n<p class=\"x_MsoNormal\"><i>Vor allem waren dies jedoch die Werte eines wunderbaren, gro\u00dfz\u00fcgigen und so sch\u00f6nen Menschen.<\/i><\/p>\n<p class=\"x_MsoNormal\"><i>Dieser Vorschlag begeistert die ganze Familie sowie die engsten Freunde von Nicolas. Ich hoffe, dass ihr diese Begeisterung teilt und DANKE euch nochmals von ganzem Herzen.<\/i><\/p>\n<p class=\"x_MsoNormal\"><i>Viele von euch m\u00f6chten uns ihre Unterst\u00fctzung bekunden und darum bitte ich diejenigen, die noch keine Blumen geschickt haben und es gerne tun m\u00f6chten, eher an die Sammelaktion zu denken, an die Patienten zu denken, die aus ihrem Gef\u00e4ngnis der Unverst\u00e4ndlichkeit entkommen k\u00f6nnten und an das \u201eAIN-VICTUS\u201c Turnier.<\/i><\/p>\n<p class=\"x_MsoNormal\"><i>Nadine Brialmont<\/i><\/p>\n<p class=\"x_MsoNormal\"><i>Mama von Nicolas<\/i><\/p>\n<p class=\"x_MsoNormal\">Nachdem die Mitteilung gepostet wurde, sind die Spendengelder nur so geflossen und der Anfangsbetrag der Sammelaktion wurde verdoppelt! Somit konnten wir dem Krankenhaus \u201eL\u2019h\u00f4pital de la Croix Rousse\u201c in Lyon sehr schnell den Tobii schenken. Dieser Apparat erm\u00f6glicht es nur mit den Augen zu kommunizieren, ohne blinzeln zu m\u00fcssen. Au\u00dferdem verf\u00fcgt das Ger\u00e4t \u00fcber mehr als 30 Sprachen.<\/p>\n<p class=\"x_MsoNormal\"><a href=\"https:\/\/fondation-nicolasgigot.org\/wp-content\/uploads\/2021\/06\/thumbnail_image002.jpeg\"><img fetchpriority=\"high\" decoding=\"async\" class=\" wp-image-1873 aligncenter\" src=\"https:\/\/fondation-nicolasgigot.org\/wp-content\/uploads\/2021\/06\/thumbnail_image002-300x169.jpeg\" alt=\"\" width=\"421\" height=\"237\" srcset=\"https:\/\/fondation-nicolasgigot.org\/wp-content\/uploads\/2021\/06\/thumbnail_image002-300x169.jpeg 300w, https:\/\/fondation-nicolasgigot.org\/wp-content\/uploads\/2021\/06\/thumbnail_image002.jpeg 437w\" sizes=\"(max-width: 421px) 100vw, 421px\" \/><\/a><\/p>\n<p class=\"x_MsoNormal\">Dieses Ger\u00e4t im Wert von +- <sup>15000 \u20ac<\/sup> ist eines der wenigen, die in den Reanimationszentren akzeptiert werden.<\/p>\n<p class=\"x_MsoNormal\">Aufgrund der sanit\u00e4ren Lage, wir sprechen hier nat\u00fcrlich von COVID, kam das Ger\u00e4t genau zum richtigen Zeitpunkt an! Dies zu unserer gro\u00dfen Zufriedenheit!<\/p>\n<p class=\"x_MsoNormal\">Zus\u00e4tzlich haben wir dank der Spenden Herrn Angelo Hernandez, querschnittsgel\u00e4hmt nach einem Motorradunfall, einen angepassten Rollstuhl schenken k\u00f6nnen. Siehe Fotos hiernach<\/p>\n<p class=\"x_MsoNormal\">Nicolas hat sich vollkommen f\u00fcr die Organisation des Siebener und F\u00fcnfer Rugbyturniers \u201eAinvictus Rugby Tour\u201c eingebracht, unterst\u00fctzt von Ainteam Rugby Sevens, welches im Juni 2020 stattfinden sollte und deren Gewinn der Finanzierung eines Rollstuhls dienen sollte.<\/p>\n<p class=\"x_MsoNormal\" align=\"center\"><a href=\"https:\/\/fondation-nicolasgigot.org\/wp-content\/uploads\/2021\/06\/thumbnail_image010.jpeg\"><img decoding=\"async\" class=\" wp-image-1874 aligncenter\" src=\"https:\/\/fondation-nicolasgigot.org\/wp-content\/uploads\/2021\/06\/thumbnail_image010-300x225.jpeg\" alt=\"\" width=\"449\" height=\"337\" srcset=\"https:\/\/fondation-nicolasgigot.org\/wp-content\/uploads\/2021\/06\/thumbnail_image010-300x225.jpeg 300w, https:\/\/fondation-nicolasgigot.org\/wp-content\/uploads\/2021\/06\/thumbnail_image010.jpeg 452w\" sizes=\"(max-width: 449px) 100vw, 449px\" \/><\/a><\/p>\n<p class=\"x_MsoNormal\" align=\"center\"><a href=\"https:\/\/fondation-nicolasgigot.org\/wp-content\/uploads\/2021\/06\/thumbnail_image011.jpeg\"><img decoding=\"async\" class=\" wp-image-1875 aligncenter\" src=\"https:\/\/fondation-nicolasgigot.org\/wp-content\/uploads\/2021\/06\/thumbnail_image011-300x225.jpeg\" alt=\"\" width=\"440\" height=\"330\" srcset=\"https:\/\/fondation-nicolasgigot.org\/wp-content\/uploads\/2021\/06\/thumbnail_image011-300x225.jpeg 300w, https:\/\/fondation-nicolasgigot.org\/wp-content\/uploads\/2021\/06\/thumbnail_image011.jpeg 474w\" sizes=\"(max-width: 440px) 100vw, 440px\" \/><\/a><a href=\"https:\/\/fondation-nicolasgigot.org\/wp-content\/uploads\/2021\/06\/thumbnail_image002.jpeg\">\n<\/a><a href=\"https:\/\/fondation-nicolasgigot.org\/wp-content\/uploads\/2021\/06\/Capture-de\u0301cran-2021-06-02-a\u0300-19.19.10.jpg\"><img loading=\"lazy\" decoding=\"async\" class=\"alignnone wp-image-1877\" src=\"https:\/\/fondation-nicolasgigot.org\/wp-content\/uploads\/2021\/06\/Capture-de\u0301cran-2021-06-02-a\u0300-19.19.10.jpg\" alt=\"\" width=\"514\" height=\"648\" srcset=\"https:\/\/fondation-nicolasgigot.org\/wp-content\/uploads\/2021\/06\/Capture-de\u0301cran-2021-06-02-a\u0300-19.19.10.jpg 1136w, https:\/\/fondation-nicolasgigot.org\/wp-content\/uploads\/2021\/06\/Capture-de\u0301cran-2021-06-02-a\u0300-19.19.10-238x300.jpg 238w, https:\/\/fondation-nicolasgigot.org\/wp-content\/uploads\/2021\/06\/Capture-de\u0301cran-2021-06-02-a\u0300-19.19.10-813x1024.jpg 813w, https:\/\/fondation-nicolasgigot.org\/wp-content\/uploads\/2021\/06\/Capture-de\u0301cran-2021-06-02-a\u0300-19.19.10-768x967.jpg 768w\" sizes=\"(max-width: 514px) 100vw, 514px\" \/><\/a><i> <\/i><\/p>\n<p class=\"x_MsoNormal\" style=\"text-align: center;\"><b>Aber das ist nur der Anfang&#8230;<\/b><\/p>\t\t\t\t\t\t\t\t<\/div>\n\t\t\t\t<\/div>\n\t\t\t\t\t<\/div>\n\t\t<\/div>\n\t\t\t\t\t<\/div>\n\t\t<\/section>\n\t\t\t\t<\/div>\n\t\t","protected":false},"excerpt":{"rendered":"<p>Drei Tage nach Nicolas Gigots Tod hat seine Mutter vorgeschlagen, die Stiftung Nicolas Gigot zu gr\u00fcnden. Auf der Facebook Seite \u201eTous ensemble dans la m\u00eal\u00e9e avec Nicolas \u00bb schreibt Nadine, die Mutter von Nicolas am 21 Juli 2020: Guten Tag, ich bin die Mutter von Nicolas und ich erlaube mir, zum ersten Mal auf dieser [&hellip;]<\/p>\n","protected":false},"author":3,"featured_media":2109,"comment_status":"open","ping_status":"open","sticky":false,"template":"","format":"standard","meta":{"_acf_changed":false,"give_campaign_id":0,"footnotes":""},"categories":[55],"tags":[],"class_list":["post-3492","post","type-post","status-publish","format-standard","has-post-thumbnail","hentry","category-die-verwirklichungen"],"acf":[],"yoast_head":"<!-- This site is optimized with the Yoast SEO plugin v25.1 - https:\/\/yoast.com\/wordpress\/plugins\/seo\/ -->\n<title>Drei Tage nach Nicolas Gigots Tod hat seine Mutter vorgeschlagen, die Stiftung Nicolas Gigot zu gr\u00fcnden. - Fondation Nicolas Gigot<\/title>\n<meta name=\"robots\" content=\"index, follow, max-snippet:-1, max-image-preview:large, max-video-preview:-1\" \/>\n<link rel=\"canonical\" href=\"https:\/\/fondation-nicolasgigot.org\/de\/drei-tage-nach-nicolas-gigots-tod-hat-seine-mutter-vorgeschlagen-die-stiftung-nicolas-gigot-zu-gruenden\/\" \/>\n<meta property=\"og:locale\" content=\"de_DE\" \/>\n<meta property=\"og:type\" content=\"article\" \/>\n<meta property=\"og:title\" content=\"Drei Tage nach Nicolas Gigots Tod hat seine Mutter vorgeschlagen, die Stiftung Nicolas Gigot zu gr\u00fcnden. - Fondation Nicolas Gigot\" \/>\n<meta property=\"og:description\" content=\"Drei Tage nach Nicolas Gigots Tod hat seine Mutter vorgeschlagen, die Stiftung Nicolas Gigot zu gr\u00fcnden. Auf der Facebook Seite \u201eTous ensemble dans la m\u00eal\u00e9e avec Nicolas \u00bb schreibt Nadine, die Mutter von Nicolas am 21 Juli 2020: Guten Tag, ich bin die Mutter von Nicolas und ich erlaube mir, zum ersten Mal auf dieser [&hellip;]\" \/>\n<meta property=\"og:url\" content=\"https:\/\/fondation-nicolasgigot.org\/de\/drei-tage-nach-nicolas-gigots-tod-hat-seine-mutter-vorgeschlagen-die-stiftung-nicolas-gigot-zu-gruenden\/\" \/>\n<meta property=\"og:site_name\" content=\"Fondation Nicolas Gigot\" \/>\n<meta property=\"article:published_time\" content=\"2021-06-02T17:09:42+00:00\" \/>\n<meta property=\"article:modified_time\" content=\"2024-09-30T13:47:01+00:00\" \/>\n<meta property=\"og:image\" content=\"https:\/\/fondation-nicolasgigot.org\/wp-content\/uploads\/2021\/06\/4c0d8041-3e94-4e65-a915-16706f55ea71.jpg\" \/>\n\t<meta property=\"og:image:width\" content=\"474\" \/>\n\t<meta property=\"og:image:height\" content=\"356\" \/>\n\t<meta property=\"og:image:type\" content=\"image\/jpeg\" \/>\n<meta name=\"author\" content=\"Nadine Brialmont\" \/>\n<meta name=\"twitter:card\" content=\"summary_large_image\" \/>\n<meta name=\"twitter:label1\" content=\"Verfasst von\" \/>\n\t<meta name=\"twitter:data1\" content=\"Nadine Brialmont\" \/>\n\t<meta name=\"twitter:label2\" content=\"Gesch\u00e4tzte Lesezeit\" \/>\n\t<meta name=\"twitter:data2\" content=\"4\u00a0Minuten\" \/>\n<script type=\"application\/ld+json\" class=\"yoast-schema-graph\">{\"@context\":\"https:\/\/schema.org\",\"@graph\":[{\"@type\":\"Article\",\"@id\":\"https:\/\/fondation-nicolasgigot.org\/de\/drei-tage-nach-nicolas-gigots-tod-hat-seine-mutter-vorgeschlagen-die-stiftung-nicolas-gigot-zu-gruenden\/#article\",\"isPartOf\":{\"@id\":\"https:\/\/fondation-nicolasgigot.org\/de\/drei-tage-nach-nicolas-gigots-tod-hat-seine-mutter-vorgeschlagen-die-stiftung-nicolas-gigot-zu-gruenden\/\"},\"author\":{\"name\":\"Nadine Brialmont\",\"@id\":\"https:\/\/fondation-nicolasgigot.org\/de\/#\/schema\/person\/23187954cf45667f841bfe39191cb5dc\"},\"headline\":\"Drei Tage nach Nicolas Gigots Tod hat seine Mutter vorgeschlagen, die Stiftung Nicolas Gigot zu gr\u00fcnden.\",\"datePublished\":\"2021-06-02T17:09:42+00:00\",\"dateModified\":\"2024-09-30T13:47:01+00:00\",\"mainEntityOfPage\":{\"@id\":\"https:\/\/fondation-nicolasgigot.org\/de\/drei-tage-nach-nicolas-gigots-tod-hat-seine-mutter-vorgeschlagen-die-stiftung-nicolas-gigot-zu-gruenden\/\"},\"wordCount\":676,\"commentCount\":0,\"publisher\":{\"@id\":\"https:\/\/fondation-nicolasgigot.org\/de\/#organization\"},\"image\":{\"@id\":\"https:\/\/fondation-nicolasgigot.org\/de\/drei-tage-nach-nicolas-gigots-tod-hat-seine-mutter-vorgeschlagen-die-stiftung-nicolas-gigot-zu-gruenden\/#primaryimage\"},\"thumbnailUrl\":\"https:\/\/fondation-nicolasgigot.org\/wp-content\/uploads\/2021\/06\/4c0d8041-3e94-4e65-a915-16706f55ea71.jpg\",\"articleSection\":[\"Die Verwirklichungen\"],\"inLanguage\":\"de\",\"potentialAction\":[{\"@type\":\"CommentAction\",\"name\":\"Comment\",\"target\":[\"https:\/\/fondation-nicolasgigot.org\/de\/drei-tage-nach-nicolas-gigots-tod-hat-seine-mutter-vorgeschlagen-die-stiftung-nicolas-gigot-zu-gruenden\/#respond\"]}]},{\"@type\":\"WebPage\",\"@id\":\"https:\/\/fondation-nicolasgigot.org\/de\/drei-tage-nach-nicolas-gigots-tod-hat-seine-mutter-vorgeschlagen-die-stiftung-nicolas-gigot-zu-gruenden\/\",\"url\":\"https:\/\/fondation-nicolasgigot.org\/de\/drei-tage-nach-nicolas-gigots-tod-hat-seine-mutter-vorgeschlagen-die-stiftung-nicolas-gigot-zu-gruenden\/\",\"name\":\"Drei Tage nach Nicolas Gigots Tod hat seine Mutter vorgeschlagen, die Stiftung Nicolas Gigot zu gr\u00fcnden. - Fondation Nicolas Gigot\",\"isPartOf\":{\"@id\":\"https:\/\/fondation-nicolasgigot.org\/de\/#website\"},\"primaryImageOfPage\":{\"@id\":\"https:\/\/fondation-nicolasgigot.org\/de\/drei-tage-nach-nicolas-gigots-tod-hat-seine-mutter-vorgeschlagen-die-stiftung-nicolas-gigot-zu-gruenden\/#primaryimage\"},\"image\":{\"@id\":\"https:\/\/fondation-nicolasgigot.org\/de\/drei-tage-nach-nicolas-gigots-tod-hat-seine-mutter-vorgeschlagen-die-stiftung-nicolas-gigot-zu-gruenden\/#primaryimage\"},\"thumbnailUrl\":\"https:\/\/fondation-nicolasgigot.org\/wp-content\/uploads\/2021\/06\/4c0d8041-3e94-4e65-a915-16706f55ea71.jpg\",\"datePublished\":\"2021-06-02T17:09:42+00:00\",\"dateModified\":\"2024-09-30T13:47:01+00:00\",\"breadcrumb\":{\"@id\":\"https:\/\/fondation-nicolasgigot.org\/de\/drei-tage-nach-nicolas-gigots-tod-hat-seine-mutter-vorgeschlagen-die-stiftung-nicolas-gigot-zu-gruenden\/#breadcrumb\"},\"inLanguage\":\"de\",\"potentialAction\":[{\"@type\":\"ReadAction\",\"target\":[\"https:\/\/fondation-nicolasgigot.org\/de\/drei-tage-nach-nicolas-gigots-tod-hat-seine-mutter-vorgeschlagen-die-stiftung-nicolas-gigot-zu-gruenden\/\"]}]},{\"@type\":\"ImageObject\",\"inLanguage\":\"de\",\"@id\":\"https:\/\/fondation-nicolasgigot.org\/de\/drei-tage-nach-nicolas-gigots-tod-hat-seine-mutter-vorgeschlagen-die-stiftung-nicolas-gigot-zu-gruenden\/#primaryimage\",\"url\":\"https:\/\/fondation-nicolasgigot.org\/wp-content\/uploads\/2021\/06\/4c0d8041-3e94-4e65-a915-16706f55ea71.jpg\",\"contentUrl\":\"https:\/\/fondation-nicolasgigot.org\/wp-content\/uploads\/2021\/06\/4c0d8041-3e94-4e65-a915-16706f55ea71.jpg\",\"width\":474,\"height\":356},{\"@type\":\"BreadcrumbList\",\"@id\":\"https:\/\/fondation-nicolasgigot.org\/de\/drei-tage-nach-nicolas-gigots-tod-hat-seine-mutter-vorgeschlagen-die-stiftung-nicolas-gigot-zu-gruenden\/#breadcrumb\",\"itemListElement\":[{\"@type\":\"ListItem\",\"position\":1,\"name\":\"Accueil\",\"item\":\"https:\/\/fondation-nicolasgigot.org\/de\/\"},{\"@type\":\"ListItem\",\"position\":2,\"name\":\"Drei Tage nach Nicolas Gigots Tod hat seine Mutter vorgeschlagen, die Stiftung Nicolas Gigot zu gr\u00fcnden.\"}]},{\"@type\":\"WebSite\",\"@id\":\"https:\/\/fondation-nicolasgigot.org\/de\/#website\",\"url\":\"https:\/\/fondation-nicolasgigot.org\/de\/\",\"name\":\"Fondation Nicolas Gigot\",\"description\":\"\",\"publisher\":{\"@id\":\"https:\/\/fondation-nicolasgigot.org\/de\/#organization\"},\"potentialAction\":[{\"@type\":\"SearchAction\",\"target\":{\"@type\":\"EntryPoint\",\"urlTemplate\":\"https:\/\/fondation-nicolasgigot.org\/de\/?s={search_term_string}\"},\"query-input\":{\"@type\":\"PropertyValueSpecification\",\"valueRequired\":true,\"valueName\":\"search_term_string\"}}],\"inLanguage\":\"de\"},{\"@type\":\"Organization\",\"@id\":\"https:\/\/fondation-nicolasgigot.org\/de\/#organization\",\"name\":\"Fondation Nicolas Gigot\",\"url\":\"https:\/\/fondation-nicolasgigot.org\/de\/\",\"logo\":{\"@type\":\"ImageObject\",\"inLanguage\":\"de\",\"@id\":\"https:\/\/fondation-nicolasgigot.org\/de\/#\/schema\/logo\/image\/\",\"url\":\"https:\/\/fondation-nicolasgigot.org\/wp-content\/uploads\/2021\/04\/Groupe-32.svg\",\"contentUrl\":\"https:\/\/fondation-nicolasgigot.org\/wp-content\/uploads\/2021\/04\/Groupe-32.svg\",\"width\":1,\"height\":1,\"caption\":\"Fondation Nicolas Gigot\"},\"image\":{\"@id\":\"https:\/\/fondation-nicolasgigot.org\/de\/#\/schema\/logo\/image\/\"}},{\"@type\":\"Person\",\"@id\":\"https:\/\/fondation-nicolasgigot.org\/de\/#\/schema\/person\/23187954cf45667f841bfe39191cb5dc\",\"name\":\"Nadine Brialmont\",\"image\":{\"@type\":\"ImageObject\",\"inLanguage\":\"de\",\"@id\":\"https:\/\/fondation-nicolasgigot.org\/de\/#\/schema\/person\/image\/\",\"url\":\"https:\/\/secure.gravatar.com\/avatar\/24ce526bffd627f6778a52a887345ce97be474d8ea3cd54518e0950c6d61d38c?s=96&d=mm&r=g\",\"contentUrl\":\"https:\/\/secure.gravatar.com\/avatar\/24ce526bffd627f6778a52a887345ce97be474d8ea3cd54518e0950c6d61d38c?s=96&d=mm&r=g\",\"caption\":\"Nadine Brialmont\"},\"sameAs\":[\"https:\/\/fondation-nicolasgigot.org\/\"]}]}<\/script>\n<!-- \/ Yoast SEO plugin. -->","yoast_head_json":{"title":"Drei Tage nach Nicolas Gigots Tod hat seine Mutter vorgeschlagen, die Stiftung Nicolas Gigot zu gr\u00fcnden. - Fondation Nicolas Gigot","robots":{"index":"index","follow":"follow","max-snippet":"max-snippet:-1","max-image-preview":"max-image-preview:large","max-video-preview":"max-video-preview:-1"},"canonical":"https:\/\/fondation-nicolasgigot.org\/de\/drei-tage-nach-nicolas-gigots-tod-hat-seine-mutter-vorgeschlagen-die-stiftung-nicolas-gigot-zu-gruenden\/","og_locale":"de_DE","og_type":"article","og_title":"Drei Tage nach Nicolas Gigots Tod hat seine Mutter vorgeschlagen, die Stiftung Nicolas Gigot zu gr\u00fcnden. - Fondation Nicolas Gigot","og_description":"Drei Tage nach Nicolas Gigots Tod hat seine Mutter vorgeschlagen, die Stiftung Nicolas Gigot zu gr\u00fcnden. Auf der Facebook Seite \u201eTous ensemble dans la m\u00eal\u00e9e avec Nicolas \u00bb schreibt Nadine, die Mutter von Nicolas am 21 Juli 2020: Guten Tag, ich bin die Mutter von Nicolas und ich erlaube mir, zum ersten Mal auf dieser [&hellip;]","og_url":"https:\/\/fondation-nicolasgigot.org\/de\/drei-tage-nach-nicolas-gigots-tod-hat-seine-mutter-vorgeschlagen-die-stiftung-nicolas-gigot-zu-gruenden\/","og_site_name":"Fondation Nicolas Gigot","article_published_time":"2021-06-02T17:09:42+00:00","article_modified_time":"2024-09-30T13:47:01+00:00","og_image":[{"width":474,"height":356,"url":"https:\/\/fondation-nicolasgigot.org\/wp-content\/uploads\/2021\/06\/4c0d8041-3e94-4e65-a915-16706f55ea71.jpg","type":"image\/jpeg"}],"author":"Nadine Brialmont","twitter_card":"summary_large_image","twitter_misc":{"Verfasst von":"Nadine Brialmont","Gesch\u00e4tzte Lesezeit":"4\u00a0Minuten"},"schema":{"@context":"https:\/\/schema.org","@graph":[{"@type":"Article","@id":"https:\/\/fondation-nicolasgigot.org\/de\/drei-tage-nach-nicolas-gigots-tod-hat-seine-mutter-vorgeschlagen-die-stiftung-nicolas-gigot-zu-gruenden\/#article","isPartOf":{"@id":"https:\/\/fondation-nicolasgigot.org\/de\/drei-tage-nach-nicolas-gigots-tod-hat-seine-mutter-vorgeschlagen-die-stiftung-nicolas-gigot-zu-gruenden\/"},"author":{"name":"Nadine Brialmont","@id":"https:\/\/fondation-nicolasgigot.org\/de\/#\/schema\/person\/23187954cf45667f841bfe39191cb5dc"},"headline":"Drei Tage nach Nicolas Gigots Tod hat seine Mutter vorgeschlagen, die Stiftung Nicolas Gigot zu gr\u00fcnden.","datePublished":"2021-06-02T17:09:42+00:00","dateModified":"2024-09-30T13:47:01+00:00","mainEntityOfPage":{"@id":"https:\/\/fondation-nicolasgigot.org\/de\/drei-tage-nach-nicolas-gigots-tod-hat-seine-mutter-vorgeschlagen-die-stiftung-nicolas-gigot-zu-gruenden\/"},"wordCount":676,"commentCount":0,"publisher":{"@id":"https:\/\/fondation-nicolasgigot.org\/de\/#organization"},"image":{"@id":"https:\/\/fondation-nicolasgigot.org\/de\/drei-tage-nach-nicolas-gigots-tod-hat-seine-mutter-vorgeschlagen-die-stiftung-nicolas-gigot-zu-gruenden\/#primaryimage"},"thumbnailUrl":"https:\/\/fondation-nicolasgigot.org\/wp-content\/uploads\/2021\/06\/4c0d8041-3e94-4e65-a915-16706f55ea71.jpg","articleSection":["Die Verwirklichungen"],"inLanguage":"de","potentialAction":[{"@type":"CommentAction","name":"Comment","target":["https:\/\/fondation-nicolasgigot.org\/de\/drei-tage-nach-nicolas-gigots-tod-hat-seine-mutter-vorgeschlagen-die-stiftung-nicolas-gigot-zu-gruenden\/#respond"]}]},{"@type":"WebPage","@id":"https:\/\/fondation-nicolasgigot.org\/de\/drei-tage-nach-nicolas-gigots-tod-hat-seine-mutter-vorgeschlagen-die-stiftung-nicolas-gigot-zu-gruenden\/","url":"https:\/\/fondation-nicolasgigot.org\/de\/drei-tage-nach-nicolas-gigots-tod-hat-seine-mutter-vorgeschlagen-die-stiftung-nicolas-gigot-zu-gruenden\/","name":"Drei Tage nach Nicolas Gigots Tod hat seine Mutter vorgeschlagen, die Stiftung Nicolas Gigot zu gr\u00fcnden. - Fondation Nicolas Gigot","isPartOf":{"@id":"https:\/\/fondation-nicolasgigot.org\/de\/#website"},"primaryImageOfPage":{"@id":"https:\/\/fondation-nicolasgigot.org\/de\/drei-tage-nach-nicolas-gigots-tod-hat-seine-mutter-vorgeschlagen-die-stiftung-nicolas-gigot-zu-gruenden\/#primaryimage"},"image":{"@id":"https:\/\/fondation-nicolasgigot.org\/de\/drei-tage-nach-nicolas-gigots-tod-hat-seine-mutter-vorgeschlagen-die-stiftung-nicolas-gigot-zu-gruenden\/#primaryimage"},"thumbnailUrl":"https:\/\/fondation-nicolasgigot.org\/wp-content\/uploads\/2021\/06\/4c0d8041-3e94-4e65-a915-16706f55ea71.jpg","datePublished":"2021-06-02T17:09:42+00:00","dateModified":"2024-09-30T13:47:01+00:00","breadcrumb":{"@id":"https:\/\/fondation-nicolasgigot.org\/de\/drei-tage-nach-nicolas-gigots-tod-hat-seine-mutter-vorgeschlagen-die-stiftung-nicolas-gigot-zu-gruenden\/#breadcrumb"},"inLanguage":"de","potentialAction":[{"@type":"ReadAction","target":["https:\/\/fondation-nicolasgigot.org\/de\/drei-tage-nach-nicolas-gigots-tod-hat-seine-mutter-vorgeschlagen-die-stiftung-nicolas-gigot-zu-gruenden\/"]}]},{"@type":"ImageObject","inLanguage":"de","@id":"https:\/\/fondation-nicolasgigot.org\/de\/drei-tage-nach-nicolas-gigots-tod-hat-seine-mutter-vorgeschlagen-die-stiftung-nicolas-gigot-zu-gruenden\/#primaryimage","url":"https:\/\/fondation-nicolasgigot.org\/wp-content\/uploads\/2021\/06\/4c0d8041-3e94-4e65-a915-16706f55ea71.jpg","contentUrl":"https:\/\/fondation-nicolasgigot.org\/wp-content\/uploads\/2021\/06\/4c0d8041-3e94-4e65-a915-16706f55ea71.jpg","width":474,"height":356},{"@type":"BreadcrumbList","@id":"https:\/\/fondation-nicolasgigot.org\/de\/drei-tage-nach-nicolas-gigots-tod-hat-seine-mutter-vorgeschlagen-die-stiftung-nicolas-gigot-zu-gruenden\/#breadcrumb","itemListElement":[{"@type":"ListItem","position":1,"name":"Accueil","item":"https:\/\/fondation-nicolasgigot.org\/de\/"},{"@type":"ListItem","position":2,"name":"Drei Tage nach Nicolas Gigots Tod hat seine Mutter vorgeschlagen, die Stiftung Nicolas Gigot zu gr\u00fcnden."}]},{"@type":"WebSite","@id":"https:\/\/fondation-nicolasgigot.org\/de\/#website","url":"https:\/\/fondation-nicolasgigot.org\/de\/","name":"Fondation Nicolas Gigot","description":"","publisher":{"@id":"https:\/\/fondation-nicolasgigot.org\/de\/#organization"},"potentialAction":[{"@type":"SearchAction","target":{"@type":"EntryPoint","urlTemplate":"https:\/\/fondation-nicolasgigot.org\/de\/?s={search_term_string}"},"query-input":{"@type":"PropertyValueSpecification","valueRequired":true,"valueName":"search_term_string"}}],"inLanguage":"de"},{"@type":"Organization","@id":"https:\/\/fondation-nicolasgigot.org\/de\/#organization","name":"Fondation Nicolas Gigot","url":"https:\/\/fondation-nicolasgigot.org\/de\/","logo":{"@type":"ImageObject","inLanguage":"de","@id":"https:\/\/fondation-nicolasgigot.org\/de\/#\/schema\/logo\/image\/","url":"https:\/\/fondation-nicolasgigot.org\/wp-content\/uploads\/2021\/04\/Groupe-32.svg","contentUrl":"https:\/\/fondation-nicolasgigot.org\/wp-content\/uploads\/2021\/04\/Groupe-32.svg","width":1,"height":1,"caption":"Fondation Nicolas Gigot"},"image":{"@id":"https:\/\/fondation-nicolasgigot.org\/de\/#\/schema\/logo\/image\/"}},{"@type":"Person","@id":"https:\/\/fondation-nicolasgigot.org\/de\/#\/schema\/person\/23187954cf45667f841bfe39191cb5dc","name":"Nadine Brialmont","image":{"@type":"ImageObject","inLanguage":"de","@id":"https:\/\/fondation-nicolasgigot.org\/de\/#\/schema\/person\/image\/","url":"https:\/\/secure.gravatar.com\/avatar\/24ce526bffd627f6778a52a887345ce97be474d8ea3cd54518e0950c6d61d38c?s=96&d=mm&r=g","contentUrl":"https:\/\/secure.gravatar.com\/avatar\/24ce526bffd627f6778a52a887345ce97be474d8ea3cd54518e0950c6d61d38c?s=96&d=mm&r=g","caption":"Nadine Brialmont"},"sameAs":["https:\/\/fondation-nicolasgigot.org\/"]}]}},"_links":{"self":[{"href":"https:\/\/fondation-nicolasgigot.org\/de\/wp-json\/wp\/v2\/posts\/3492","targetHints":{"allow":["GET"]}}],"collection":[{"href":"https:\/\/fondation-nicolasgigot.org\/de\/wp-json\/wp\/v2\/posts"}],"about":[{"href":"https:\/\/fondation-nicolasgigot.org\/de\/wp-json\/wp\/v2\/types\/post"}],"author":[{"embeddable":true,"href":"https:\/\/fondation-nicolasgigot.org\/de\/wp-json\/wp\/v2\/users\/3"}],"replies":[{"embeddable":true,"href":"https:\/\/fondation-nicolasgigot.org\/de\/wp-json\/wp\/v2\/comments?post=3492"}],"version-history":[{"count":13,"href":"https:\/\/fondation-nicolasgigot.org\/de\/wp-json\/wp\/v2\/posts\/3492\/revisions"}],"predecessor-version":[{"id":5764,"href":"https:\/\/fondation-nicolasgigot.org\/de\/wp-json\/wp\/v2\/posts\/3492\/revisions\/5764"}],"wp:featuredmedia":[{"embeddable":true,"href":"https:\/\/fondation-nicolasgigot.org\/de\/wp-json\/wp\/v2\/media\/2109"}],"wp:attachment":[{"href":"https:\/\/fondation-nicolasgigot.org\/de\/wp-json\/wp\/v2\/media?parent=3492"}],"wp:term":[{"taxonomy":"category","embeddable":true,"href":"https:\/\/fondation-nicolasgigot.org\/de\/wp-json\/wp\/v2\/categories?post=3492"},{"taxonomy":"post_tag","embeddable":true,"href":"https:\/\/fondation-nicolasgigot.org\/de\/wp-json\/wp\/v2\/tags?post=3492"}],"curies":[{"name":"wp","href":"https:\/\/api.w.org\/{rel}","templated":true}]}}