{"id":5299,"date":"2024-03-13T10:48:33","date_gmt":"2024-03-13T09:48:33","guid":{"rendered":"https:\/\/fondation-nicolasgigot.org\/lille-und-ruf-fuer-handisport\/"},"modified":"2024-06-07T00:28:19","modified_gmt":"2024-06-06T22:28:19","slug":"lille-und-ruf-fuer-handisport","status":"publish","type":"post","link":"https:\/\/fondation-nicolasgigot.org\/de\/lille-und-ruf-fuer-handisport\/","title":{"rendered":"LILLE UND RUF F\u00dcR HANDISPORT"},"content":{"rendered":"\t\t<div data-elementor-type=\"wp-post\" data-elementor-id=\"5299\" class=\"elementor elementor-5299 elementor-5170\" data-elementor-post-type=\"post\">\n\t\t\t\t\t\t<section class=\"elementor-section elementor-top-section elementor-element elementor-element-dafeafe elementor-section-boxed elementor-section-height-default elementor-section-height-default\" data-id=\"dafeafe\" data-element_type=\"section\">\n\t\t\t\t\t\t<div class=\"elementor-container elementor-column-gap-default\">\n\t\t\t\t\t<div class=\"elementor-column elementor-col-50 elementor-top-column elementor-element elementor-element-65ca584\" data-id=\"65ca584\" data-element_type=\"column\">\n\t\t\t<div class=\"elementor-widget-wrap elementor-element-populated\">\n\t\t\t\t\t\t<div class=\"elementor-element elementor-element-559ecaf elementor-widget elementor-widget-image\" data-id=\"559ecaf\" data-element_type=\"widget\" data-widget_type=\"image.default\">\n\t\t\t\t<div class=\"elementor-widget-container\">\n\t\t\t\t\t\t\t\t\t\t\t\t\t\t\t<img fetchpriority=\"high\" decoding=\"async\" width=\"800\" height=\"999\" src=\"https:\/\/fondation-nicolasgigot.org\/wp-content\/uploads\/2024\/03\/IMG-20240126-WA0032-820x1024.jpg\" class=\"attachment-large size-large wp-image-5147\" alt=\"\" srcset=\"https:\/\/fondation-nicolasgigot.org\/wp-content\/uploads\/2024\/03\/IMG-20240126-WA0032-820x1024.jpg 820w, https:\/\/fondation-nicolasgigot.org\/wp-content\/uploads\/2024\/03\/IMG-20240126-WA0032-240x300.jpg 240w, https:\/\/fondation-nicolasgigot.org\/wp-content\/uploads\/2024\/03\/IMG-20240126-WA0032-768x959.jpg 768w, https:\/\/fondation-nicolasgigot.org\/wp-content\/uploads\/2024\/03\/IMG-20240126-WA0032-1231x1536.jpg 1231w, https:\/\/fondation-nicolasgigot.org\/wp-content\/uploads\/2024\/03\/IMG-20240126-WA0032.jpg 1282w\" sizes=\"(max-width: 800px) 100vw, 800px\" \/>\t\t\t\t\t\t\t\t\t\t\t\t\t\t\t<\/div>\n\t\t\t\t<\/div>\n\t\t\t\t\t<\/div>\n\t\t<\/div>\n\t\t\t\t<div class=\"elementor-column elementor-col-50 elementor-top-column elementor-element elementor-element-6b9997a\" data-id=\"6b9997a\" data-element_type=\"column\">\n\t\t\t<div class=\"elementor-widget-wrap elementor-element-populated\">\n\t\t\t\t\t\t<div class=\"elementor-element elementor-element-c316db8 elementor-widget elementor-widget-text-editor\" data-id=\"c316db8\" data-element_type=\"widget\" data-widget_type=\"text-editor.default\">\n\t\t\t\t<div class=\"elementor-widget-container\">\n\t\t\t\t\t\t\t\t\t<p>Am 26. Januar hatte ich das Privileg, dem Roger-Salengro-Krankenhaus in Lille ein optisches Ger\u00e4t zu \u00fcbergeben. Dieser Moment war aus zwei Gr\u00fcnden von besonderer Bedeutung. Erstens, weil Dr. Anne-Fr\u00e9d\u00e9rique Dalmas, eine Spezialistin f\u00fcr Hyperthermie, dort praktiziert (sie war es, die die Verantwortlichen des Krankenhauses Croix Rousse in Lyon telefonisch anleitete, als mein Sohn dort eingeliefert wurde), und zweitens, weil ein guter Freund von Nicolas; Bruno Vliegen, genannt &#8222;Teddy&#8220;, die Ehre hatte, das Ger\u00e4t zu \u00fcbergeben. Ihre Anwesenheit verlieh der Veranstaltung eine ganz besondere Dimension. Ich m\u00f6chte ihr meinen herzlichsten Dank f\u00fcr ihre Teilnahme aussprechen.<\/p>\n<p><\/p>\n<p>Wie Sie wissen, setzt sich die Nicolas-Gigot-Stiftung f\u00fcr den Kauf von optischen Computern f\u00fcr Krankenh\u00e4user sowie f\u00fcr die materielle Unterst\u00fctzung von Behindertensportlern ein. In diesem Zusammenhang haben wir bereits zwei Handirugby-St\u00fchle gestiftet: einen f\u00fcr die Dahus d&#8217;Arbent (Frankreich)und einen f\u00fcr den Royal Club de la Hulpe an Geoffrey Dath.<\/p>\n<p>In diesem Jahr schlagen wir eine finanzielle Unterst\u00fctzung in H\u00f6he von 10.000 \u20ac f\u00fcr die Anschaffung von Ausr\u00fcstung f\u00fcr Behindertensportarten vor. Wir bitten Sie daher, sich mit uns in Verbindung zu setzen und uns Ihren Bedarf mitzuteilen, da wir einen oder mehrere Clubs (je nach H\u00f6he des ben\u00f6tigten Betrags) ausw\u00e4hlen werden, um sie bei der Anschaffung dieser Ausr\u00fcstung zu unterst\u00fctzen. Die anderen Antr\u00e4ge werden f\u00fcr zuk\u00fcnftige Operationen aufbewahrt.<\/p>\n<p>Ich freue mich auf Ihre Vorschl\u00e4ge und danke Ihnen im Voraus f\u00fcr Ihre Mitarbeit.<\/p>\n<p>Nadine Brialmont<\/p>\t\t\t\t\t\t\t\t<\/div>\n\t\t\t\t<\/div>\n\t\t\t\t\t<\/div>\n\t\t<\/div>\n\t\t\t\t\t<\/div>\n\t\t<\/section>\n\t\t\t\t<\/div>\n\t\t","protected":false},"excerpt":{"rendered":"<p>Am 26. Januar hatte ich das Privileg, dem Roger-Salengro-Krankenhaus in Lille ein optisches Ger\u00e4t zu \u00fcbergeben. Dieser Moment war aus zwei Gr\u00fcnden von besonderer Bedeutung. Erstens, weil Dr. Anne-Fr\u00e9d\u00e9rique Dalmas, eine Spezialistin f\u00fcr Hyperthermie, dort praktiziert (sie war es, die die Verantwortlichen des Krankenhauses Croix Rousse in Lyon telefonisch anleitete, als mein Sohn dort eingeliefert [&hellip;]<\/p>\n","protected":false},"author":1,"featured_media":5147,"comment_status":"open","ping_status":"open","sticky":false,"template":"","format":"standard","meta":{"_acf_changed":false,"give_campaign_id":0,"footnotes":""},"categories":[78],"tags":[],"class_list":["post-5299","post","type-post","status-publish","format-standard","has-post-thumbnail","hentry","category-nachrichten"],"acf":[],"yoast_head":"<!-- This site is optimized with the Yoast SEO plugin v25.1 - https:\/\/yoast.com\/wordpress\/plugins\/seo\/ -->\n<title>LILLE UND RUF F\u00dcR HANDISPORT - Fondation Nicolas Gigot<\/title>\n<meta name=\"robots\" content=\"index, follow, max-snippet:-1, max-image-preview:large, max-video-preview:-1\" \/>\n<link rel=\"canonical\" href=\"https:\/\/fondation-nicolasgigot.org\/de\/lille-und-ruf-fuer-handisport\/\" \/>\n<meta property=\"og:locale\" content=\"de_DE\" \/>\n<meta property=\"og:type\" content=\"article\" \/>\n<meta property=\"og:title\" content=\"LILLE UND RUF F\u00dcR HANDISPORT - Fondation Nicolas Gigot\" \/>\n<meta property=\"og:description\" content=\"Am 26. Januar hatte ich das Privileg, dem Roger-Salengro-Krankenhaus in Lille ein optisches Ger\u00e4t zu \u00fcbergeben. Dieser Moment war aus zwei Gr\u00fcnden von besonderer Bedeutung. Erstens, weil Dr. Anne-Fr\u00e9d\u00e9rique Dalmas, eine Spezialistin f\u00fcr Hyperthermie, dort praktiziert (sie war es, die die Verantwortlichen des Krankenhauses Croix Rousse in Lyon telefonisch anleitete, als mein Sohn dort eingeliefert [&hellip;]\" \/>\n<meta property=\"og:url\" content=\"https:\/\/fondation-nicolasgigot.org\/de\/lille-und-ruf-fuer-handisport\/\" \/>\n<meta property=\"og:site_name\" content=\"Fondation Nicolas Gigot\" \/>\n<meta property=\"article:published_time\" content=\"2024-03-13T09:48:33+00:00\" \/>\n<meta property=\"article:modified_time\" content=\"2024-06-06T22:28:19+00:00\" \/>\n<meta property=\"og:image\" content=\"https:\/\/fondation-nicolasgigot.org\/wp-content\/uploads\/2024\/03\/IMG-20240126-WA0032.jpg\" \/>\n\t<meta property=\"og:image:width\" content=\"1282\" \/>\n\t<meta property=\"og:image:height\" content=\"1600\" \/>\n\t<meta property=\"og:image:type\" content=\"image\/jpeg\" \/>\n<meta name=\"author\" content=\"pid\" \/>\n<meta name=\"twitter:card\" content=\"summary_large_image\" \/>\n<meta name=\"twitter:label1\" content=\"Verfasst von\" \/>\n\t<meta name=\"twitter:data1\" content=\"pid\" \/>\n\t<meta name=\"twitter:label2\" content=\"Gesch\u00e4tzte Lesezeit\" \/>\n\t<meta name=\"twitter:data2\" content=\"1\u00a0Minute\" \/>\n<script type=\"application\/ld+json\" class=\"yoast-schema-graph\">{\"@context\":\"https:\/\/schema.org\",\"@graph\":[{\"@type\":\"Article\",\"@id\":\"https:\/\/fondation-nicolasgigot.org\/de\/lille-und-ruf-fuer-handisport\/#article\",\"isPartOf\":{\"@id\":\"https:\/\/fondation-nicolasgigot.org\/de\/lille-und-ruf-fuer-handisport\/\"},\"author\":{\"name\":\"pid\",\"@id\":\"https:\/\/fondation-nicolasgigot.org\/de\/#\/schema\/person\/6aa0993efaa969fa98d6a15110a3c12e\"},\"headline\":\"LILLE UND RUF F\u00dcR HANDISPORT\",\"datePublished\":\"2024-03-13T09:48:33+00:00\",\"dateModified\":\"2024-06-06T22:28:19+00:00\",\"mainEntityOfPage\":{\"@id\":\"https:\/\/fondation-nicolasgigot.org\/de\/lille-und-ruf-fuer-handisport\/\"},\"wordCount\":262,\"commentCount\":0,\"publisher\":{\"@id\":\"https:\/\/fondation-nicolasgigot.org\/de\/#organization\"},\"image\":{\"@id\":\"https:\/\/fondation-nicolasgigot.org\/de\/lille-und-ruf-fuer-handisport\/#primaryimage\"},\"thumbnailUrl\":\"https:\/\/fondation-nicolasgigot.org\/wp-content\/uploads\/2024\/03\/IMG-20240126-WA0032.jpg\",\"articleSection\":[\"Nachrichten\"],\"inLanguage\":\"de\",\"potentialAction\":[{\"@type\":\"CommentAction\",\"name\":\"Comment\",\"target\":[\"https:\/\/fondation-nicolasgigot.org\/de\/lille-und-ruf-fuer-handisport\/#respond\"]}]},{\"@type\":\"WebPage\",\"@id\":\"https:\/\/fondation-nicolasgigot.org\/de\/lille-und-ruf-fuer-handisport\/\",\"url\":\"https:\/\/fondation-nicolasgigot.org\/de\/lille-und-ruf-fuer-handisport\/\",\"name\":\"LILLE UND RUF F\u00dcR HANDISPORT - Fondation Nicolas Gigot\",\"isPartOf\":{\"@id\":\"https:\/\/fondation-nicolasgigot.org\/de\/#website\"},\"primaryImageOfPage\":{\"@id\":\"https:\/\/fondation-nicolasgigot.org\/de\/lille-und-ruf-fuer-handisport\/#primaryimage\"},\"image\":{\"@id\":\"https:\/\/fondation-nicolasgigot.org\/de\/lille-und-ruf-fuer-handisport\/#primaryimage\"},\"thumbnailUrl\":\"https:\/\/fondation-nicolasgigot.org\/wp-content\/uploads\/2024\/03\/IMG-20240126-WA0032.jpg\",\"datePublished\":\"2024-03-13T09:48:33+00:00\",\"dateModified\":\"2024-06-06T22:28:19+00:00\",\"breadcrumb\":{\"@id\":\"https:\/\/fondation-nicolasgigot.org\/de\/lille-und-ruf-fuer-handisport\/#breadcrumb\"},\"inLanguage\":\"de\",\"potentialAction\":[{\"@type\":\"ReadAction\",\"target\":[\"https:\/\/fondation-nicolasgigot.org\/de\/lille-und-ruf-fuer-handisport\/\"]}]},{\"@type\":\"ImageObject\",\"inLanguage\":\"de\",\"@id\":\"https:\/\/fondation-nicolasgigot.org\/de\/lille-und-ruf-fuer-handisport\/#primaryimage\",\"url\":\"https:\/\/fondation-nicolasgigot.org\/wp-content\/uploads\/2024\/03\/IMG-20240126-WA0032.jpg\",\"contentUrl\":\"https:\/\/fondation-nicolasgigot.org\/wp-content\/uploads\/2024\/03\/IMG-20240126-WA0032.jpg\",\"width\":1282,\"height\":1600},{\"@type\":\"BreadcrumbList\",\"@id\":\"https:\/\/fondation-nicolasgigot.org\/de\/lille-und-ruf-fuer-handisport\/#breadcrumb\",\"itemListElement\":[{\"@type\":\"ListItem\",\"position\":1,\"name\":\"Accueil\",\"item\":\"https:\/\/fondation-nicolasgigot.org\/de\/\"},{\"@type\":\"ListItem\",\"position\":2,\"name\":\"LILLE UND RUF F\u00dcR HANDISPORT\"}]},{\"@type\":\"WebSite\",\"@id\":\"https:\/\/fondation-nicolasgigot.org\/de\/#website\",\"url\":\"https:\/\/fondation-nicolasgigot.org\/de\/\",\"name\":\"Fondation Nicolas Gigot\",\"description\":\"\",\"publisher\":{\"@id\":\"https:\/\/fondation-nicolasgigot.org\/de\/#organization\"},\"potentialAction\":[{\"@type\":\"SearchAction\",\"target\":{\"@type\":\"EntryPoint\",\"urlTemplate\":\"https:\/\/fondation-nicolasgigot.org\/de\/?s={search_term_string}\"},\"query-input\":{\"@type\":\"PropertyValueSpecification\",\"valueRequired\":true,\"valueName\":\"search_term_string\"}}],\"inLanguage\":\"de\"},{\"@type\":\"Organization\",\"@id\":\"https:\/\/fondation-nicolasgigot.org\/de\/#organization\",\"name\":\"Fondation Nicolas Gigot\",\"url\":\"https:\/\/fondation-nicolasgigot.org\/de\/\",\"logo\":{\"@type\":\"ImageObject\",\"inLanguage\":\"de\",\"@id\":\"https:\/\/fondation-nicolasgigot.org\/de\/#\/schema\/logo\/image\/\",\"url\":\"https:\/\/fondation-nicolasgigot.org\/wp-content\/uploads\/2021\/04\/Groupe-32.svg\",\"contentUrl\":\"https:\/\/fondation-nicolasgigot.org\/wp-content\/uploads\/2021\/04\/Groupe-32.svg\",\"width\":1,\"height\":1,\"caption\":\"Fondation Nicolas Gigot\"},\"image\":{\"@id\":\"https:\/\/fondation-nicolasgigot.org\/de\/#\/schema\/logo\/image\/\"}},{\"@type\":\"Person\",\"@id\":\"https:\/\/fondation-nicolasgigot.org\/de\/#\/schema\/person\/6aa0993efaa969fa98d6a15110a3c12e\",\"name\":\"pid\",\"image\":{\"@type\":\"ImageObject\",\"inLanguage\":\"de\",\"@id\":\"https:\/\/fondation-nicolasgigot.org\/de\/#\/schema\/person\/image\/\",\"url\":\"https:\/\/secure.gravatar.com\/avatar\/b11c5fd468509b88a1b55672e2b113e08d3e41a2142b3b76328dc14c79eb6a84?s=96&d=mm&r=g\",\"contentUrl\":\"https:\/\/secure.gravatar.com\/avatar\/b11c5fd468509b88a1b55672e2b113e08d3e41a2142b3b76328dc14c79eb6a84?s=96&d=mm&r=g\",\"caption\":\"pid\"},\"sameAs\":[\"https:\/\/ns332467.ip-37-187-254.eu\/~nicolasgigot\"]}]}<\/script>\n<!-- \/ Yoast SEO plugin. -->","yoast_head_json":{"title":"LILLE UND RUF F\u00dcR HANDISPORT - Fondation Nicolas Gigot","robots":{"index":"index","follow":"follow","max-snippet":"max-snippet:-1","max-image-preview":"max-image-preview:large","max-video-preview":"max-video-preview:-1"},"canonical":"https:\/\/fondation-nicolasgigot.org\/de\/lille-und-ruf-fuer-handisport\/","og_locale":"de_DE","og_type":"article","og_title":"LILLE UND RUF F\u00dcR HANDISPORT - Fondation Nicolas Gigot","og_description":"Am 26. Januar hatte ich das Privileg, dem Roger-Salengro-Krankenhaus in Lille ein optisches Ger\u00e4t zu \u00fcbergeben. Dieser Moment war aus zwei Gr\u00fcnden von besonderer Bedeutung. Erstens, weil Dr. Anne-Fr\u00e9d\u00e9rique Dalmas, eine Spezialistin f\u00fcr Hyperthermie, dort praktiziert (sie war es, die die Verantwortlichen des Krankenhauses Croix Rousse in Lyon telefonisch anleitete, als mein Sohn dort eingeliefert [&hellip;]","og_url":"https:\/\/fondation-nicolasgigot.org\/de\/lille-und-ruf-fuer-handisport\/","og_site_name":"Fondation Nicolas Gigot","article_published_time":"2024-03-13T09:48:33+00:00","article_modified_time":"2024-06-06T22:28:19+00:00","og_image":[{"width":1282,"height":1600,"url":"https:\/\/fondation-nicolasgigot.org\/wp-content\/uploads\/2024\/03\/IMG-20240126-WA0032.jpg","type":"image\/jpeg"}],"author":"pid","twitter_card":"summary_large_image","twitter_misc":{"Verfasst von":"pid","Gesch\u00e4tzte Lesezeit":"1\u00a0Minute"},"schema":{"@context":"https:\/\/schema.org","@graph":[{"@type":"Article","@id":"https:\/\/fondation-nicolasgigot.org\/de\/lille-und-ruf-fuer-handisport\/#article","isPartOf":{"@id":"https:\/\/fondation-nicolasgigot.org\/de\/lille-und-ruf-fuer-handisport\/"},"author":{"name":"pid","@id":"https:\/\/fondation-nicolasgigot.org\/de\/#\/schema\/person\/6aa0993efaa969fa98d6a15110a3c12e"},"headline":"LILLE UND RUF F\u00dcR HANDISPORT","datePublished":"2024-03-13T09:48:33+00:00","dateModified":"2024-06-06T22:28:19+00:00","mainEntityOfPage":{"@id":"https:\/\/fondation-nicolasgigot.org\/de\/lille-und-ruf-fuer-handisport\/"},"wordCount":262,"commentCount":0,"publisher":{"@id":"https:\/\/fondation-nicolasgigot.org\/de\/#organization"},"image":{"@id":"https:\/\/fondation-nicolasgigot.org\/de\/lille-und-ruf-fuer-handisport\/#primaryimage"},"thumbnailUrl":"https:\/\/fondation-nicolasgigot.org\/wp-content\/uploads\/2024\/03\/IMG-20240126-WA0032.jpg","articleSection":["Nachrichten"],"inLanguage":"de","potentialAction":[{"@type":"CommentAction","name":"Comment","target":["https:\/\/fondation-nicolasgigot.org\/de\/lille-und-ruf-fuer-handisport\/#respond"]}]},{"@type":"WebPage","@id":"https:\/\/fondation-nicolasgigot.org\/de\/lille-und-ruf-fuer-handisport\/","url":"https:\/\/fondation-nicolasgigot.org\/de\/lille-und-ruf-fuer-handisport\/","name":"LILLE UND RUF F\u00dcR HANDISPORT - Fondation Nicolas Gigot","isPartOf":{"@id":"https:\/\/fondation-nicolasgigot.org\/de\/#website"},"primaryImageOfPage":{"@id":"https:\/\/fondation-nicolasgigot.org\/de\/lille-und-ruf-fuer-handisport\/#primaryimage"},"image":{"@id":"https:\/\/fondation-nicolasgigot.org\/de\/lille-und-ruf-fuer-handisport\/#primaryimage"},"thumbnailUrl":"https:\/\/fondation-nicolasgigot.org\/wp-content\/uploads\/2024\/03\/IMG-20240126-WA0032.jpg","datePublished":"2024-03-13T09:48:33+00:00","dateModified":"2024-06-06T22:28:19+00:00","breadcrumb":{"@id":"https:\/\/fondation-nicolasgigot.org\/de\/lille-und-ruf-fuer-handisport\/#breadcrumb"},"inLanguage":"de","potentialAction":[{"@type":"ReadAction","target":["https:\/\/fondation-nicolasgigot.org\/de\/lille-und-ruf-fuer-handisport\/"]}]},{"@type":"ImageObject","inLanguage":"de","@id":"https:\/\/fondation-nicolasgigot.org\/de\/lille-und-ruf-fuer-handisport\/#primaryimage","url":"https:\/\/fondation-nicolasgigot.org\/wp-content\/uploads\/2024\/03\/IMG-20240126-WA0032.jpg","contentUrl":"https:\/\/fondation-nicolasgigot.org\/wp-content\/uploads\/2024\/03\/IMG-20240126-WA0032.jpg","width":1282,"height":1600},{"@type":"BreadcrumbList","@id":"https:\/\/fondation-nicolasgigot.org\/de\/lille-und-ruf-fuer-handisport\/#breadcrumb","itemListElement":[{"@type":"ListItem","position":1,"name":"Accueil","item":"https:\/\/fondation-nicolasgigot.org\/de\/"},{"@type":"ListItem","position":2,"name":"LILLE UND RUF F\u00dcR HANDISPORT"}]},{"@type":"WebSite","@id":"https:\/\/fondation-nicolasgigot.org\/de\/#website","url":"https:\/\/fondation-nicolasgigot.org\/de\/","name":"Fondation Nicolas Gigot","description":"","publisher":{"@id":"https:\/\/fondation-nicolasgigot.org\/de\/#organization"},"potentialAction":[{"@type":"SearchAction","target":{"@type":"EntryPoint","urlTemplate":"https:\/\/fondation-nicolasgigot.org\/de\/?s={search_term_string}"},"query-input":{"@type":"PropertyValueSpecification","valueRequired":true,"valueName":"search_term_string"}}],"inLanguage":"de"},{"@type":"Organization","@id":"https:\/\/fondation-nicolasgigot.org\/de\/#organization","name":"Fondation Nicolas Gigot","url":"https:\/\/fondation-nicolasgigot.org\/de\/","logo":{"@type":"ImageObject","inLanguage":"de","@id":"https:\/\/fondation-nicolasgigot.org\/de\/#\/schema\/logo\/image\/","url":"https:\/\/fondation-nicolasgigot.org\/wp-content\/uploads\/2021\/04\/Groupe-32.svg","contentUrl":"https:\/\/fondation-nicolasgigot.org\/wp-content\/uploads\/2021\/04\/Groupe-32.svg","width":1,"height":1,"caption":"Fondation Nicolas Gigot"},"image":{"@id":"https:\/\/fondation-nicolasgigot.org\/de\/#\/schema\/logo\/image\/"}},{"@type":"Person","@id":"https:\/\/fondation-nicolasgigot.org\/de\/#\/schema\/person\/6aa0993efaa969fa98d6a15110a3c12e","name":"pid","image":{"@type":"ImageObject","inLanguage":"de","@id":"https:\/\/fondation-nicolasgigot.org\/de\/#\/schema\/person\/image\/","url":"https:\/\/secure.gravatar.com\/avatar\/b11c5fd468509b88a1b55672e2b113e08d3e41a2142b3b76328dc14c79eb6a84?s=96&d=mm&r=g","contentUrl":"https:\/\/secure.gravatar.com\/avatar\/b11c5fd468509b88a1b55672e2b113e08d3e41a2142b3b76328dc14c79eb6a84?s=96&d=mm&r=g","caption":"pid"},"sameAs":["https:\/\/ns332467.ip-37-187-254.eu\/~nicolasgigot"]}]}},"_links":{"self":[{"href":"https:\/\/fondation-nicolasgigot.org\/de\/wp-json\/wp\/v2\/posts\/5299","targetHints":{"allow":["GET"]}}],"collection":[{"href":"https:\/\/fondation-nicolasgigot.org\/de\/wp-json\/wp\/v2\/posts"}],"about":[{"href":"https:\/\/fondation-nicolasgigot.org\/de\/wp-json\/wp\/v2\/types\/post"}],"author":[{"embeddable":true,"href":"https:\/\/fondation-nicolasgigot.org\/de\/wp-json\/wp\/v2\/users\/1"}],"replies":[{"embeddable":true,"href":"https:\/\/fondation-nicolasgigot.org\/de\/wp-json\/wp\/v2\/comments?post=5299"}],"version-history":[{"count":1,"href":"https:\/\/fondation-nicolasgigot.org\/de\/wp-json\/wp\/v2\/posts\/5299\/revisions"}],"predecessor-version":[{"id":5300,"href":"https:\/\/fondation-nicolasgigot.org\/de\/wp-json\/wp\/v2\/posts\/5299\/revisions\/5300"}],"wp:featuredmedia":[{"embeddable":true,"href":"https:\/\/fondation-nicolasgigot.org\/de\/wp-json\/wp\/v2\/media\/5147"}],"wp:attachment":[{"href":"https:\/\/fondation-nicolasgigot.org\/de\/wp-json\/wp\/v2\/media?parent=5299"}],"wp:term":[{"taxonomy":"category","embeddable":true,"href":"https:\/\/fondation-nicolasgigot.org\/de\/wp-json\/wp\/v2\/categories?post=5299"},{"taxonomy":"post_tag","embeddable":true,"href":"https:\/\/fondation-nicolasgigot.org\/de\/wp-json\/wp\/v2\/tags?post=5299"}],"curies":[{"name":"wp","href":"https:\/\/api.w.org\/{rel}","templated":true}]}}