{"id":5305,"date":"2024-03-04T10:54:28","date_gmt":"2024-03-04T09:54:28","guid":{"rendered":"https:\/\/fondation-nicolasgigot.org\/abstimmen-fuer-den-liegeois-des-jahres\/"},"modified":"2024-06-07T00:28:21","modified_gmt":"2024-06-06T22:28:21","slug":"abstimmen-fuer-den-liegeois-des-jahres","status":"publish","type":"post","link":"https:\/\/fondation-nicolasgigot.org\/de\/abstimmen-fuer-den-liegeois-des-jahres\/","title":{"rendered":"ABSTIMMEN F\u00dcR DEN LIEGEOIS DES JAHRES"},"content":{"rendered":"\t\t<div data-elementor-type=\"wp-post\" data-elementor-id=\"5305\" class=\"elementor elementor-5305 elementor-5175\" data-elementor-post-type=\"post\">\n\t\t\t\t\t\t<section class=\"elementor-section elementor-top-section elementor-element elementor-element-9c3a0d4 elementor-section-boxed elementor-section-height-default elementor-section-height-default\" data-id=\"9c3a0d4\" data-element_type=\"section\">\n\t\t\t\t\t\t<div class=\"elementor-container elementor-column-gap-default\">\n\t\t\t\t\t<div class=\"elementor-column elementor-col-100 elementor-top-column elementor-element elementor-element-55b86ce\" data-id=\"55b86ce\" data-element_type=\"column\">\n\t\t\t<div class=\"elementor-widget-wrap elementor-element-populated\">\n\t\t\t\t\t\t<div class=\"elementor-element elementor-element-6d06380 elementor-widget elementor-widget-text-editor\" data-id=\"6d06380\" data-element_type=\"widget\" data-widget_type=\"text-editor.default\">\n\t\t\t\t<div class=\"elementor-widget-container\">\n\t\t\t\t\t\t\t\t\t<p>Liebe Freunde der Nicolas-Gigot-Stiftung,<\/p><p>Ich f\u00fchle mich sehr geehrt, dass ich aufgrund unserer Aktivit\u00e4ten innerhalb der Stiftung in der Kategorie B\u00fcrgerschaft f\u00fcr die Wahl zum &#8222;Li\u00e9geois des Jahres&#8220; nominiert wurde. Diese Ernennung ist das Ergebnis unseres gemeinsamen Engagements und unserer Hingabe, im Leben anderer einen Unterschied zu machen, zu Ehren des Andenkens an Nicolas.<\/p><p>Diesmal k\u00f6nnen Sie statt eines einfachen Emojis oder Likes einen konkreten Beitrag zu unserer Sache leisten, indem Sie 20 Tage lang einmal pro Tag auf <a href=\"http:\/\/www.liegeoisdelannee.be\/\">www.liegeoisdelannee.be<\/a> f\u00fcr mich stimmen. Jede Stimme z\u00e4hlt und kann dazu beitragen, die Stiftung und unsere Initiativen ins Rampenlicht zu r\u00fccken. Je bekannter wir sind, desto mehr Ressourcen haben wir, um denen zu helfen, die Hilfe brauchen, seien es Patienten in Krankenh\u00e4usern oder Behindertensportler.<\/p><p>Gemeinsam haben wir die Macht, im Leben vieler Menschen einen echten Unterschied zu machen. Jede Stimme, die Sie abgeben, ist ein weiterer Schritt zur Verbesserung der Lebensqualit\u00e4t der Menschen, die wir unterst\u00fctzen. Ich danke Ihnen von ganzem Herzen f\u00fcr Ihre unersch\u00fctterliche Unterst\u00fctzung.<\/p><p>In tiefer Dankbarkeit, Nadine Brialmont<\/p>\t\t\t\t\t\t\t\t<\/div>\n\t\t\t\t<\/div>\n\t\t\t\t\t<\/div>\n\t\t<\/div>\n\t\t\t\t\t<\/div>\n\t\t<\/section>\n\t\t\t\t<\/div>\n\t\t","protected":false},"excerpt":{"rendered":"<p>Liebe Freunde der Nicolas-Gigot-Stiftung, Ich f\u00fchle mich sehr geehrt, dass ich aufgrund unserer Aktivit\u00e4ten innerhalb der Stiftung in der Kategorie B\u00fcrgerschaft f\u00fcr die Wahl zum &#8222;Li\u00e9geois des Jahres&#8220; nominiert wurde. Diese Ernennung ist das Ergebnis unseres gemeinsamen Engagements und unserer Hingabe, im Leben anderer einen Unterschied zu machen, zu Ehren des Andenkens an Nicolas. Diesmal [&hellip;]<\/p>\n","protected":false},"author":1,"featured_media":0,"comment_status":"open","ping_status":"open","sticky":false,"template":"","format":"standard","meta":{"_acf_changed":false,"give_campaign_id":0,"footnotes":""},"categories":[78],"tags":[],"class_list":["post-5305","post","type-post","status-publish","format-standard","hentry","category-nachrichten"],"acf":[],"yoast_head":"<!-- This site is optimized with the Yoast SEO plugin v25.1 - https:\/\/yoast.com\/wordpress\/plugins\/seo\/ -->\n<title>ABSTIMMEN F\u00dcR DEN LIEGEOIS DES JAHRES - Fondation Nicolas Gigot<\/title>\n<meta name=\"robots\" content=\"index, follow, max-snippet:-1, max-image-preview:large, max-video-preview:-1\" \/>\n<link rel=\"canonical\" href=\"https:\/\/fondation-nicolasgigot.org\/de\/abstimmen-fuer-den-liegeois-des-jahres\/\" \/>\n<meta property=\"og:locale\" content=\"de_DE\" \/>\n<meta property=\"og:type\" content=\"article\" \/>\n<meta property=\"og:title\" content=\"ABSTIMMEN F\u00dcR DEN LIEGEOIS DES JAHRES - Fondation Nicolas Gigot\" \/>\n<meta property=\"og:description\" content=\"Liebe Freunde der Nicolas-Gigot-Stiftung, Ich f\u00fchle mich sehr geehrt, dass ich aufgrund unserer Aktivit\u00e4ten innerhalb der Stiftung in der Kategorie B\u00fcrgerschaft f\u00fcr die Wahl zum &#8222;Li\u00e9geois des Jahres&#8220; nominiert wurde. Diese Ernennung ist das Ergebnis unseres gemeinsamen Engagements und unserer Hingabe, im Leben anderer einen Unterschied zu machen, zu Ehren des Andenkens an Nicolas. Diesmal [&hellip;]\" \/>\n<meta property=\"og:url\" content=\"https:\/\/fondation-nicolasgigot.org\/de\/abstimmen-fuer-den-liegeois-des-jahres\/\" \/>\n<meta property=\"og:site_name\" content=\"Fondation Nicolas Gigot\" \/>\n<meta property=\"article:published_time\" content=\"2024-03-04T09:54:28+00:00\" \/>\n<meta property=\"article:modified_time\" content=\"2024-06-06T22:28:21+00:00\" \/>\n<meta name=\"author\" content=\"pid\" \/>\n<meta name=\"twitter:card\" content=\"summary_large_image\" \/>\n<meta name=\"twitter:label1\" content=\"Verfasst von\" \/>\n\t<meta name=\"twitter:data1\" content=\"pid\" \/>\n\t<meta name=\"twitter:label2\" content=\"Gesch\u00e4tzte Lesezeit\" \/>\n\t<meta name=\"twitter:data2\" content=\"1\u00a0Minute\" \/>\n<script type=\"application\/ld+json\" class=\"yoast-schema-graph\">{\"@context\":\"https:\/\/schema.org\",\"@graph\":[{\"@type\":\"Article\",\"@id\":\"https:\/\/fondation-nicolasgigot.org\/de\/abstimmen-fuer-den-liegeois-des-jahres\/#article\",\"isPartOf\":{\"@id\":\"https:\/\/fondation-nicolasgigot.org\/de\/abstimmen-fuer-den-liegeois-des-jahres\/\"},\"author\":{\"name\":\"pid\",\"@id\":\"https:\/\/fondation-nicolasgigot.org\/de\/#\/schema\/person\/6aa0993efaa969fa98d6a15110a3c12e\"},\"headline\":\"ABSTIMMEN F\u00dcR DEN LIEGEOIS DES JAHRES\",\"datePublished\":\"2024-03-04T09:54:28+00:00\",\"dateModified\":\"2024-06-06T22:28:21+00:00\",\"mainEntityOfPage\":{\"@id\":\"https:\/\/fondation-nicolasgigot.org\/de\/abstimmen-fuer-den-liegeois-des-jahres\/\"},\"wordCount\":192,\"commentCount\":0,\"publisher\":{\"@id\":\"https:\/\/fondation-nicolasgigot.org\/de\/#organization\"},\"articleSection\":[\"Nachrichten\"],\"inLanguage\":\"de\",\"potentialAction\":[{\"@type\":\"CommentAction\",\"name\":\"Comment\",\"target\":[\"https:\/\/fondation-nicolasgigot.org\/de\/abstimmen-fuer-den-liegeois-des-jahres\/#respond\"]}]},{\"@type\":\"WebPage\",\"@id\":\"https:\/\/fondation-nicolasgigot.org\/de\/abstimmen-fuer-den-liegeois-des-jahres\/\",\"url\":\"https:\/\/fondation-nicolasgigot.org\/de\/abstimmen-fuer-den-liegeois-des-jahres\/\",\"name\":\"ABSTIMMEN F\u00dcR DEN LIEGEOIS DES JAHRES - Fondation Nicolas Gigot\",\"isPartOf\":{\"@id\":\"https:\/\/fondation-nicolasgigot.org\/de\/#website\"},\"datePublished\":\"2024-03-04T09:54:28+00:00\",\"dateModified\":\"2024-06-06T22:28:21+00:00\",\"breadcrumb\":{\"@id\":\"https:\/\/fondation-nicolasgigot.org\/de\/abstimmen-fuer-den-liegeois-des-jahres\/#breadcrumb\"},\"inLanguage\":\"de\",\"potentialAction\":[{\"@type\":\"ReadAction\",\"target\":[\"https:\/\/fondation-nicolasgigot.org\/de\/abstimmen-fuer-den-liegeois-des-jahres\/\"]}]},{\"@type\":\"BreadcrumbList\",\"@id\":\"https:\/\/fondation-nicolasgigot.org\/de\/abstimmen-fuer-den-liegeois-des-jahres\/#breadcrumb\",\"itemListElement\":[{\"@type\":\"ListItem\",\"position\":1,\"name\":\"Accueil\",\"item\":\"https:\/\/fondation-nicolasgigot.org\/de\/\"},{\"@type\":\"ListItem\",\"position\":2,\"name\":\"ABSTIMMEN F\u00dcR DEN LIEGEOIS DES JAHRES\"}]},{\"@type\":\"WebSite\",\"@id\":\"https:\/\/fondation-nicolasgigot.org\/de\/#website\",\"url\":\"https:\/\/fondation-nicolasgigot.org\/de\/\",\"name\":\"Fondation Nicolas Gigot\",\"description\":\"\",\"publisher\":{\"@id\":\"https:\/\/fondation-nicolasgigot.org\/de\/#organization\"},\"potentialAction\":[{\"@type\":\"SearchAction\",\"target\":{\"@type\":\"EntryPoint\",\"urlTemplate\":\"https:\/\/fondation-nicolasgigot.org\/de\/?s={search_term_string}\"},\"query-input\":{\"@type\":\"PropertyValueSpecification\",\"valueRequired\":true,\"valueName\":\"search_term_string\"}}],\"inLanguage\":\"de\"},{\"@type\":\"Organization\",\"@id\":\"https:\/\/fondation-nicolasgigot.org\/de\/#organization\",\"name\":\"Fondation Nicolas Gigot\",\"url\":\"https:\/\/fondation-nicolasgigot.org\/de\/\",\"logo\":{\"@type\":\"ImageObject\",\"inLanguage\":\"de\",\"@id\":\"https:\/\/fondation-nicolasgigot.org\/de\/#\/schema\/logo\/image\/\",\"url\":\"https:\/\/fondation-nicolasgigot.org\/wp-content\/uploads\/2021\/04\/Groupe-32.svg\",\"contentUrl\":\"https:\/\/fondation-nicolasgigot.org\/wp-content\/uploads\/2021\/04\/Groupe-32.svg\",\"width\":1,\"height\":1,\"caption\":\"Fondation Nicolas Gigot\"},\"image\":{\"@id\":\"https:\/\/fondation-nicolasgigot.org\/de\/#\/schema\/logo\/image\/\"}},{\"@type\":\"Person\",\"@id\":\"https:\/\/fondation-nicolasgigot.org\/de\/#\/schema\/person\/6aa0993efaa969fa98d6a15110a3c12e\",\"name\":\"pid\",\"image\":{\"@type\":\"ImageObject\",\"inLanguage\":\"de\",\"@id\":\"https:\/\/fondation-nicolasgigot.org\/de\/#\/schema\/person\/image\/\",\"url\":\"https:\/\/secure.gravatar.com\/avatar\/b11c5fd468509b88a1b55672e2b113e08d3e41a2142b3b76328dc14c79eb6a84?s=96&d=mm&r=g\",\"contentUrl\":\"https:\/\/secure.gravatar.com\/avatar\/b11c5fd468509b88a1b55672e2b113e08d3e41a2142b3b76328dc14c79eb6a84?s=96&d=mm&r=g\",\"caption\":\"pid\"},\"sameAs\":[\"https:\/\/ns332467.ip-37-187-254.eu\/~nicolasgigot\"]}]}<\/script>\n<!-- \/ Yoast SEO plugin. -->","yoast_head_json":{"title":"ABSTIMMEN F\u00dcR DEN LIEGEOIS DES JAHRES - Fondation Nicolas Gigot","robots":{"index":"index","follow":"follow","max-snippet":"max-snippet:-1","max-image-preview":"max-image-preview:large","max-video-preview":"max-video-preview:-1"},"canonical":"https:\/\/fondation-nicolasgigot.org\/de\/abstimmen-fuer-den-liegeois-des-jahres\/","og_locale":"de_DE","og_type":"article","og_title":"ABSTIMMEN F\u00dcR DEN LIEGEOIS DES JAHRES - Fondation Nicolas Gigot","og_description":"Liebe Freunde der Nicolas-Gigot-Stiftung, Ich f\u00fchle mich sehr geehrt, dass ich aufgrund unserer Aktivit\u00e4ten innerhalb der Stiftung in der Kategorie B\u00fcrgerschaft f\u00fcr die Wahl zum &#8222;Li\u00e9geois des Jahres&#8220; nominiert wurde. Diese Ernennung ist das Ergebnis unseres gemeinsamen Engagements und unserer Hingabe, im Leben anderer einen Unterschied zu machen, zu Ehren des Andenkens an Nicolas. Diesmal [&hellip;]","og_url":"https:\/\/fondation-nicolasgigot.org\/de\/abstimmen-fuer-den-liegeois-des-jahres\/","og_site_name":"Fondation Nicolas Gigot","article_published_time":"2024-03-04T09:54:28+00:00","article_modified_time":"2024-06-06T22:28:21+00:00","author":"pid","twitter_card":"summary_large_image","twitter_misc":{"Verfasst von":"pid","Gesch\u00e4tzte Lesezeit":"1\u00a0Minute"},"schema":{"@context":"https:\/\/schema.org","@graph":[{"@type":"Article","@id":"https:\/\/fondation-nicolasgigot.org\/de\/abstimmen-fuer-den-liegeois-des-jahres\/#article","isPartOf":{"@id":"https:\/\/fondation-nicolasgigot.org\/de\/abstimmen-fuer-den-liegeois-des-jahres\/"},"author":{"name":"pid","@id":"https:\/\/fondation-nicolasgigot.org\/de\/#\/schema\/person\/6aa0993efaa969fa98d6a15110a3c12e"},"headline":"ABSTIMMEN F\u00dcR DEN LIEGEOIS DES JAHRES","datePublished":"2024-03-04T09:54:28+00:00","dateModified":"2024-06-06T22:28:21+00:00","mainEntityOfPage":{"@id":"https:\/\/fondation-nicolasgigot.org\/de\/abstimmen-fuer-den-liegeois-des-jahres\/"},"wordCount":192,"commentCount":0,"publisher":{"@id":"https:\/\/fondation-nicolasgigot.org\/de\/#organization"},"articleSection":["Nachrichten"],"inLanguage":"de","potentialAction":[{"@type":"CommentAction","name":"Comment","target":["https:\/\/fondation-nicolasgigot.org\/de\/abstimmen-fuer-den-liegeois-des-jahres\/#respond"]}]},{"@type":"WebPage","@id":"https:\/\/fondation-nicolasgigot.org\/de\/abstimmen-fuer-den-liegeois-des-jahres\/","url":"https:\/\/fondation-nicolasgigot.org\/de\/abstimmen-fuer-den-liegeois-des-jahres\/","name":"ABSTIMMEN F\u00dcR DEN LIEGEOIS DES JAHRES - Fondation Nicolas Gigot","isPartOf":{"@id":"https:\/\/fondation-nicolasgigot.org\/de\/#website"},"datePublished":"2024-03-04T09:54:28+00:00","dateModified":"2024-06-06T22:28:21+00:00","breadcrumb":{"@id":"https:\/\/fondation-nicolasgigot.org\/de\/abstimmen-fuer-den-liegeois-des-jahres\/#breadcrumb"},"inLanguage":"de","potentialAction":[{"@type":"ReadAction","target":["https:\/\/fondation-nicolasgigot.org\/de\/abstimmen-fuer-den-liegeois-des-jahres\/"]}]},{"@type":"BreadcrumbList","@id":"https:\/\/fondation-nicolasgigot.org\/de\/abstimmen-fuer-den-liegeois-des-jahres\/#breadcrumb","itemListElement":[{"@type":"ListItem","position":1,"name":"Accueil","item":"https:\/\/fondation-nicolasgigot.org\/de\/"},{"@type":"ListItem","position":2,"name":"ABSTIMMEN F\u00dcR DEN LIEGEOIS DES JAHRES"}]},{"@type":"WebSite","@id":"https:\/\/fondation-nicolasgigot.org\/de\/#website","url":"https:\/\/fondation-nicolasgigot.org\/de\/","name":"Fondation Nicolas Gigot","description":"","publisher":{"@id":"https:\/\/fondation-nicolasgigot.org\/de\/#organization"},"potentialAction":[{"@type":"SearchAction","target":{"@type":"EntryPoint","urlTemplate":"https:\/\/fondation-nicolasgigot.org\/de\/?s={search_term_string}"},"query-input":{"@type":"PropertyValueSpecification","valueRequired":true,"valueName":"search_term_string"}}],"inLanguage":"de"},{"@type":"Organization","@id":"https:\/\/fondation-nicolasgigot.org\/de\/#organization","name":"Fondation Nicolas Gigot","url":"https:\/\/fondation-nicolasgigot.org\/de\/","logo":{"@type":"ImageObject","inLanguage":"de","@id":"https:\/\/fondation-nicolasgigot.org\/de\/#\/schema\/logo\/image\/","url":"https:\/\/fondation-nicolasgigot.org\/wp-content\/uploads\/2021\/04\/Groupe-32.svg","contentUrl":"https:\/\/fondation-nicolasgigot.org\/wp-content\/uploads\/2021\/04\/Groupe-32.svg","width":1,"height":1,"caption":"Fondation Nicolas Gigot"},"image":{"@id":"https:\/\/fondation-nicolasgigot.org\/de\/#\/schema\/logo\/image\/"}},{"@type":"Person","@id":"https:\/\/fondation-nicolasgigot.org\/de\/#\/schema\/person\/6aa0993efaa969fa98d6a15110a3c12e","name":"pid","image":{"@type":"ImageObject","inLanguage":"de","@id":"https:\/\/fondation-nicolasgigot.org\/de\/#\/schema\/person\/image\/","url":"https:\/\/secure.gravatar.com\/avatar\/b11c5fd468509b88a1b55672e2b113e08d3e41a2142b3b76328dc14c79eb6a84?s=96&d=mm&r=g","contentUrl":"https:\/\/secure.gravatar.com\/avatar\/b11c5fd468509b88a1b55672e2b113e08d3e41a2142b3b76328dc14c79eb6a84?s=96&d=mm&r=g","caption":"pid"},"sameAs":["https:\/\/ns332467.ip-37-187-254.eu\/~nicolasgigot"]}]}},"_links":{"self":[{"href":"https:\/\/fondation-nicolasgigot.org\/de\/wp-json\/wp\/v2\/posts\/5305","targetHints":{"allow":["GET"]}}],"collection":[{"href":"https:\/\/fondation-nicolasgigot.org\/de\/wp-json\/wp\/v2\/posts"}],"about":[{"href":"https:\/\/fondation-nicolasgigot.org\/de\/wp-json\/wp\/v2\/types\/post"}],"author":[{"embeddable":true,"href":"https:\/\/fondation-nicolasgigot.org\/de\/wp-json\/wp\/v2\/users\/1"}],"replies":[{"embeddable":true,"href":"https:\/\/fondation-nicolasgigot.org\/de\/wp-json\/wp\/v2\/comments?post=5305"}],"version-history":[{"count":1,"href":"https:\/\/fondation-nicolasgigot.org\/de\/wp-json\/wp\/v2\/posts\/5305\/revisions"}],"predecessor-version":[{"id":5306,"href":"https:\/\/fondation-nicolasgigot.org\/de\/wp-json\/wp\/v2\/posts\/5305\/revisions\/5306"}],"wp:attachment":[{"href":"https:\/\/fondation-nicolasgigot.org\/de\/wp-json\/wp\/v2\/media?parent=5305"}],"wp:term":[{"taxonomy":"category","embeddable":true,"href":"https:\/\/fondation-nicolasgigot.org\/de\/wp-json\/wp\/v2\/categories?post=5305"},{"taxonomy":"post_tag","embeddable":true,"href":"https:\/\/fondation-nicolasgigot.org\/de\/wp-json\/wp\/v2\/tags?post=5305"}],"curies":[{"name":"wp","href":"https:\/\/api.w.org\/{rel}","templated":true}]}}