{"id":5331,"date":"2023-12-01T11:05:15","date_gmt":"2023-12-01T10:05:15","guid":{"rendered":"https:\/\/fondation-nicolasgigot.org\/spenden-an-krankenhaeuser-2\/"},"modified":"2024-06-07T00:28:31","modified_gmt":"2024-06-06T22:28:31","slug":"spenden-an-krankenhaeuser-2","status":"publish","type":"post","link":"https:\/\/fondation-nicolasgigot.org\/de\/spenden-an-krankenhaeuser-2\/","title":{"rendered":"SPENDEN AN KRANKENH\u00c4USER"},"content":{"rendered":"\t\t<div data-elementor-type=\"wp-post\" data-elementor-id=\"5331\" class=\"elementor elementor-5331 elementor-5193\" data-elementor-post-type=\"post\">\n\t\t\t\t\t\t<section class=\"elementor-section elementor-top-section elementor-element elementor-element-15eac04 elementor-section-boxed elementor-section-height-default elementor-section-height-default\" data-id=\"15eac04\" data-element_type=\"section\">\n\t\t\t\t\t\t<div class=\"elementor-container elementor-column-gap-default\">\n\t\t\t\t\t<div class=\"elementor-column elementor-col-100 elementor-top-column elementor-element elementor-element-e311296\" data-id=\"e311296\" data-element_type=\"column\">\n\t\t\t<div class=\"elementor-widget-wrap elementor-element-populated\">\n\t\t\t\t\t\t<div class=\"elementor-element elementor-element-8cf7a6c elementor-widget elementor-widget-text-editor\" data-id=\"8cf7a6c\" data-element_type=\"widget\" data-widget_type=\"text-editor.default\">\n\t\t\t\t<div class=\"elementor-widget-container\">\n\t\t\t\t\t\t\t\t\t<p>Dank Ihrer Gro\u00dfz\u00fcgigkeit konnten wir im November zwei wichtige Spenden konkretisieren. Das erste, ein Tobii-Ger\u00e4t, wurde dem Chirec-Krankenhaus in Braine l&#8217;Alleud \u00fcbergeben.<\/p>\t\t\t\t\t\t\t\t<\/div>\n\t\t\t\t<\/div>\n\t\t\t\t<div class=\"elementor-element elementor-element-983d1c0 elementor-widget elementor-widget-image\" data-id=\"983d1c0\" data-element_type=\"widget\" data-widget_type=\"image.default\">\n\t\t\t\t<div class=\"elementor-widget-container\">\n\t\t\t\t\t\t\t\t\t\t\t\t\t\t\t<img fetchpriority=\"high\" decoding=\"async\" width=\"800\" height=\"600\" src=\"https:\/\/fondation-nicolasgigot.org\/wp-content\/uploads\/2023\/12\/braine-l-alleud.jpg\" class=\"attachment-full size-full wp-image-5101\" alt=\"\" srcset=\"https:\/\/fondation-nicolasgigot.org\/wp-content\/uploads\/2023\/12\/braine-l-alleud.jpg 800w, https:\/\/fondation-nicolasgigot.org\/wp-content\/uploads\/2023\/12\/braine-l-alleud-300x225.jpg 300w, https:\/\/fondation-nicolasgigot.org\/wp-content\/uploads\/2023\/12\/braine-l-alleud-768x576.jpg 768w\" sizes=\"(max-width: 800px) 100vw, 800px\" \/>\t\t\t\t\t\t\t\t\t\t\t\t\t\t\t<\/div>\n\t\t\t\t<\/div>\n\t\t\t\t<div class=\"elementor-element elementor-element-82e5ce8 elementor-widget elementor-widget-text-editor\" data-id=\"82e5ce8\" data-element_type=\"widget\" data-widget_type=\"text-editor.default\">\n\t\t\t\t<div class=\"elementor-widget-container\">\n\t\t\t\t\t\t\t\t\t<p>das Team von Dr. Van Loo im Chirec-Krankenhaus in Braine l&#8217;Alleud  <br>Gefolgt von einer weiteren Spende an das Jessa-Krankenhaus in Hasselt am 7. November.  <\/p>\t\t\t\t\t\t\t\t<\/div>\n\t\t\t\t<\/div>\n\t\t\t\t<div class=\"elementor-element elementor-element-390bd3d elementor-widget elementor-widget-image\" data-id=\"390bd3d\" data-element_type=\"widget\" data-widget_type=\"image.default\">\n\t\t\t\t<div class=\"elementor-widget-container\">\n\t\t\t\t\t\t\t\t\t\t\t\t\t\t\t<img decoding=\"async\" width=\"1515\" height=\"1500\" src=\"https:\/\/fondation-nicolasgigot.org\/wp-content\/uploads\/2023\/12\/jessa-hasselt.jpg\" class=\"attachment-full size-full wp-image-5105\" alt=\"\" srcset=\"https:\/\/fondation-nicolasgigot.org\/wp-content\/uploads\/2023\/12\/jessa-hasselt.jpg 1515w, https:\/\/fondation-nicolasgigot.org\/wp-content\/uploads\/2023\/12\/jessa-hasselt-300x297.jpg 300w, https:\/\/fondation-nicolasgigot.org\/wp-content\/uploads\/2023\/12\/jessa-hasselt-1024x1014.jpg 1024w, https:\/\/fondation-nicolasgigot.org\/wp-content\/uploads\/2023\/12\/jessa-hasselt-150x150.jpg 150w, https:\/\/fondation-nicolasgigot.org\/wp-content\/uploads\/2023\/12\/jessa-hasselt-768x760.jpg 768w, https:\/\/fondation-nicolasgigot.org\/wp-content\/uploads\/2023\/12\/jessa-hasselt-1320x1307.jpg 1320w\" sizes=\"(max-width: 1515px) 100vw, 1515px\" \/>\t\t\t\t\t\t\t\t\t\t\t\t\t\t\t<\/div>\n\t\t\t\t<\/div>\n\t\t\t\t<div class=\"elementor-element elementor-element-9fec90e elementor-widget elementor-widget-text-editor\" data-id=\"9fec90e\" data-element_type=\"widget\" data-widget_type=\"text-editor.default\">\n\t\t\t\t<div class=\"elementor-widget-container\">\n\t\t\t\t\t\t\t\t\t<p>Besonders begr\u00fc\u00dfen m\u00f6chte ich zwei au\u00dfergew\u00f6hnliche Freiwillige Muriel und Christa Rouyr Poosen, die meine L\u00fccken in der niederl\u00e4ndischen Sprache schlossen und so diese letzte Spende m\u00f6glich machten. Die beiden Freiwilligen koordinierten die Gespr\u00e4che mit der \u00c4rzteschaft und den Medien, verbesserten das niederl\u00e4ndische Programm f\u00fcr die Intensivpflege und sorgten f\u00fcr Effizienz und Herz. Ihre Konzentration ber\u00fchrt mich zutiefst, und es ist nicht \u00fcberraschend, dass sie auch Lebenscoaches sind (cfr: <a class=\"x1i10hfl xjbqb8w x6umtig x1b1mbwd xaqea5y xav7gou x9f619 x1ypdohk xt0psk2 xe8uvvx xdj266r x11i5rnm xat24cr x1mh8g0r xexx8yu x4uap5 x18d9i69 xkhd6sd x16tdsg8 x1hl2dhg xggy1nq x1a2a7pz xt0b8zv x1fey0fg\" href=\"https:\/\/l.facebook.com\/l.php?u=http%3A%2F%2Fwww.Umalifecoaching.be%2F%3Ffbclid%3DIwAR2quK1sVCi_Ycxf2R7akRC45yZOD7scIQn8NL8X2-jSBybIczStiI3Upyc&amp;h=AT1p5zjkWH0olw6BR9ToadNKXgiLj_zsJLmWRQ9BPklhrT-99XeWfdprftf9YnpwdDSBaIcUtJ0yNa2jCMfso1Q3_YESrDpVBItr8yDCP0Yur5xObSHeWYMzXCa3JFiBeE5T-s4BhCYRDkpkCQ&amp;__tn__=-UK-R&amp;c%5B0%5D=AT21CeP0Q5XcwcXHAimLBZRfVDu6hmTP45lUQ8Dpw0uYFz6VtgG41u-1-U7ZWG8P4ZNgZllWrF8I6fsLDuxQnb0imF-4NerGRWiZ_FziSGpKjHxYrz_nLSO9x_OPIbjinaep2_9aF1nB8bXMr9l0VT7boTV6cVQ2x1cUxAorFRjhmq_eM0oBdyjl7EEIcHx8lDorbxNE4mjY\" target=\"_blank\" rel=\"noopener\">www.Umalifecoaching.be<\/a> ).<\/p><p> <\/p>\t\t\t\t\t\t\t\t<\/div>\n\t\t\t\t<\/div>\n\t\t\t\t<div class=\"elementor-element elementor-element-1643588 elementor-widget elementor-widget-image\" data-id=\"1643588\" data-element_type=\"widget\" data-widget_type=\"image.default\">\n\t\t\t\t<div class=\"elementor-widget-container\">\n\t\t\t\t\t\t\t\t\t\t\t\t\t\t\t<img decoding=\"async\" width=\"1138\" height=\"853\" src=\"https:\/\/fondation-nicolasgigot.org\/wp-content\/uploads\/2023\/12\/les-2-perles.jpg\" class=\"attachment-full size-full wp-image-5109\" alt=\"\" srcset=\"https:\/\/fondation-nicolasgigot.org\/wp-content\/uploads\/2023\/12\/les-2-perles.jpg 1138w, https:\/\/fondation-nicolasgigot.org\/wp-content\/uploads\/2023\/12\/les-2-perles-300x225.jpg 300w, https:\/\/fondation-nicolasgigot.org\/wp-content\/uploads\/2023\/12\/les-2-perles-1024x768.jpg 1024w, https:\/\/fondation-nicolasgigot.org\/wp-content\/uploads\/2023\/12\/les-2-perles-768x576.jpg 768w\" sizes=\"(max-width: 1138px) 100vw, 1138px\" \/>\t\t\t\t\t\t\t\t\t\t\t\t\t\t\t<\/div>\n\t\t\t\t<\/div>\n\t\t\t\t<div class=\"elementor-element elementor-element-6acf8d8 elementor-widget elementor-widget-text-editor\" data-id=\"6acf8d8\" data-element_type=\"widget\" data-widget_type=\"text-editor.default\">\n\t\t\t\t<div class=\"elementor-widget-container\">\n\t\t\t\t\t\t\t\t\t<p>Um mich herum ,Muriel als Christa Rouyr Poosen<\/p><p>Unsere Mission endet hier nicht. Am 11. Dezember werden wir ein weiteres Tobii Ger\u00e4t im Universit\u00e4tskrankenhaus Antwerpen (UZA) abgeben, gefolgt vom Universit\u00e4tskrankenhaus Lille in Frankreich. Wir ziehen auch das Krankenhaus der Zitadelle in L\u00fcttich und Bastogne in Betracht. Die Erleichterung, die diese Tobii-Ger\u00e4te Patienten mit tiefgreifenden Kommunikationsbehinderungen bringen, ist unbeschreiblich. Unser k\u00fchnes Ziel ist es, dieses Licht in ganz Europa zu verbreiten, wo sich die Trag\u00f6dien ereignen. Wenn Sie sich dieser Sache anschlie\u00dfen m\u00f6chten, z\u00f6gern Sie nicht, Teil dieses Teams zu werden, das sich allm\u00e4hlich formiert. Die Nicolas-Gigot-Stiftung, die von Nicolas&#8216; begabtem Geist geleitet wird, empf\u00e4ngt Sie mit offenen Armen in diesem Kampf, um Hoffnung und Kommunikation zu denen zu bringen, die sie am meisten brauchen. (info@fondation-nicolasgigot.org)<\/p><p>Nadine Brialmont<\/p>\t\t\t\t\t\t\t\t<\/div>\n\t\t\t\t<\/div>\n\t\t\t\t\t<\/div>\n\t\t<\/div>\n\t\t\t\t\t<\/div>\n\t\t<\/section>\n\t\t\t\t<\/div>\n\t\t","protected":false},"excerpt":{"rendered":"<p>Dank Ihrer Gro\u00dfz\u00fcgigkeit konnten wir im November zwei wichtige Spenden konkretisieren. Das erste, ein Tobii-Ger\u00e4t, wurde dem Chirec-Krankenhaus in Braine l&#8217;Alleud \u00fcbergeben. das Team von Dr. Van Loo im Chirec-Krankenhaus in Braine l&#8217;Alleud Gefolgt von einer weiteren Spende an das Jessa-Krankenhaus in Hasselt am 7. November. Besonders begr\u00fc\u00dfen m\u00f6chte ich zwei au\u00dfergew\u00f6hnliche Freiwillige Muriel und [&hellip;]<\/p>\n","protected":false},"author":1,"featured_media":5101,"comment_status":"open","ping_status":"open","sticky":false,"template":"","format":"standard","meta":{"_acf_changed":false,"give_campaign_id":0,"footnotes":""},"categories":[78],"tags":[],"class_list":["post-5331","post","type-post","status-publish","format-standard","has-post-thumbnail","hentry","category-nachrichten"],"acf":[],"yoast_head":"<!-- This site is optimized with the Yoast SEO plugin v25.1 - https:\/\/yoast.com\/wordpress\/plugins\/seo\/ -->\n<title>SPENDEN AN KRANKENH\u00c4USER - Fondation Nicolas Gigot<\/title>\n<meta name=\"robots\" content=\"index, follow, max-snippet:-1, max-image-preview:large, max-video-preview:-1\" \/>\n<link rel=\"canonical\" href=\"https:\/\/fondation-nicolasgigot.org\/de\/spenden-an-krankenhaeuser-2\/\" \/>\n<meta property=\"og:locale\" content=\"de_DE\" \/>\n<meta property=\"og:type\" content=\"article\" \/>\n<meta property=\"og:title\" content=\"SPENDEN AN KRANKENH\u00c4USER - Fondation Nicolas Gigot\" \/>\n<meta property=\"og:description\" content=\"Dank Ihrer Gro\u00dfz\u00fcgigkeit konnten wir im November zwei wichtige Spenden konkretisieren. Das erste, ein Tobii-Ger\u00e4t, wurde dem Chirec-Krankenhaus in Braine l&#8217;Alleud \u00fcbergeben. das Team von Dr. Van Loo im Chirec-Krankenhaus in Braine l&#8217;Alleud Gefolgt von einer weiteren Spende an das Jessa-Krankenhaus in Hasselt am 7. November. Besonders begr\u00fc\u00dfen m\u00f6chte ich zwei au\u00dfergew\u00f6hnliche Freiwillige Muriel und [&hellip;]\" \/>\n<meta property=\"og:url\" content=\"https:\/\/fondation-nicolasgigot.org\/de\/spenden-an-krankenhaeuser-2\/\" \/>\n<meta property=\"og:site_name\" content=\"Fondation Nicolas Gigot\" \/>\n<meta property=\"article:published_time\" content=\"2023-12-01T10:05:15+00:00\" \/>\n<meta property=\"article:modified_time\" content=\"2024-06-06T22:28:31+00:00\" \/>\n<meta property=\"og:image\" content=\"https:\/\/fondation-nicolasgigot.org\/wp-content\/uploads\/2023\/12\/braine-l-alleud.jpg\" \/>\n\t<meta property=\"og:image:width\" content=\"800\" \/>\n\t<meta property=\"og:image:height\" content=\"600\" \/>\n\t<meta property=\"og:image:type\" content=\"image\/jpeg\" \/>\n<meta name=\"author\" content=\"pid\" \/>\n<meta name=\"twitter:card\" content=\"summary_large_image\" \/>\n<meta name=\"twitter:label1\" content=\"Verfasst von\" \/>\n\t<meta name=\"twitter:data1\" content=\"pid\" \/>\n\t<meta name=\"twitter:label2\" content=\"Gesch\u00e4tzte Lesezeit\" \/>\n\t<meta name=\"twitter:data2\" content=\"1\u00a0Minute\" \/>\n<script type=\"application\/ld+json\" class=\"yoast-schema-graph\">{\"@context\":\"https:\/\/schema.org\",\"@graph\":[{\"@type\":\"Article\",\"@id\":\"https:\/\/fondation-nicolasgigot.org\/de\/spenden-an-krankenhaeuser-2\/#article\",\"isPartOf\":{\"@id\":\"https:\/\/fondation-nicolasgigot.org\/de\/spenden-an-krankenhaeuser-2\/\"},\"author\":{\"name\":\"pid\",\"@id\":\"https:\/\/fondation-nicolasgigot.org\/de\/#\/schema\/person\/6aa0993efaa969fa98d6a15110a3c12e\"},\"headline\":\"SPENDEN AN KRANKENH\u00c4USER\",\"datePublished\":\"2023-12-01T10:05:15+00:00\",\"dateModified\":\"2024-06-06T22:28:31+00:00\",\"mainEntityOfPage\":{\"@id\":\"https:\/\/fondation-nicolasgigot.org\/de\/spenden-an-krankenhaeuser-2\/\"},\"wordCount\":275,\"commentCount\":0,\"publisher\":{\"@id\":\"https:\/\/fondation-nicolasgigot.org\/de\/#organization\"},\"image\":{\"@id\":\"https:\/\/fondation-nicolasgigot.org\/de\/spenden-an-krankenhaeuser-2\/#primaryimage\"},\"thumbnailUrl\":\"https:\/\/fondation-nicolasgigot.org\/wp-content\/uploads\/2023\/12\/braine-l-alleud.jpg\",\"articleSection\":[\"Nachrichten\"],\"inLanguage\":\"de\",\"potentialAction\":[{\"@type\":\"CommentAction\",\"name\":\"Comment\",\"target\":[\"https:\/\/fondation-nicolasgigot.org\/de\/spenden-an-krankenhaeuser-2\/#respond\"]}]},{\"@type\":\"WebPage\",\"@id\":\"https:\/\/fondation-nicolasgigot.org\/de\/spenden-an-krankenhaeuser-2\/\",\"url\":\"https:\/\/fondation-nicolasgigot.org\/de\/spenden-an-krankenhaeuser-2\/\",\"name\":\"SPENDEN AN KRANKENH\u00c4USER - Fondation Nicolas Gigot\",\"isPartOf\":{\"@id\":\"https:\/\/fondation-nicolasgigot.org\/de\/#website\"},\"primaryImageOfPage\":{\"@id\":\"https:\/\/fondation-nicolasgigot.org\/de\/spenden-an-krankenhaeuser-2\/#primaryimage\"},\"image\":{\"@id\":\"https:\/\/fondation-nicolasgigot.org\/de\/spenden-an-krankenhaeuser-2\/#primaryimage\"},\"thumbnailUrl\":\"https:\/\/fondation-nicolasgigot.org\/wp-content\/uploads\/2023\/12\/braine-l-alleud.jpg\",\"datePublished\":\"2023-12-01T10:05:15+00:00\",\"dateModified\":\"2024-06-06T22:28:31+00:00\",\"breadcrumb\":{\"@id\":\"https:\/\/fondation-nicolasgigot.org\/de\/spenden-an-krankenhaeuser-2\/#breadcrumb\"},\"inLanguage\":\"de\",\"potentialAction\":[{\"@type\":\"ReadAction\",\"target\":[\"https:\/\/fondation-nicolasgigot.org\/de\/spenden-an-krankenhaeuser-2\/\"]}]},{\"@type\":\"ImageObject\",\"inLanguage\":\"de\",\"@id\":\"https:\/\/fondation-nicolasgigot.org\/de\/spenden-an-krankenhaeuser-2\/#primaryimage\",\"url\":\"https:\/\/fondation-nicolasgigot.org\/wp-content\/uploads\/2023\/12\/braine-l-alleud.jpg\",\"contentUrl\":\"https:\/\/fondation-nicolasgigot.org\/wp-content\/uploads\/2023\/12\/braine-l-alleud.jpg\",\"width\":800,\"height\":600},{\"@type\":\"BreadcrumbList\",\"@id\":\"https:\/\/fondation-nicolasgigot.org\/de\/spenden-an-krankenhaeuser-2\/#breadcrumb\",\"itemListElement\":[{\"@type\":\"ListItem\",\"position\":1,\"name\":\"Accueil\",\"item\":\"https:\/\/fondation-nicolasgigot.org\/de\/\"},{\"@type\":\"ListItem\",\"position\":2,\"name\":\"SPENDEN AN KRANKENH\u00c4USER\"}]},{\"@type\":\"WebSite\",\"@id\":\"https:\/\/fondation-nicolasgigot.org\/de\/#website\",\"url\":\"https:\/\/fondation-nicolasgigot.org\/de\/\",\"name\":\"Fondation Nicolas Gigot\",\"description\":\"\",\"publisher\":{\"@id\":\"https:\/\/fondation-nicolasgigot.org\/de\/#organization\"},\"potentialAction\":[{\"@type\":\"SearchAction\",\"target\":{\"@type\":\"EntryPoint\",\"urlTemplate\":\"https:\/\/fondation-nicolasgigot.org\/de\/?s={search_term_string}\"},\"query-input\":{\"@type\":\"PropertyValueSpecification\",\"valueRequired\":true,\"valueName\":\"search_term_string\"}}],\"inLanguage\":\"de\"},{\"@type\":\"Organization\",\"@id\":\"https:\/\/fondation-nicolasgigot.org\/de\/#organization\",\"name\":\"Fondation Nicolas Gigot\",\"url\":\"https:\/\/fondation-nicolasgigot.org\/de\/\",\"logo\":{\"@type\":\"ImageObject\",\"inLanguage\":\"de\",\"@id\":\"https:\/\/fondation-nicolasgigot.org\/de\/#\/schema\/logo\/image\/\",\"url\":\"https:\/\/fondation-nicolasgigot.org\/wp-content\/uploads\/2021\/04\/Groupe-32.svg\",\"contentUrl\":\"https:\/\/fondation-nicolasgigot.org\/wp-content\/uploads\/2021\/04\/Groupe-32.svg\",\"width\":1,\"height\":1,\"caption\":\"Fondation Nicolas Gigot\"},\"image\":{\"@id\":\"https:\/\/fondation-nicolasgigot.org\/de\/#\/schema\/logo\/image\/\"}},{\"@type\":\"Person\",\"@id\":\"https:\/\/fondation-nicolasgigot.org\/de\/#\/schema\/person\/6aa0993efaa969fa98d6a15110a3c12e\",\"name\":\"pid\",\"image\":{\"@type\":\"ImageObject\",\"inLanguage\":\"de\",\"@id\":\"https:\/\/fondation-nicolasgigot.org\/de\/#\/schema\/person\/image\/\",\"url\":\"https:\/\/secure.gravatar.com\/avatar\/b11c5fd468509b88a1b55672e2b113e08d3e41a2142b3b76328dc14c79eb6a84?s=96&d=mm&r=g\",\"contentUrl\":\"https:\/\/secure.gravatar.com\/avatar\/b11c5fd468509b88a1b55672e2b113e08d3e41a2142b3b76328dc14c79eb6a84?s=96&d=mm&r=g\",\"caption\":\"pid\"},\"sameAs\":[\"https:\/\/ns332467.ip-37-187-254.eu\/~nicolasgigot\"]}]}<\/script>\n<!-- \/ Yoast SEO plugin. -->","yoast_head_json":{"title":"SPENDEN AN KRANKENH\u00c4USER - Fondation Nicolas Gigot","robots":{"index":"index","follow":"follow","max-snippet":"max-snippet:-1","max-image-preview":"max-image-preview:large","max-video-preview":"max-video-preview:-1"},"canonical":"https:\/\/fondation-nicolasgigot.org\/de\/spenden-an-krankenhaeuser-2\/","og_locale":"de_DE","og_type":"article","og_title":"SPENDEN AN KRANKENH\u00c4USER - Fondation Nicolas Gigot","og_description":"Dank Ihrer Gro\u00dfz\u00fcgigkeit konnten wir im November zwei wichtige Spenden konkretisieren. Das erste, ein Tobii-Ger\u00e4t, wurde dem Chirec-Krankenhaus in Braine l&#8217;Alleud \u00fcbergeben. das Team von Dr. Van Loo im Chirec-Krankenhaus in Braine l&#8217;Alleud Gefolgt von einer weiteren Spende an das Jessa-Krankenhaus in Hasselt am 7. November. Besonders begr\u00fc\u00dfen m\u00f6chte ich zwei au\u00dfergew\u00f6hnliche Freiwillige Muriel und [&hellip;]","og_url":"https:\/\/fondation-nicolasgigot.org\/de\/spenden-an-krankenhaeuser-2\/","og_site_name":"Fondation Nicolas Gigot","article_published_time":"2023-12-01T10:05:15+00:00","article_modified_time":"2024-06-06T22:28:31+00:00","og_image":[{"width":800,"height":600,"url":"https:\/\/fondation-nicolasgigot.org\/wp-content\/uploads\/2023\/12\/braine-l-alleud.jpg","type":"image\/jpeg"}],"author":"pid","twitter_card":"summary_large_image","twitter_misc":{"Verfasst von":"pid","Gesch\u00e4tzte Lesezeit":"1\u00a0Minute"},"schema":{"@context":"https:\/\/schema.org","@graph":[{"@type":"Article","@id":"https:\/\/fondation-nicolasgigot.org\/de\/spenden-an-krankenhaeuser-2\/#article","isPartOf":{"@id":"https:\/\/fondation-nicolasgigot.org\/de\/spenden-an-krankenhaeuser-2\/"},"author":{"name":"pid","@id":"https:\/\/fondation-nicolasgigot.org\/de\/#\/schema\/person\/6aa0993efaa969fa98d6a15110a3c12e"},"headline":"SPENDEN AN KRANKENH\u00c4USER","datePublished":"2023-12-01T10:05:15+00:00","dateModified":"2024-06-06T22:28:31+00:00","mainEntityOfPage":{"@id":"https:\/\/fondation-nicolasgigot.org\/de\/spenden-an-krankenhaeuser-2\/"},"wordCount":275,"commentCount":0,"publisher":{"@id":"https:\/\/fondation-nicolasgigot.org\/de\/#organization"},"image":{"@id":"https:\/\/fondation-nicolasgigot.org\/de\/spenden-an-krankenhaeuser-2\/#primaryimage"},"thumbnailUrl":"https:\/\/fondation-nicolasgigot.org\/wp-content\/uploads\/2023\/12\/braine-l-alleud.jpg","articleSection":["Nachrichten"],"inLanguage":"de","potentialAction":[{"@type":"CommentAction","name":"Comment","target":["https:\/\/fondation-nicolasgigot.org\/de\/spenden-an-krankenhaeuser-2\/#respond"]}]},{"@type":"WebPage","@id":"https:\/\/fondation-nicolasgigot.org\/de\/spenden-an-krankenhaeuser-2\/","url":"https:\/\/fondation-nicolasgigot.org\/de\/spenden-an-krankenhaeuser-2\/","name":"SPENDEN AN KRANKENH\u00c4USER - Fondation Nicolas Gigot","isPartOf":{"@id":"https:\/\/fondation-nicolasgigot.org\/de\/#website"},"primaryImageOfPage":{"@id":"https:\/\/fondation-nicolasgigot.org\/de\/spenden-an-krankenhaeuser-2\/#primaryimage"},"image":{"@id":"https:\/\/fondation-nicolasgigot.org\/de\/spenden-an-krankenhaeuser-2\/#primaryimage"},"thumbnailUrl":"https:\/\/fondation-nicolasgigot.org\/wp-content\/uploads\/2023\/12\/braine-l-alleud.jpg","datePublished":"2023-12-01T10:05:15+00:00","dateModified":"2024-06-06T22:28:31+00:00","breadcrumb":{"@id":"https:\/\/fondation-nicolasgigot.org\/de\/spenden-an-krankenhaeuser-2\/#breadcrumb"},"inLanguage":"de","potentialAction":[{"@type":"ReadAction","target":["https:\/\/fondation-nicolasgigot.org\/de\/spenden-an-krankenhaeuser-2\/"]}]},{"@type":"ImageObject","inLanguage":"de","@id":"https:\/\/fondation-nicolasgigot.org\/de\/spenden-an-krankenhaeuser-2\/#primaryimage","url":"https:\/\/fondation-nicolasgigot.org\/wp-content\/uploads\/2023\/12\/braine-l-alleud.jpg","contentUrl":"https:\/\/fondation-nicolasgigot.org\/wp-content\/uploads\/2023\/12\/braine-l-alleud.jpg","width":800,"height":600},{"@type":"BreadcrumbList","@id":"https:\/\/fondation-nicolasgigot.org\/de\/spenden-an-krankenhaeuser-2\/#breadcrumb","itemListElement":[{"@type":"ListItem","position":1,"name":"Accueil","item":"https:\/\/fondation-nicolasgigot.org\/de\/"},{"@type":"ListItem","position":2,"name":"SPENDEN AN KRANKENH\u00c4USER"}]},{"@type":"WebSite","@id":"https:\/\/fondation-nicolasgigot.org\/de\/#website","url":"https:\/\/fondation-nicolasgigot.org\/de\/","name":"Fondation Nicolas Gigot","description":"","publisher":{"@id":"https:\/\/fondation-nicolasgigot.org\/de\/#organization"},"potentialAction":[{"@type":"SearchAction","target":{"@type":"EntryPoint","urlTemplate":"https:\/\/fondation-nicolasgigot.org\/de\/?s={search_term_string}"},"query-input":{"@type":"PropertyValueSpecification","valueRequired":true,"valueName":"search_term_string"}}],"inLanguage":"de"},{"@type":"Organization","@id":"https:\/\/fondation-nicolasgigot.org\/de\/#organization","name":"Fondation Nicolas Gigot","url":"https:\/\/fondation-nicolasgigot.org\/de\/","logo":{"@type":"ImageObject","inLanguage":"de","@id":"https:\/\/fondation-nicolasgigot.org\/de\/#\/schema\/logo\/image\/","url":"https:\/\/fondation-nicolasgigot.org\/wp-content\/uploads\/2021\/04\/Groupe-32.svg","contentUrl":"https:\/\/fondation-nicolasgigot.org\/wp-content\/uploads\/2021\/04\/Groupe-32.svg","width":1,"height":1,"caption":"Fondation Nicolas Gigot"},"image":{"@id":"https:\/\/fondation-nicolasgigot.org\/de\/#\/schema\/logo\/image\/"}},{"@type":"Person","@id":"https:\/\/fondation-nicolasgigot.org\/de\/#\/schema\/person\/6aa0993efaa969fa98d6a15110a3c12e","name":"pid","image":{"@type":"ImageObject","inLanguage":"de","@id":"https:\/\/fondation-nicolasgigot.org\/de\/#\/schema\/person\/image\/","url":"https:\/\/secure.gravatar.com\/avatar\/b11c5fd468509b88a1b55672e2b113e08d3e41a2142b3b76328dc14c79eb6a84?s=96&d=mm&r=g","contentUrl":"https:\/\/secure.gravatar.com\/avatar\/b11c5fd468509b88a1b55672e2b113e08d3e41a2142b3b76328dc14c79eb6a84?s=96&d=mm&r=g","caption":"pid"},"sameAs":["https:\/\/ns332467.ip-37-187-254.eu\/~nicolasgigot"]}]}},"_links":{"self":[{"href":"https:\/\/fondation-nicolasgigot.org\/de\/wp-json\/wp\/v2\/posts\/5331","targetHints":{"allow":["GET"]}}],"collection":[{"href":"https:\/\/fondation-nicolasgigot.org\/de\/wp-json\/wp\/v2\/posts"}],"about":[{"href":"https:\/\/fondation-nicolasgigot.org\/de\/wp-json\/wp\/v2\/types\/post"}],"author":[{"embeddable":true,"href":"https:\/\/fondation-nicolasgigot.org\/de\/wp-json\/wp\/v2\/users\/1"}],"replies":[{"embeddable":true,"href":"https:\/\/fondation-nicolasgigot.org\/de\/wp-json\/wp\/v2\/comments?post=5331"}],"version-history":[{"count":1,"href":"https:\/\/fondation-nicolasgigot.org\/de\/wp-json\/wp\/v2\/posts\/5331\/revisions"}],"predecessor-version":[{"id":5332,"href":"https:\/\/fondation-nicolasgigot.org\/de\/wp-json\/wp\/v2\/posts\/5331\/revisions\/5332"}],"wp:featuredmedia":[{"embeddable":true,"href":"https:\/\/fondation-nicolasgigot.org\/de\/wp-json\/wp\/v2\/media\/5101"}],"wp:attachment":[{"href":"https:\/\/fondation-nicolasgigot.org\/de\/wp-json\/wp\/v2\/media?parent=5331"}],"wp:term":[{"taxonomy":"category","embeddable":true,"href":"https:\/\/fondation-nicolasgigot.org\/de\/wp-json\/wp\/v2\/categories?post=5331"},{"taxonomy":"post_tag","embeddable":true,"href":"https:\/\/fondation-nicolasgigot.org\/de\/wp-json\/wp\/v2\/tags?post=5331"}],"curies":[{"name":"wp","href":"https:\/\/api.w.org\/{rel}","templated":true}]}}