{"id":5337,"date":"2023-07-18T11:05:25","date_gmt":"2023-07-18T09:05:25","guid":{"rendered":"https:\/\/fondation-nicolasgigot.org\/3-jahre\/"},"modified":"2024-06-07T00:28:33","modified_gmt":"2024-06-06T22:28:33","slug":"3-jahre","status":"publish","type":"post","link":"https:\/\/fondation-nicolasgigot.org\/de\/3-jahre\/","title":{"rendered":"3 JAHRE"},"content":{"rendered":"\t\t<div data-elementor-type=\"wp-post\" data-elementor-id=\"5337\" class=\"elementor elementor-5337 elementor-5195\" data-elementor-post-type=\"post\">\n\t\t\t\t\t\t<section class=\"elementor-section elementor-top-section elementor-element elementor-element-78f5b9e elementor-section-boxed elementor-section-height-default elementor-section-height-default\" data-id=\"78f5b9e\" data-element_type=\"section\">\n\t\t\t\t\t\t<div class=\"elementor-container elementor-column-gap-default\">\n\t\t\t\t\t<div class=\"elementor-column elementor-col-100 elementor-top-column elementor-element elementor-element-c4f68e3\" data-id=\"c4f68e3\" data-element_type=\"column\">\n\t\t\t<div class=\"elementor-widget-wrap elementor-element-populated\">\n\t\t\t\t\t\t<div class=\"elementor-element elementor-element-622e638 elementor-widget elementor-widget-text-editor\" data-id=\"622e638\" data-element_type=\"widget\" data-widget_type=\"text-editor.default\">\n\t\t\t\t<div class=\"elementor-widget-container\">\n\t\t\t\t\t\t\t\t\t<p>Mein Nikolaus,<\/p><p>Viele deiner Freunde haben mich gefragt, ob ich dieses Jahr das kleine Fest bei deinem Garten machen werde, deinem Garten, den ich lieber so nenne, weil das Wort &#8222;Grab&#8220; so schwer auszusprechen ist. Ich erinnere mich an das letzte Jahr, an das Picknick auf dem Rasen vor dir, mit den verschiedenen Sandwiches und der Sangria bis zum Abwinken. Vielleicht ist es schockierend, aber ich wei\u00df, dass du es geliebt hast!<\/p><p>Aber in diesem Jahr fehlt mir die emotionale Kraft dazu&#8230; Drei Jahre, seit du weg bist, eine Ewigkeit, und doch kommt es mir vor, als w\u00e4re es gestern gewesen. Die Zeit mildert nichts&#8230; Das ist Unsinn. Deine Abwesenheit entfacht das Feuer der Glut meines Kummers in jeder Minute, in der ich an dich denke.<\/p><p>Ich werde nie sagen k\u00f6nnen, wenn ich mir deine Fotos ansehe: &#8222;Ach, das waren noch Zeiten&#8220;, denn diese Zeit wurde mir gestohlen, und vor allem: <strong>Dir<\/strong>gestohlen. Die Erinnerungen werden nur immer schmerzhaft sein, begleitet von diesem unaufh\u00f6rlichen Gef\u00fchl der Wut, der Hilflosigkeit und des Bedauerns.<\/p><p>Mein Sohn, dein Verlust ist eine Wunde, die nie heilen wird. Jeden Tag sp\u00fcre ich, wie sehr mir dein strahlendes L\u00e4cheln, deine warme Pr\u00e4senz und deine Stimme, die so lebendig klang, fehlen. Aber trotz der Not, die mein Herz verzehrt, finde ich Trost in dem Wissen, dass wir dein Andenken durch die Nicolas-Gigot-Stiftung weiterhin in Ehren halten k\u00f6nnen.<\/p><p>Diese Stiftung, die in deinem Namen gegr\u00fcndet wurde, spiegelt deinen gro\u00dfz\u00fcgigen Geist und deine Liebe zu anderen Menschen wider. Durch diese Stiftung f\u00fchren wir dein Verm\u00e4chtnis weiter, indem wir Anliegen unterst\u00fctzen, die dir am Herzen lagen, und ein wenig Licht und Hoffnung dorthin bringen, wo es n\u00f6tig ist. Jede Handlung, die in deinem Namen unternommen wird, ist eine M\u00f6glichkeit, dein Leben zu w\u00fcrdigen und daf\u00fcr zu sorgen, dass dein Andenken fortbesteht.<\/p><p>An diesem Tag, an dem sich dein Abschied zum dritten Mal j\u00e4hrt, verpflichte ich mich, deine Arbeit fortzusetzen und in der Welt etwas zu bewirken, so wie du es zu Lebzeiten getan hast. Deine Gegenwart inspiriert uns weiterhin dazu, bessere, liebevollere und f\u00fcrsorglichere Menschen zu sein.<\/p><p>Nicolas, du wirst f\u00fcr immer in unseren Gedanken, in unseren Gespr\u00e4chen und in unseren Herzen bleiben. Dein Licht leuchtet weiterhin unter uns, du bist und wirst immer geliebt, gesch\u00e4tzt und vermisst werden.<\/p><p>Mutter<\/p>\t\t\t\t\t\t\t\t<\/div>\n\t\t\t\t<\/div>\n\t\t\t\t<div class=\"elementor-element elementor-element-078e04c elementor-widget elementor-widget-image\" data-id=\"078e04c\" data-element_type=\"widget\" data-widget_type=\"image.default\">\n\t\t\t\t<div class=\"elementor-widget-container\">\n\t\t\t\t\t\t\t\t\t\t\t\t\t\t\t<img fetchpriority=\"high\" decoding=\"async\" width=\"576\" height=\"1024\" src=\"https:\/\/fondation-nicolasgigot.org\/wp-content\/uploads\/2023\/07\/20170801_102914-2-576x1024.jpg\" class=\"attachment-large size-large wp-image-5078\" alt=\"\" srcset=\"https:\/\/fondation-nicolasgigot.org\/wp-content\/uploads\/2023\/07\/20170801_102914-2-576x1024.jpg 576w, https:\/\/fondation-nicolasgigot.org\/wp-content\/uploads\/2023\/07\/20170801_102914-2-169x300.jpg 169w, https:\/\/fondation-nicolasgigot.org\/wp-content\/uploads\/2023\/07\/20170801_102914-2-768x1365.jpg 768w, https:\/\/fondation-nicolasgigot.org\/wp-content\/uploads\/2023\/07\/20170801_102914-2-864x1536.jpg 864w, https:\/\/fondation-nicolasgigot.org\/wp-content\/uploads\/2023\/07\/20170801_102914-2-1152x2048.jpg 1152w, https:\/\/fondation-nicolasgigot.org\/wp-content\/uploads\/2023\/07\/20170801_102914-2-1320x2347.jpg 1320w, https:\/\/fondation-nicolasgigot.org\/wp-content\/uploads\/2023\/07\/20170801_102914-2-scaled.jpg 1440w\" sizes=\"(max-width: 576px) 100vw, 576px\" \/>\t\t\t\t\t\t\t\t\t\t\t\t\t\t\t<\/div>\n\t\t\t\t<\/div>\n\t\t\t\t\t<\/div>\n\t\t<\/div>\n\t\t\t\t\t<\/div>\n\t\t<\/section>\n\t\t\t\t<\/div>\n\t\t","protected":false},"excerpt":{"rendered":"<p>Mein Nikolaus, Viele deiner Freunde haben mich gefragt, ob ich dieses Jahr das kleine Fest bei deinem Garten machen werde, deinem Garten, den ich lieber so nenne, weil das Wort &#8222;Grab&#8220; so schwer auszusprechen ist. Ich erinnere mich an das letzte Jahr, an das Picknick auf dem Rasen vor dir, mit den verschiedenen Sandwiches und [&hellip;]<\/p>\n","protected":false},"author":1,"featured_media":5078,"comment_status":"open","ping_status":"open","sticky":false,"template":"","format":"standard","meta":{"_acf_changed":false,"give_campaign_id":0,"footnotes":""},"categories":[78],"tags":[],"class_list":["post-5337","post","type-post","status-publish","format-standard","has-post-thumbnail","hentry","category-nachrichten"],"acf":[],"yoast_head":"<!-- This site is optimized with the Yoast SEO plugin v25.1 - https:\/\/yoast.com\/wordpress\/plugins\/seo\/ -->\n<title>3 JAHRE - Fondation Nicolas Gigot<\/title>\n<meta name=\"robots\" content=\"index, follow, max-snippet:-1, max-image-preview:large, max-video-preview:-1\" \/>\n<link rel=\"canonical\" href=\"https:\/\/fondation-nicolasgigot.org\/de\/3-jahre\/\" \/>\n<meta property=\"og:locale\" content=\"de_DE\" \/>\n<meta property=\"og:type\" content=\"article\" \/>\n<meta property=\"og:title\" content=\"3 JAHRE - Fondation Nicolas Gigot\" \/>\n<meta property=\"og:description\" content=\"Mein Nikolaus, Viele deiner Freunde haben mich gefragt, ob ich dieses Jahr das kleine Fest bei deinem Garten machen werde, deinem Garten, den ich lieber so nenne, weil das Wort &#8222;Grab&#8220; so schwer auszusprechen ist. Ich erinnere mich an das letzte Jahr, an das Picknick auf dem Rasen vor dir, mit den verschiedenen Sandwiches und [&hellip;]\" \/>\n<meta property=\"og:url\" content=\"https:\/\/fondation-nicolasgigot.org\/de\/3-jahre\/\" \/>\n<meta property=\"og:site_name\" content=\"Fondation Nicolas Gigot\" \/>\n<meta property=\"article:published_time\" content=\"2023-07-18T09:05:25+00:00\" \/>\n<meta property=\"article:modified_time\" content=\"2024-06-06T22:28:33+00:00\" \/>\n<meta property=\"og:image\" content=\"https:\/\/fondation-nicolasgigot.org\/wp-content\/uploads\/2023\/07\/20170801_102914-2-scaled.jpg\" \/>\n\t<meta property=\"og:image:width\" content=\"1440\" \/>\n\t<meta property=\"og:image:height\" content=\"2560\" \/>\n\t<meta property=\"og:image:type\" content=\"image\/jpeg\" \/>\n<meta name=\"author\" content=\"pid\" \/>\n<meta name=\"twitter:card\" content=\"summary_large_image\" \/>\n<meta name=\"twitter:label1\" content=\"Verfasst von\" \/>\n\t<meta name=\"twitter:data1\" content=\"pid\" \/>\n\t<meta name=\"twitter:label2\" content=\"Gesch\u00e4tzte Lesezeit\" \/>\n\t<meta name=\"twitter:data2\" content=\"2\u00a0Minuten\" \/>\n<script type=\"application\/ld+json\" class=\"yoast-schema-graph\">{\"@context\":\"https:\/\/schema.org\",\"@graph\":[{\"@type\":\"Article\",\"@id\":\"https:\/\/fondation-nicolasgigot.org\/de\/3-jahre\/#article\",\"isPartOf\":{\"@id\":\"https:\/\/fondation-nicolasgigot.org\/de\/3-jahre\/\"},\"author\":{\"name\":\"pid\",\"@id\":\"https:\/\/fondation-nicolasgigot.org\/de\/#\/schema\/person\/6aa0993efaa969fa98d6a15110a3c12e\"},\"headline\":\"3 JAHRE\",\"datePublished\":\"2023-07-18T09:05:25+00:00\",\"dateModified\":\"2024-06-06T22:28:33+00:00\",\"mainEntityOfPage\":{\"@id\":\"https:\/\/fondation-nicolasgigot.org\/de\/3-jahre\/\"},\"wordCount\":403,\"commentCount\":0,\"publisher\":{\"@id\":\"https:\/\/fondation-nicolasgigot.org\/de\/#organization\"},\"image\":{\"@id\":\"https:\/\/fondation-nicolasgigot.org\/de\/3-jahre\/#primaryimage\"},\"thumbnailUrl\":\"https:\/\/fondation-nicolasgigot.org\/wp-content\/uploads\/2023\/07\/20170801_102914-2-scaled.jpg\",\"articleSection\":[\"Nachrichten\"],\"inLanguage\":\"de\",\"potentialAction\":[{\"@type\":\"CommentAction\",\"name\":\"Comment\",\"target\":[\"https:\/\/fondation-nicolasgigot.org\/de\/3-jahre\/#respond\"]}]},{\"@type\":\"WebPage\",\"@id\":\"https:\/\/fondation-nicolasgigot.org\/de\/3-jahre\/\",\"url\":\"https:\/\/fondation-nicolasgigot.org\/de\/3-jahre\/\",\"name\":\"3 JAHRE - Fondation Nicolas Gigot\",\"isPartOf\":{\"@id\":\"https:\/\/fondation-nicolasgigot.org\/de\/#website\"},\"primaryImageOfPage\":{\"@id\":\"https:\/\/fondation-nicolasgigot.org\/de\/3-jahre\/#primaryimage\"},\"image\":{\"@id\":\"https:\/\/fondation-nicolasgigot.org\/de\/3-jahre\/#primaryimage\"},\"thumbnailUrl\":\"https:\/\/fondation-nicolasgigot.org\/wp-content\/uploads\/2023\/07\/20170801_102914-2-scaled.jpg\",\"datePublished\":\"2023-07-18T09:05:25+00:00\",\"dateModified\":\"2024-06-06T22:28:33+00:00\",\"breadcrumb\":{\"@id\":\"https:\/\/fondation-nicolasgigot.org\/de\/3-jahre\/#breadcrumb\"},\"inLanguage\":\"de\",\"potentialAction\":[{\"@type\":\"ReadAction\",\"target\":[\"https:\/\/fondation-nicolasgigot.org\/de\/3-jahre\/\"]}]},{\"@type\":\"ImageObject\",\"inLanguage\":\"de\",\"@id\":\"https:\/\/fondation-nicolasgigot.org\/de\/3-jahre\/#primaryimage\",\"url\":\"https:\/\/fondation-nicolasgigot.org\/wp-content\/uploads\/2023\/07\/20170801_102914-2-scaled.jpg\",\"contentUrl\":\"https:\/\/fondation-nicolasgigot.org\/wp-content\/uploads\/2023\/07\/20170801_102914-2-scaled.jpg\",\"width\":1440,\"height\":2560},{\"@type\":\"BreadcrumbList\",\"@id\":\"https:\/\/fondation-nicolasgigot.org\/de\/3-jahre\/#breadcrumb\",\"itemListElement\":[{\"@type\":\"ListItem\",\"position\":1,\"name\":\"Accueil\",\"item\":\"https:\/\/fondation-nicolasgigot.org\/de\/\"},{\"@type\":\"ListItem\",\"position\":2,\"name\":\"3 JAHRE\"}]},{\"@type\":\"WebSite\",\"@id\":\"https:\/\/fondation-nicolasgigot.org\/de\/#website\",\"url\":\"https:\/\/fondation-nicolasgigot.org\/de\/\",\"name\":\"Fondation Nicolas Gigot\",\"description\":\"\",\"publisher\":{\"@id\":\"https:\/\/fondation-nicolasgigot.org\/de\/#organization\"},\"potentialAction\":[{\"@type\":\"SearchAction\",\"target\":{\"@type\":\"EntryPoint\",\"urlTemplate\":\"https:\/\/fondation-nicolasgigot.org\/de\/?s={search_term_string}\"},\"query-input\":{\"@type\":\"PropertyValueSpecification\",\"valueRequired\":true,\"valueName\":\"search_term_string\"}}],\"inLanguage\":\"de\"},{\"@type\":\"Organization\",\"@id\":\"https:\/\/fondation-nicolasgigot.org\/de\/#organization\",\"name\":\"Fondation Nicolas Gigot\",\"url\":\"https:\/\/fondation-nicolasgigot.org\/de\/\",\"logo\":{\"@type\":\"ImageObject\",\"inLanguage\":\"de\",\"@id\":\"https:\/\/fondation-nicolasgigot.org\/de\/#\/schema\/logo\/image\/\",\"url\":\"https:\/\/fondation-nicolasgigot.org\/wp-content\/uploads\/2021\/04\/Groupe-32.svg\",\"contentUrl\":\"https:\/\/fondation-nicolasgigot.org\/wp-content\/uploads\/2021\/04\/Groupe-32.svg\",\"width\":1,\"height\":1,\"caption\":\"Fondation Nicolas Gigot\"},\"image\":{\"@id\":\"https:\/\/fondation-nicolasgigot.org\/de\/#\/schema\/logo\/image\/\"}},{\"@type\":\"Person\",\"@id\":\"https:\/\/fondation-nicolasgigot.org\/de\/#\/schema\/person\/6aa0993efaa969fa98d6a15110a3c12e\",\"name\":\"pid\",\"image\":{\"@type\":\"ImageObject\",\"inLanguage\":\"de\",\"@id\":\"https:\/\/fondation-nicolasgigot.org\/de\/#\/schema\/person\/image\/\",\"url\":\"https:\/\/secure.gravatar.com\/avatar\/b11c5fd468509b88a1b55672e2b113e08d3e41a2142b3b76328dc14c79eb6a84?s=96&d=mm&r=g\",\"contentUrl\":\"https:\/\/secure.gravatar.com\/avatar\/b11c5fd468509b88a1b55672e2b113e08d3e41a2142b3b76328dc14c79eb6a84?s=96&d=mm&r=g\",\"caption\":\"pid\"},\"sameAs\":[\"https:\/\/ns332467.ip-37-187-254.eu\/~nicolasgigot\"]}]}<\/script>\n<!-- \/ Yoast SEO plugin. -->","yoast_head_json":{"title":"3 JAHRE - Fondation Nicolas Gigot","robots":{"index":"index","follow":"follow","max-snippet":"max-snippet:-1","max-image-preview":"max-image-preview:large","max-video-preview":"max-video-preview:-1"},"canonical":"https:\/\/fondation-nicolasgigot.org\/de\/3-jahre\/","og_locale":"de_DE","og_type":"article","og_title":"3 JAHRE - Fondation Nicolas Gigot","og_description":"Mein Nikolaus, Viele deiner Freunde haben mich gefragt, ob ich dieses Jahr das kleine Fest bei deinem Garten machen werde, deinem Garten, den ich lieber so nenne, weil das Wort &#8222;Grab&#8220; so schwer auszusprechen ist. Ich erinnere mich an das letzte Jahr, an das Picknick auf dem Rasen vor dir, mit den verschiedenen Sandwiches und [&hellip;]","og_url":"https:\/\/fondation-nicolasgigot.org\/de\/3-jahre\/","og_site_name":"Fondation Nicolas Gigot","article_published_time":"2023-07-18T09:05:25+00:00","article_modified_time":"2024-06-06T22:28:33+00:00","og_image":[{"width":1440,"height":2560,"url":"https:\/\/fondation-nicolasgigot.org\/wp-content\/uploads\/2023\/07\/20170801_102914-2-scaled.jpg","type":"image\/jpeg"}],"author":"pid","twitter_card":"summary_large_image","twitter_misc":{"Verfasst von":"pid","Gesch\u00e4tzte Lesezeit":"2\u00a0Minuten"},"schema":{"@context":"https:\/\/schema.org","@graph":[{"@type":"Article","@id":"https:\/\/fondation-nicolasgigot.org\/de\/3-jahre\/#article","isPartOf":{"@id":"https:\/\/fondation-nicolasgigot.org\/de\/3-jahre\/"},"author":{"name":"pid","@id":"https:\/\/fondation-nicolasgigot.org\/de\/#\/schema\/person\/6aa0993efaa969fa98d6a15110a3c12e"},"headline":"3 JAHRE","datePublished":"2023-07-18T09:05:25+00:00","dateModified":"2024-06-06T22:28:33+00:00","mainEntityOfPage":{"@id":"https:\/\/fondation-nicolasgigot.org\/de\/3-jahre\/"},"wordCount":403,"commentCount":0,"publisher":{"@id":"https:\/\/fondation-nicolasgigot.org\/de\/#organization"},"image":{"@id":"https:\/\/fondation-nicolasgigot.org\/de\/3-jahre\/#primaryimage"},"thumbnailUrl":"https:\/\/fondation-nicolasgigot.org\/wp-content\/uploads\/2023\/07\/20170801_102914-2-scaled.jpg","articleSection":["Nachrichten"],"inLanguage":"de","potentialAction":[{"@type":"CommentAction","name":"Comment","target":["https:\/\/fondation-nicolasgigot.org\/de\/3-jahre\/#respond"]}]},{"@type":"WebPage","@id":"https:\/\/fondation-nicolasgigot.org\/de\/3-jahre\/","url":"https:\/\/fondation-nicolasgigot.org\/de\/3-jahre\/","name":"3 JAHRE - Fondation Nicolas Gigot","isPartOf":{"@id":"https:\/\/fondation-nicolasgigot.org\/de\/#website"},"primaryImageOfPage":{"@id":"https:\/\/fondation-nicolasgigot.org\/de\/3-jahre\/#primaryimage"},"image":{"@id":"https:\/\/fondation-nicolasgigot.org\/de\/3-jahre\/#primaryimage"},"thumbnailUrl":"https:\/\/fondation-nicolasgigot.org\/wp-content\/uploads\/2023\/07\/20170801_102914-2-scaled.jpg","datePublished":"2023-07-18T09:05:25+00:00","dateModified":"2024-06-06T22:28:33+00:00","breadcrumb":{"@id":"https:\/\/fondation-nicolasgigot.org\/de\/3-jahre\/#breadcrumb"},"inLanguage":"de","potentialAction":[{"@type":"ReadAction","target":["https:\/\/fondation-nicolasgigot.org\/de\/3-jahre\/"]}]},{"@type":"ImageObject","inLanguage":"de","@id":"https:\/\/fondation-nicolasgigot.org\/de\/3-jahre\/#primaryimage","url":"https:\/\/fondation-nicolasgigot.org\/wp-content\/uploads\/2023\/07\/20170801_102914-2-scaled.jpg","contentUrl":"https:\/\/fondation-nicolasgigot.org\/wp-content\/uploads\/2023\/07\/20170801_102914-2-scaled.jpg","width":1440,"height":2560},{"@type":"BreadcrumbList","@id":"https:\/\/fondation-nicolasgigot.org\/de\/3-jahre\/#breadcrumb","itemListElement":[{"@type":"ListItem","position":1,"name":"Accueil","item":"https:\/\/fondation-nicolasgigot.org\/de\/"},{"@type":"ListItem","position":2,"name":"3 JAHRE"}]},{"@type":"WebSite","@id":"https:\/\/fondation-nicolasgigot.org\/de\/#website","url":"https:\/\/fondation-nicolasgigot.org\/de\/","name":"Fondation Nicolas Gigot","description":"","publisher":{"@id":"https:\/\/fondation-nicolasgigot.org\/de\/#organization"},"potentialAction":[{"@type":"SearchAction","target":{"@type":"EntryPoint","urlTemplate":"https:\/\/fondation-nicolasgigot.org\/de\/?s={search_term_string}"},"query-input":{"@type":"PropertyValueSpecification","valueRequired":true,"valueName":"search_term_string"}}],"inLanguage":"de"},{"@type":"Organization","@id":"https:\/\/fondation-nicolasgigot.org\/de\/#organization","name":"Fondation Nicolas Gigot","url":"https:\/\/fondation-nicolasgigot.org\/de\/","logo":{"@type":"ImageObject","inLanguage":"de","@id":"https:\/\/fondation-nicolasgigot.org\/de\/#\/schema\/logo\/image\/","url":"https:\/\/fondation-nicolasgigot.org\/wp-content\/uploads\/2021\/04\/Groupe-32.svg","contentUrl":"https:\/\/fondation-nicolasgigot.org\/wp-content\/uploads\/2021\/04\/Groupe-32.svg","width":1,"height":1,"caption":"Fondation Nicolas Gigot"},"image":{"@id":"https:\/\/fondation-nicolasgigot.org\/de\/#\/schema\/logo\/image\/"}},{"@type":"Person","@id":"https:\/\/fondation-nicolasgigot.org\/de\/#\/schema\/person\/6aa0993efaa969fa98d6a15110a3c12e","name":"pid","image":{"@type":"ImageObject","inLanguage":"de","@id":"https:\/\/fondation-nicolasgigot.org\/de\/#\/schema\/person\/image\/","url":"https:\/\/secure.gravatar.com\/avatar\/b11c5fd468509b88a1b55672e2b113e08d3e41a2142b3b76328dc14c79eb6a84?s=96&d=mm&r=g","contentUrl":"https:\/\/secure.gravatar.com\/avatar\/b11c5fd468509b88a1b55672e2b113e08d3e41a2142b3b76328dc14c79eb6a84?s=96&d=mm&r=g","caption":"pid"},"sameAs":["https:\/\/ns332467.ip-37-187-254.eu\/~nicolasgigot"]}]}},"_links":{"self":[{"href":"https:\/\/fondation-nicolasgigot.org\/de\/wp-json\/wp\/v2\/posts\/5337","targetHints":{"allow":["GET"]}}],"collection":[{"href":"https:\/\/fondation-nicolasgigot.org\/de\/wp-json\/wp\/v2\/posts"}],"about":[{"href":"https:\/\/fondation-nicolasgigot.org\/de\/wp-json\/wp\/v2\/types\/post"}],"author":[{"embeddable":true,"href":"https:\/\/fondation-nicolasgigot.org\/de\/wp-json\/wp\/v2\/users\/1"}],"replies":[{"embeddable":true,"href":"https:\/\/fondation-nicolasgigot.org\/de\/wp-json\/wp\/v2\/comments?post=5337"}],"version-history":[{"count":1,"href":"https:\/\/fondation-nicolasgigot.org\/de\/wp-json\/wp\/v2\/posts\/5337\/revisions"}],"predecessor-version":[{"id":5338,"href":"https:\/\/fondation-nicolasgigot.org\/de\/wp-json\/wp\/v2\/posts\/5337\/revisions\/5338"}],"wp:featuredmedia":[{"embeddable":true,"href":"https:\/\/fondation-nicolasgigot.org\/de\/wp-json\/wp\/v2\/media\/5078"}],"wp:attachment":[{"href":"https:\/\/fondation-nicolasgigot.org\/de\/wp-json\/wp\/v2\/media?parent=5337"}],"wp:term":[{"taxonomy":"category","embeddable":true,"href":"https:\/\/fondation-nicolasgigot.org\/de\/wp-json\/wp\/v2\/categories?post=5337"},{"taxonomy":"post_tag","embeddable":true,"href":"https:\/\/fondation-nicolasgigot.org\/de\/wp-json\/wp\/v2\/tags?post=5337"}],"curies":[{"name":"wp","href":"https:\/\/api.w.org\/{rel}","templated":true}]}}