{"id":5349,"date":"2023-06-26T11:05:28","date_gmt":"2023-06-26T09:05:28","guid":{"rendered":"https:\/\/fondation-nicolasgigot.org\/danke-an-eurogentec\/"},"modified":"2024-06-07T00:28:39","modified_gmt":"2024-06-06T22:28:39","slug":"danke-an-eurogentec","status":"publish","type":"post","link":"https:\/\/fondation-nicolasgigot.org\/de\/danke-an-eurogentec\/","title":{"rendered":"DANKE AN EUROGENTEC"},"content":{"rendered":"\t\t<div data-elementor-type=\"wp-post\" data-elementor-id=\"5349\" class=\"elementor elementor-5349 elementor-5197\" data-elementor-post-type=\"post\">\n\t\t\t\t\t\t<section class=\"elementor-section elementor-top-section elementor-element elementor-element-c7adf99 elementor-section-boxed elementor-section-height-default elementor-section-height-default\" data-id=\"c7adf99\" data-element_type=\"section\">\n\t\t\t\t\t\t<div class=\"elementor-container elementor-column-gap-default\">\n\t\t\t\t\t<div class=\"elementor-column elementor-col-100 elementor-top-column elementor-element elementor-element-c260c9b\" data-id=\"c260c9b\" data-element_type=\"column\">\n\t\t\t<div class=\"elementor-widget-wrap elementor-element-populated\">\n\t\t\t\t\t\t<div class=\"elementor-element elementor-element-3f4f22d elementor-widget elementor-widget-text-editor\" data-id=\"3f4f22d\" data-element_type=\"widget\" data-widget_type=\"text-editor.default\">\n\t\t\t\t<div class=\"elementor-widget-container\">\n\t\t\t\t\t\t\t\t\t<p>Das Unternehmen Kaneka Eurogentec organisierte ein Solidarit\u00e4tsfr\u00fchst\u00fcck f\u00fcr die Nicolas-Gigot-Stiftung.<\/p><p>So wurden mehr als 215 Fr\u00fchst\u00fcckspakete serviert und der Spendentopf gef\u00fcllt!<\/p><p>Ich m\u00f6chte mich bei allen Mitgliedern von Eurogentec bedanken, aber auch bei denjenigen, die die Vorbereitung dieser Pakete erm\u00f6glicht haben:<\/p><p>*die B\u00e4ckerei &#8222;chez Blanche&#8220; (bei Blanche)<\/p><p>*la Charcuterie &#8222;Andr\u00e9&#8220; (Wurstwaren)<\/p><p>*Bio-Lebensmittel &#8220; AL&#8217;BINETE &#8222;<\/p><p>*die kleinen S\u00e4fte von Delhaize in St. Vith und Malmedy<\/p><p>* Schokoladeneier und verschiedene S\u00fc\u00dfigkeiten von Colruyt Gretry und Wemperhardt.<\/p><p>DANKE F\u00dcR IHRE FREUNDLICHKEIT<\/p><p>Nadine<\/p>\t\t\t\t\t\t\t\t<\/div>\n\t\t\t\t<\/div>\n\t\t\t\t<div class=\"elementor-element elementor-element-064bf04 elementor-widget elementor-widget-image\" data-id=\"064bf04\" data-element_type=\"widget\" data-widget_type=\"image.default\">\n\t\t\t\t<div class=\"elementor-widget-container\">\n\t\t\t\t\t\t\t\t\t\t\t\t\t\t\t<img fetchpriority=\"high\" decoding=\"async\" width=\"768\" height=\"1024\" src=\"https:\/\/fondation-nicolasgigot.org\/wp-content\/uploads\/2023\/06\/20230428_084120-768x1024.jpg\" class=\"attachment-large size-large wp-image-5057\" alt=\"\" srcset=\"https:\/\/fondation-nicolasgigot.org\/wp-content\/uploads\/2023\/06\/20230428_084120-768x1024.jpg 768w, https:\/\/fondation-nicolasgigot.org\/wp-content\/uploads\/2023\/06\/20230428_084120-225x300.jpg 225w, https:\/\/fondation-nicolasgigot.org\/wp-content\/uploads\/2023\/06\/20230428_084120-1152x1536.jpg 1152w, https:\/\/fondation-nicolasgigot.org\/wp-content\/uploads\/2023\/06\/20230428_084120-1536x2048.jpg 1536w, https:\/\/fondation-nicolasgigot.org\/wp-content\/uploads\/2023\/06\/20230428_084120-1320x1760.jpg 1320w, https:\/\/fondation-nicolasgigot.org\/wp-content\/uploads\/2023\/06\/20230428_084120-scaled.jpg 1920w\" sizes=\"(max-width: 768px) 100vw, 768px\" \/>\t\t\t\t\t\t\t\t\t\t\t\t\t\t\t<\/div>\n\t\t\t\t<\/div>\n\t\t\t\t\t<\/div>\n\t\t<\/div>\n\t\t\t\t\t<\/div>\n\t\t<\/section>\n\t\t\t\t<\/div>\n\t\t","protected":false},"excerpt":{"rendered":"<p>Das Unternehmen Kaneka Eurogentec organisierte ein Solidarit\u00e4tsfr\u00fchst\u00fcck f\u00fcr die Nicolas-Gigot-Stiftung. So wurden mehr als 215 Fr\u00fchst\u00fcckspakete serviert und der Spendentopf gef\u00fcllt! Ich m\u00f6chte mich bei allen Mitgliedern von Eurogentec bedanken, aber auch bei denjenigen, die die Vorbereitung dieser Pakete erm\u00f6glicht haben: *die B\u00e4ckerei &#8222;chez Blanche&#8220; (bei Blanche) *la Charcuterie &#8222;Andr\u00e9&#8220; (Wurstwaren) *Bio-Lebensmittel &#8220; AL&#8217;BINETE &#8222; [&hellip;]<\/p>\n","protected":false},"author":1,"featured_media":5057,"comment_status":"open","ping_status":"open","sticky":false,"template":"","format":"standard","meta":{"_acf_changed":false,"give_campaign_id":0,"footnotes":""},"categories":[78],"tags":[],"class_list":["post-5349","post","type-post","status-publish","format-standard","has-post-thumbnail","hentry","category-nachrichten"],"acf":[],"yoast_head":"<!-- This site is optimized with the Yoast SEO plugin v25.1 - https:\/\/yoast.com\/wordpress\/plugins\/seo\/ -->\n<title>DANKE AN EUROGENTEC - Fondation Nicolas Gigot<\/title>\n<meta name=\"robots\" content=\"index, follow, max-snippet:-1, max-image-preview:large, max-video-preview:-1\" \/>\n<link rel=\"canonical\" href=\"https:\/\/fondation-nicolasgigot.org\/de\/danke-an-eurogentec\/\" \/>\n<meta property=\"og:locale\" content=\"de_DE\" \/>\n<meta property=\"og:type\" content=\"article\" \/>\n<meta property=\"og:title\" content=\"DANKE AN EUROGENTEC - Fondation Nicolas Gigot\" \/>\n<meta property=\"og:description\" content=\"Das Unternehmen Kaneka Eurogentec organisierte ein Solidarit\u00e4tsfr\u00fchst\u00fcck f\u00fcr die Nicolas-Gigot-Stiftung. So wurden mehr als 215 Fr\u00fchst\u00fcckspakete serviert und der Spendentopf gef\u00fcllt! Ich m\u00f6chte mich bei allen Mitgliedern von Eurogentec bedanken, aber auch bei denjenigen, die die Vorbereitung dieser Pakete erm\u00f6glicht haben: *die B\u00e4ckerei &#8222;chez Blanche&#8220; (bei Blanche) *la Charcuterie &#8222;Andr\u00e9&#8220; (Wurstwaren) *Bio-Lebensmittel &#8220; AL&#8217;BINETE &#8222; [&hellip;]\" \/>\n<meta property=\"og:url\" content=\"https:\/\/fondation-nicolasgigot.org\/de\/danke-an-eurogentec\/\" \/>\n<meta property=\"og:site_name\" content=\"Fondation Nicolas Gigot\" \/>\n<meta property=\"article:published_time\" content=\"2023-06-26T09:05:28+00:00\" \/>\n<meta property=\"article:modified_time\" content=\"2024-06-06T22:28:39+00:00\" \/>\n<meta property=\"og:image\" content=\"https:\/\/fondation-nicolasgigot.org\/wp-content\/uploads\/2023\/06\/20230428_084120-scaled.jpg\" \/>\n\t<meta property=\"og:image:width\" content=\"1920\" \/>\n\t<meta property=\"og:image:height\" content=\"2560\" \/>\n\t<meta property=\"og:image:type\" content=\"image\/jpeg\" \/>\n<meta name=\"author\" content=\"pid\" \/>\n<meta name=\"twitter:card\" content=\"summary_large_image\" \/>\n<meta name=\"twitter:label1\" content=\"Verfasst von\" \/>\n\t<meta name=\"twitter:data1\" content=\"pid\" \/>\n<script type=\"application\/ld+json\" class=\"yoast-schema-graph\">{\"@context\":\"https:\/\/schema.org\",\"@graph\":[{\"@type\":\"Article\",\"@id\":\"https:\/\/fondation-nicolasgigot.org\/de\/danke-an-eurogentec\/#article\",\"isPartOf\":{\"@id\":\"https:\/\/fondation-nicolasgigot.org\/de\/danke-an-eurogentec\/\"},\"author\":{\"name\":\"pid\",\"@id\":\"https:\/\/fondation-nicolasgigot.org\/de\/#\/schema\/person\/6aa0993efaa969fa98d6a15110a3c12e\"},\"headline\":\"DANKE AN EUROGENTEC\",\"datePublished\":\"2023-06-26T09:05:28+00:00\",\"dateModified\":\"2024-06-06T22:28:39+00:00\",\"mainEntityOfPage\":{\"@id\":\"https:\/\/fondation-nicolasgigot.org\/de\/danke-an-eurogentec\/\"},\"wordCount\":92,\"commentCount\":0,\"publisher\":{\"@id\":\"https:\/\/fondation-nicolasgigot.org\/de\/#organization\"},\"image\":{\"@id\":\"https:\/\/fondation-nicolasgigot.org\/de\/danke-an-eurogentec\/#primaryimage\"},\"thumbnailUrl\":\"https:\/\/fondation-nicolasgigot.org\/wp-content\/uploads\/2023\/06\/20230428_084120-scaled.jpg\",\"articleSection\":[\"Nachrichten\"],\"inLanguage\":\"de\",\"potentialAction\":[{\"@type\":\"CommentAction\",\"name\":\"Comment\",\"target\":[\"https:\/\/fondation-nicolasgigot.org\/de\/danke-an-eurogentec\/#respond\"]}]},{\"@type\":\"WebPage\",\"@id\":\"https:\/\/fondation-nicolasgigot.org\/de\/danke-an-eurogentec\/\",\"url\":\"https:\/\/fondation-nicolasgigot.org\/de\/danke-an-eurogentec\/\",\"name\":\"DANKE AN EUROGENTEC - Fondation Nicolas Gigot\",\"isPartOf\":{\"@id\":\"https:\/\/fondation-nicolasgigot.org\/de\/#website\"},\"primaryImageOfPage\":{\"@id\":\"https:\/\/fondation-nicolasgigot.org\/de\/danke-an-eurogentec\/#primaryimage\"},\"image\":{\"@id\":\"https:\/\/fondation-nicolasgigot.org\/de\/danke-an-eurogentec\/#primaryimage\"},\"thumbnailUrl\":\"https:\/\/fondation-nicolasgigot.org\/wp-content\/uploads\/2023\/06\/20230428_084120-scaled.jpg\",\"datePublished\":\"2023-06-26T09:05:28+00:00\",\"dateModified\":\"2024-06-06T22:28:39+00:00\",\"breadcrumb\":{\"@id\":\"https:\/\/fondation-nicolasgigot.org\/de\/danke-an-eurogentec\/#breadcrumb\"},\"inLanguage\":\"de\",\"potentialAction\":[{\"@type\":\"ReadAction\",\"target\":[\"https:\/\/fondation-nicolasgigot.org\/de\/danke-an-eurogentec\/\"]}]},{\"@type\":\"ImageObject\",\"inLanguage\":\"de\",\"@id\":\"https:\/\/fondation-nicolasgigot.org\/de\/danke-an-eurogentec\/#primaryimage\",\"url\":\"https:\/\/fondation-nicolasgigot.org\/wp-content\/uploads\/2023\/06\/20230428_084120-scaled.jpg\",\"contentUrl\":\"https:\/\/fondation-nicolasgigot.org\/wp-content\/uploads\/2023\/06\/20230428_084120-scaled.jpg\",\"width\":1920,\"height\":2560},{\"@type\":\"BreadcrumbList\",\"@id\":\"https:\/\/fondation-nicolasgigot.org\/de\/danke-an-eurogentec\/#breadcrumb\",\"itemListElement\":[{\"@type\":\"ListItem\",\"position\":1,\"name\":\"Accueil\",\"item\":\"https:\/\/fondation-nicolasgigot.org\/de\/\"},{\"@type\":\"ListItem\",\"position\":2,\"name\":\"DANKE AN EUROGENTEC\"}]},{\"@type\":\"WebSite\",\"@id\":\"https:\/\/fondation-nicolasgigot.org\/de\/#website\",\"url\":\"https:\/\/fondation-nicolasgigot.org\/de\/\",\"name\":\"Fondation Nicolas Gigot\",\"description\":\"\",\"publisher\":{\"@id\":\"https:\/\/fondation-nicolasgigot.org\/de\/#organization\"},\"potentialAction\":[{\"@type\":\"SearchAction\",\"target\":{\"@type\":\"EntryPoint\",\"urlTemplate\":\"https:\/\/fondation-nicolasgigot.org\/de\/?s={search_term_string}\"},\"query-input\":{\"@type\":\"PropertyValueSpecification\",\"valueRequired\":true,\"valueName\":\"search_term_string\"}}],\"inLanguage\":\"de\"},{\"@type\":\"Organization\",\"@id\":\"https:\/\/fondation-nicolasgigot.org\/de\/#organization\",\"name\":\"Fondation Nicolas Gigot\",\"url\":\"https:\/\/fondation-nicolasgigot.org\/de\/\",\"logo\":{\"@type\":\"ImageObject\",\"inLanguage\":\"de\",\"@id\":\"https:\/\/fondation-nicolasgigot.org\/de\/#\/schema\/logo\/image\/\",\"url\":\"https:\/\/fondation-nicolasgigot.org\/wp-content\/uploads\/2021\/04\/Groupe-32.svg\",\"contentUrl\":\"https:\/\/fondation-nicolasgigot.org\/wp-content\/uploads\/2021\/04\/Groupe-32.svg\",\"width\":1,\"height\":1,\"caption\":\"Fondation Nicolas Gigot\"},\"image\":{\"@id\":\"https:\/\/fondation-nicolasgigot.org\/de\/#\/schema\/logo\/image\/\"}},{\"@type\":\"Person\",\"@id\":\"https:\/\/fondation-nicolasgigot.org\/de\/#\/schema\/person\/6aa0993efaa969fa98d6a15110a3c12e\",\"name\":\"pid\",\"image\":{\"@type\":\"ImageObject\",\"inLanguage\":\"de\",\"@id\":\"https:\/\/fondation-nicolasgigot.org\/de\/#\/schema\/person\/image\/\",\"url\":\"https:\/\/secure.gravatar.com\/avatar\/b11c5fd468509b88a1b55672e2b113e08d3e41a2142b3b76328dc14c79eb6a84?s=96&d=mm&r=g\",\"contentUrl\":\"https:\/\/secure.gravatar.com\/avatar\/b11c5fd468509b88a1b55672e2b113e08d3e41a2142b3b76328dc14c79eb6a84?s=96&d=mm&r=g\",\"caption\":\"pid\"},\"sameAs\":[\"https:\/\/ns332467.ip-37-187-254.eu\/~nicolasgigot\"]}]}<\/script>\n<!-- \/ Yoast SEO plugin. -->","yoast_head_json":{"title":"DANKE AN EUROGENTEC - Fondation Nicolas Gigot","robots":{"index":"index","follow":"follow","max-snippet":"max-snippet:-1","max-image-preview":"max-image-preview:large","max-video-preview":"max-video-preview:-1"},"canonical":"https:\/\/fondation-nicolasgigot.org\/de\/danke-an-eurogentec\/","og_locale":"de_DE","og_type":"article","og_title":"DANKE AN EUROGENTEC - Fondation Nicolas Gigot","og_description":"Das Unternehmen Kaneka Eurogentec organisierte ein Solidarit\u00e4tsfr\u00fchst\u00fcck f\u00fcr die Nicolas-Gigot-Stiftung. So wurden mehr als 215 Fr\u00fchst\u00fcckspakete serviert und der Spendentopf gef\u00fcllt! Ich m\u00f6chte mich bei allen Mitgliedern von Eurogentec bedanken, aber auch bei denjenigen, die die Vorbereitung dieser Pakete erm\u00f6glicht haben: *die B\u00e4ckerei &#8222;chez Blanche&#8220; (bei Blanche) *la Charcuterie &#8222;Andr\u00e9&#8220; (Wurstwaren) *Bio-Lebensmittel &#8220; AL&#8217;BINETE &#8222; [&hellip;]","og_url":"https:\/\/fondation-nicolasgigot.org\/de\/danke-an-eurogentec\/","og_site_name":"Fondation Nicolas Gigot","article_published_time":"2023-06-26T09:05:28+00:00","article_modified_time":"2024-06-06T22:28:39+00:00","og_image":[{"width":1920,"height":2560,"url":"https:\/\/fondation-nicolasgigot.org\/wp-content\/uploads\/2023\/06\/20230428_084120-scaled.jpg","type":"image\/jpeg"}],"author":"pid","twitter_card":"summary_large_image","twitter_misc":{"Verfasst von":"pid"},"schema":{"@context":"https:\/\/schema.org","@graph":[{"@type":"Article","@id":"https:\/\/fondation-nicolasgigot.org\/de\/danke-an-eurogentec\/#article","isPartOf":{"@id":"https:\/\/fondation-nicolasgigot.org\/de\/danke-an-eurogentec\/"},"author":{"name":"pid","@id":"https:\/\/fondation-nicolasgigot.org\/de\/#\/schema\/person\/6aa0993efaa969fa98d6a15110a3c12e"},"headline":"DANKE AN EUROGENTEC","datePublished":"2023-06-26T09:05:28+00:00","dateModified":"2024-06-06T22:28:39+00:00","mainEntityOfPage":{"@id":"https:\/\/fondation-nicolasgigot.org\/de\/danke-an-eurogentec\/"},"wordCount":92,"commentCount":0,"publisher":{"@id":"https:\/\/fondation-nicolasgigot.org\/de\/#organization"},"image":{"@id":"https:\/\/fondation-nicolasgigot.org\/de\/danke-an-eurogentec\/#primaryimage"},"thumbnailUrl":"https:\/\/fondation-nicolasgigot.org\/wp-content\/uploads\/2023\/06\/20230428_084120-scaled.jpg","articleSection":["Nachrichten"],"inLanguage":"de","potentialAction":[{"@type":"CommentAction","name":"Comment","target":["https:\/\/fondation-nicolasgigot.org\/de\/danke-an-eurogentec\/#respond"]}]},{"@type":"WebPage","@id":"https:\/\/fondation-nicolasgigot.org\/de\/danke-an-eurogentec\/","url":"https:\/\/fondation-nicolasgigot.org\/de\/danke-an-eurogentec\/","name":"DANKE AN EUROGENTEC - Fondation Nicolas Gigot","isPartOf":{"@id":"https:\/\/fondation-nicolasgigot.org\/de\/#website"},"primaryImageOfPage":{"@id":"https:\/\/fondation-nicolasgigot.org\/de\/danke-an-eurogentec\/#primaryimage"},"image":{"@id":"https:\/\/fondation-nicolasgigot.org\/de\/danke-an-eurogentec\/#primaryimage"},"thumbnailUrl":"https:\/\/fondation-nicolasgigot.org\/wp-content\/uploads\/2023\/06\/20230428_084120-scaled.jpg","datePublished":"2023-06-26T09:05:28+00:00","dateModified":"2024-06-06T22:28:39+00:00","breadcrumb":{"@id":"https:\/\/fondation-nicolasgigot.org\/de\/danke-an-eurogentec\/#breadcrumb"},"inLanguage":"de","potentialAction":[{"@type":"ReadAction","target":["https:\/\/fondation-nicolasgigot.org\/de\/danke-an-eurogentec\/"]}]},{"@type":"ImageObject","inLanguage":"de","@id":"https:\/\/fondation-nicolasgigot.org\/de\/danke-an-eurogentec\/#primaryimage","url":"https:\/\/fondation-nicolasgigot.org\/wp-content\/uploads\/2023\/06\/20230428_084120-scaled.jpg","contentUrl":"https:\/\/fondation-nicolasgigot.org\/wp-content\/uploads\/2023\/06\/20230428_084120-scaled.jpg","width":1920,"height":2560},{"@type":"BreadcrumbList","@id":"https:\/\/fondation-nicolasgigot.org\/de\/danke-an-eurogentec\/#breadcrumb","itemListElement":[{"@type":"ListItem","position":1,"name":"Accueil","item":"https:\/\/fondation-nicolasgigot.org\/de\/"},{"@type":"ListItem","position":2,"name":"DANKE AN EUROGENTEC"}]},{"@type":"WebSite","@id":"https:\/\/fondation-nicolasgigot.org\/de\/#website","url":"https:\/\/fondation-nicolasgigot.org\/de\/","name":"Fondation Nicolas Gigot","description":"","publisher":{"@id":"https:\/\/fondation-nicolasgigot.org\/de\/#organization"},"potentialAction":[{"@type":"SearchAction","target":{"@type":"EntryPoint","urlTemplate":"https:\/\/fondation-nicolasgigot.org\/de\/?s={search_term_string}"},"query-input":{"@type":"PropertyValueSpecification","valueRequired":true,"valueName":"search_term_string"}}],"inLanguage":"de"},{"@type":"Organization","@id":"https:\/\/fondation-nicolasgigot.org\/de\/#organization","name":"Fondation Nicolas Gigot","url":"https:\/\/fondation-nicolasgigot.org\/de\/","logo":{"@type":"ImageObject","inLanguage":"de","@id":"https:\/\/fondation-nicolasgigot.org\/de\/#\/schema\/logo\/image\/","url":"https:\/\/fondation-nicolasgigot.org\/wp-content\/uploads\/2021\/04\/Groupe-32.svg","contentUrl":"https:\/\/fondation-nicolasgigot.org\/wp-content\/uploads\/2021\/04\/Groupe-32.svg","width":1,"height":1,"caption":"Fondation Nicolas Gigot"},"image":{"@id":"https:\/\/fondation-nicolasgigot.org\/de\/#\/schema\/logo\/image\/"}},{"@type":"Person","@id":"https:\/\/fondation-nicolasgigot.org\/de\/#\/schema\/person\/6aa0993efaa969fa98d6a15110a3c12e","name":"pid","image":{"@type":"ImageObject","inLanguage":"de","@id":"https:\/\/fondation-nicolasgigot.org\/de\/#\/schema\/person\/image\/","url":"https:\/\/secure.gravatar.com\/avatar\/b11c5fd468509b88a1b55672e2b113e08d3e41a2142b3b76328dc14c79eb6a84?s=96&d=mm&r=g","contentUrl":"https:\/\/secure.gravatar.com\/avatar\/b11c5fd468509b88a1b55672e2b113e08d3e41a2142b3b76328dc14c79eb6a84?s=96&d=mm&r=g","caption":"pid"},"sameAs":["https:\/\/ns332467.ip-37-187-254.eu\/~nicolasgigot"]}]}},"_links":{"self":[{"href":"https:\/\/fondation-nicolasgigot.org\/de\/wp-json\/wp\/v2\/posts\/5349","targetHints":{"allow":["GET"]}}],"collection":[{"href":"https:\/\/fondation-nicolasgigot.org\/de\/wp-json\/wp\/v2\/posts"}],"about":[{"href":"https:\/\/fondation-nicolasgigot.org\/de\/wp-json\/wp\/v2\/types\/post"}],"author":[{"embeddable":true,"href":"https:\/\/fondation-nicolasgigot.org\/de\/wp-json\/wp\/v2\/users\/1"}],"replies":[{"embeddable":true,"href":"https:\/\/fondation-nicolasgigot.org\/de\/wp-json\/wp\/v2\/comments?post=5349"}],"version-history":[{"count":1,"href":"https:\/\/fondation-nicolasgigot.org\/de\/wp-json\/wp\/v2\/posts\/5349\/revisions"}],"predecessor-version":[{"id":5350,"href":"https:\/\/fondation-nicolasgigot.org\/de\/wp-json\/wp\/v2\/posts\/5349\/revisions\/5350"}],"wp:featuredmedia":[{"embeddable":true,"href":"https:\/\/fondation-nicolasgigot.org\/de\/wp-json\/wp\/v2\/media\/5057"}],"wp:attachment":[{"href":"https:\/\/fondation-nicolasgigot.org\/de\/wp-json\/wp\/v2\/media?parent=5349"}],"wp:term":[{"taxonomy":"category","embeddable":true,"href":"https:\/\/fondation-nicolasgigot.org\/de\/wp-json\/wp\/v2\/categories?post=5349"},{"taxonomy":"post_tag","embeddable":true,"href":"https:\/\/fondation-nicolasgigot.org\/de\/wp-json\/wp\/v2\/tags?post=5349"}],"curies":[{"name":"wp","href":"https:\/\/api.w.org\/{rel}","templated":true}]}}