{"id":5363,"date":"2023-04-20T10:43:34","date_gmt":"2023-04-20T08:43:34","guid":{"rendered":"https:\/\/fondation-nicolasgigot.org\/21-weinmesse-in-neupre\/"},"modified":"2024-06-07T00:28:46","modified_gmt":"2024-06-06T22:28:46","slug":"21-weinmesse-in-neupre","status":"publish","type":"post","link":"https:\/\/fondation-nicolasgigot.org\/de\/21-weinmesse-in-neupre\/","title":{"rendered":"21. Weinmesse in Neupr\u00e9"},"content":{"rendered":"\t\t<div data-elementor-type=\"wp-post\" data-elementor-id=\"5363\" class=\"elementor elementor-5363 elementor-4897\" data-elementor-post-type=\"post\">\n\t\t\t\t\t\t<section class=\"elementor-section elementor-top-section elementor-element elementor-element-598e83ce elementor-section-boxed elementor-section-height-default elementor-section-height-default\" data-id=\"598e83ce\" data-element_type=\"section\">\n\t\t\t\t\t\t<div class=\"elementor-container elementor-column-gap-default\">\n\t\t\t\t\t<div class=\"elementor-column elementor-col-100 elementor-top-column elementor-element elementor-element-2fc8271c\" data-id=\"2fc8271c\" data-element_type=\"column\">\n\t\t\t<div class=\"elementor-widget-wrap elementor-element-populated\">\n\t\t\t\t\t\t<section class=\"elementor-section elementor-inner-section elementor-element elementor-element-47f85c9 elementor-section-boxed elementor-section-height-default elementor-section-height-default\" data-id=\"47f85c9\" data-element_type=\"section\">\n\t\t\t\t\t\t<div class=\"elementor-container elementor-column-gap-default\">\n\t\t\t\t\t<div class=\"elementor-column elementor-col-50 elementor-inner-column elementor-element elementor-element-e4fdb1b\" data-id=\"e4fdb1b\" data-element_type=\"column\">\n\t\t\t<div class=\"elementor-widget-wrap elementor-element-populated\">\n\t\t\t\t\t\t<div class=\"elementor-element elementor-element-7f13cbf7 elementor-widget elementor-widget-text-editor\" data-id=\"7f13cbf7\" data-element_type=\"widget\" data-widget_type=\"text-editor.default\">\n\t\t\t\t<div class=\"elementor-widget-container\">\n\t\t\t\t\t\t\t\t\t<div dir=\"auto\">Hallo,<br><br>Es ist mir eine gro\u00dfe Freude, Ihnen mitteilen zu k\u00f6nnen, dass die Z&#8217;ALBOURB\u00d4 beschlossen haben, die Stiftung bei ihrer 21. Weinmesse in Neupr\u00e9 am 29. und 30. April zu unterst\u00fctzen.<\/div><div dir=\"auto\"> <\/div><div dir=\"auto\">F\u00fcr alle Mitglieder der Stiftung; hier finden Sie einen Rabatt von 3\u20ac auf den Eintritt.<br><br><\/div><div dir=\"auto\">Wenn Sie schon nicht f\u00fcr die Weine, das gute Essen &#8230;. kommen Sie wenigstens zahlreich f\u00fcr die Stiftung vorbei!<br><br><\/div><div dir=\"auto\">Vergessen Sie nicht, am Eingang zu sagen, dass Sie f\u00fcr die Stiftung kommen, um Ihren 3\u20ac-Rabatt zu erhalten.<\/div><div dir=\"auto\"> <\/div><div dir=\"auto\">Bis bald&#8230; hoffentlich&#8230; Nadine<\/div>\t\t\t\t\t\t\t\t<\/div>\n\t\t\t\t<\/div>\n\t\t\t\t\t<\/div>\n\t\t<\/div>\n\t\t\t\t<div class=\"elementor-column elementor-col-50 elementor-inner-column elementor-element elementor-element-2777750\" data-id=\"2777750\" data-element_type=\"column\">\n\t\t\t<div class=\"elementor-widget-wrap elementor-element-populated\">\n\t\t\t\t\t\t<div class=\"elementor-element elementor-element-f3ce3ce elementor-widget elementor-widget-image\" data-id=\"f3ce3ce\" data-element_type=\"widget\" data-widget_type=\"image.default\">\n\t\t\t\t<div class=\"elementor-widget-container\">\n\t\t\t\t\t\t\t\t\t\t\t\t\t\t\t<img fetchpriority=\"high\" decoding=\"async\" width=\"741\" height=\"341\" src=\"https:\/\/fondation-nicolasgigot.org\/wp-content\/uploads\/2023\/05\/342659222_1378229342971164_6780095274649912536_n.jpg\" class=\"attachment-large size-large wp-image-4901\" alt=\"\" srcset=\"https:\/\/fondation-nicolasgigot.org\/wp-content\/uploads\/2023\/05\/342659222_1378229342971164_6780095274649912536_n.jpg 741w, https:\/\/fondation-nicolasgigot.org\/wp-content\/uploads\/2023\/05\/342659222_1378229342971164_6780095274649912536_n-300x138.jpg 300w\" sizes=\"(max-width: 741px) 100vw, 741px\" \/>\t\t\t\t\t\t\t\t\t\t\t\t\t\t\t<\/div>\n\t\t\t\t<\/div>\n\t\t\t\t\t<\/div>\n\t\t<\/div>\n\t\t\t\t\t<\/div>\n\t\t<\/section>\n\t\t\t\t\t<\/div>\n\t\t<\/div>\n\t\t\t\t\t<\/div>\n\t\t<\/section>\n\t\t\t\t<\/div>\n\t\t","protected":false},"excerpt":{"rendered":"<p>Hallo, Es ist mir eine gro\u00dfe Freude, Ihnen mitteilen zu k\u00f6nnen, dass die Z&#8217;ALBOURB\u00d4 beschlossen haben, die Stiftung bei ihrer 21. Weinmesse in Neupr\u00e9 am 29. und 30. April zu unterst\u00fctzen. F\u00fcr alle Mitglieder der Stiftung; hier finden Sie einen Rabatt von 3\u20ac auf den Eintritt. Wenn Sie schon nicht f\u00fcr die Weine, das gute [&hellip;]<\/p>\n","protected":false},"author":3,"featured_media":4901,"comment_status":"open","ping_status":"open","sticky":false,"template":"","format":"standard","meta":{"_acf_changed":false,"give_campaign_id":0,"footnotes":""},"categories":[78],"tags":[],"class_list":["post-5363","post","type-post","status-publish","format-standard","has-post-thumbnail","hentry","category-nachrichten"],"acf":[],"yoast_head":"<!-- This site is optimized with the Yoast SEO plugin v25.1 - https:\/\/yoast.com\/wordpress\/plugins\/seo\/ -->\n<title>21. Weinmesse in Neupr\u00e9 - Fondation Nicolas Gigot<\/title>\n<meta name=\"robots\" content=\"index, follow, max-snippet:-1, max-image-preview:large, max-video-preview:-1\" \/>\n<link rel=\"canonical\" href=\"https:\/\/fondation-nicolasgigot.org\/de\/21-weinmesse-in-neupre\/\" \/>\n<meta property=\"og:locale\" content=\"de_DE\" \/>\n<meta property=\"og:type\" content=\"article\" \/>\n<meta property=\"og:title\" content=\"21. Weinmesse in Neupr\u00e9 - Fondation Nicolas Gigot\" \/>\n<meta property=\"og:description\" content=\"Hallo, Es ist mir eine gro\u00dfe Freude, Ihnen mitteilen zu k\u00f6nnen, dass die Z&#8217;ALBOURB\u00d4 beschlossen haben, die Stiftung bei ihrer 21. Weinmesse in Neupr\u00e9 am 29. und 30. April zu unterst\u00fctzen. F\u00fcr alle Mitglieder der Stiftung; hier finden Sie einen Rabatt von 3\u20ac auf den Eintritt. Wenn Sie schon nicht f\u00fcr die Weine, das gute [&hellip;]\" \/>\n<meta property=\"og:url\" content=\"https:\/\/fondation-nicolasgigot.org\/de\/21-weinmesse-in-neupre\/\" \/>\n<meta property=\"og:site_name\" content=\"Fondation Nicolas Gigot\" \/>\n<meta property=\"article:published_time\" content=\"2023-04-20T08:43:34+00:00\" \/>\n<meta property=\"article:modified_time\" content=\"2024-06-06T22:28:46+00:00\" \/>\n<meta property=\"og:image\" content=\"https:\/\/fondation-nicolasgigot.org\/wp-content\/uploads\/2023\/05\/342659222_1378229342971164_6780095274649912536_n.jpg\" \/>\n\t<meta property=\"og:image:width\" content=\"741\" \/>\n\t<meta property=\"og:image:height\" content=\"341\" \/>\n\t<meta property=\"og:image:type\" content=\"image\/jpeg\" \/>\n<meta name=\"author\" content=\"Nadine Brialmont\" \/>\n<meta name=\"twitter:card\" content=\"summary_large_image\" \/>\n<meta name=\"twitter:label1\" content=\"Verfasst von\" \/>\n\t<meta name=\"twitter:data1\" content=\"Nadine Brialmont\" \/>\n<script type=\"application\/ld+json\" class=\"yoast-schema-graph\">{\"@context\":\"https:\/\/schema.org\",\"@graph\":[{\"@type\":\"Article\",\"@id\":\"https:\/\/fondation-nicolasgigot.org\/de\/21-weinmesse-in-neupre\/#article\",\"isPartOf\":{\"@id\":\"https:\/\/fondation-nicolasgigot.org\/de\/21-weinmesse-in-neupre\/\"},\"author\":{\"name\":\"Nadine Brialmont\",\"@id\":\"https:\/\/fondation-nicolasgigot.org\/de\/#\/schema\/person\/23187954cf45667f841bfe39191cb5dc\"},\"headline\":\"21. Weinmesse in Neupr\u00e9\",\"datePublished\":\"2023-04-20T08:43:34+00:00\",\"dateModified\":\"2024-06-06T22:28:46+00:00\",\"mainEntityOfPage\":{\"@id\":\"https:\/\/fondation-nicolasgigot.org\/de\/21-weinmesse-in-neupre\/\"},\"wordCount\":92,\"commentCount\":0,\"publisher\":{\"@id\":\"https:\/\/fondation-nicolasgigot.org\/de\/#organization\"},\"image\":{\"@id\":\"https:\/\/fondation-nicolasgigot.org\/de\/21-weinmesse-in-neupre\/#primaryimage\"},\"thumbnailUrl\":\"https:\/\/fondation-nicolasgigot.org\/wp-content\/uploads\/2023\/05\/342659222_1378229342971164_6780095274649912536_n.jpg\",\"articleSection\":[\"Nachrichten\"],\"inLanguage\":\"de\",\"potentialAction\":[{\"@type\":\"CommentAction\",\"name\":\"Comment\",\"target\":[\"https:\/\/fondation-nicolasgigot.org\/de\/21-weinmesse-in-neupre\/#respond\"]}]},{\"@type\":\"WebPage\",\"@id\":\"https:\/\/fondation-nicolasgigot.org\/de\/21-weinmesse-in-neupre\/\",\"url\":\"https:\/\/fondation-nicolasgigot.org\/de\/21-weinmesse-in-neupre\/\",\"name\":\"21. Weinmesse in Neupr\u00e9 - Fondation Nicolas Gigot\",\"isPartOf\":{\"@id\":\"https:\/\/fondation-nicolasgigot.org\/de\/#website\"},\"primaryImageOfPage\":{\"@id\":\"https:\/\/fondation-nicolasgigot.org\/de\/21-weinmesse-in-neupre\/#primaryimage\"},\"image\":{\"@id\":\"https:\/\/fondation-nicolasgigot.org\/de\/21-weinmesse-in-neupre\/#primaryimage\"},\"thumbnailUrl\":\"https:\/\/fondation-nicolasgigot.org\/wp-content\/uploads\/2023\/05\/342659222_1378229342971164_6780095274649912536_n.jpg\",\"datePublished\":\"2023-04-20T08:43:34+00:00\",\"dateModified\":\"2024-06-06T22:28:46+00:00\",\"breadcrumb\":{\"@id\":\"https:\/\/fondation-nicolasgigot.org\/de\/21-weinmesse-in-neupre\/#breadcrumb\"},\"inLanguage\":\"de\",\"potentialAction\":[{\"@type\":\"ReadAction\",\"target\":[\"https:\/\/fondation-nicolasgigot.org\/de\/21-weinmesse-in-neupre\/\"]}]},{\"@type\":\"ImageObject\",\"inLanguage\":\"de\",\"@id\":\"https:\/\/fondation-nicolasgigot.org\/de\/21-weinmesse-in-neupre\/#primaryimage\",\"url\":\"https:\/\/fondation-nicolasgigot.org\/wp-content\/uploads\/2023\/05\/342659222_1378229342971164_6780095274649912536_n.jpg\",\"contentUrl\":\"https:\/\/fondation-nicolasgigot.org\/wp-content\/uploads\/2023\/05\/342659222_1378229342971164_6780095274649912536_n.jpg\",\"width\":741,\"height\":341},{\"@type\":\"BreadcrumbList\",\"@id\":\"https:\/\/fondation-nicolasgigot.org\/de\/21-weinmesse-in-neupre\/#breadcrumb\",\"itemListElement\":[{\"@type\":\"ListItem\",\"position\":1,\"name\":\"Accueil\",\"item\":\"https:\/\/fondation-nicolasgigot.org\/de\/\"},{\"@type\":\"ListItem\",\"position\":2,\"name\":\"21. Weinmesse in Neupr\u00e9\"}]},{\"@type\":\"WebSite\",\"@id\":\"https:\/\/fondation-nicolasgigot.org\/de\/#website\",\"url\":\"https:\/\/fondation-nicolasgigot.org\/de\/\",\"name\":\"Fondation Nicolas Gigot\",\"description\":\"\",\"publisher\":{\"@id\":\"https:\/\/fondation-nicolasgigot.org\/de\/#organization\"},\"potentialAction\":[{\"@type\":\"SearchAction\",\"target\":{\"@type\":\"EntryPoint\",\"urlTemplate\":\"https:\/\/fondation-nicolasgigot.org\/de\/?s={search_term_string}\"},\"query-input\":{\"@type\":\"PropertyValueSpecification\",\"valueRequired\":true,\"valueName\":\"search_term_string\"}}],\"inLanguage\":\"de\"},{\"@type\":\"Organization\",\"@id\":\"https:\/\/fondation-nicolasgigot.org\/de\/#organization\",\"name\":\"Fondation Nicolas Gigot\",\"url\":\"https:\/\/fondation-nicolasgigot.org\/de\/\",\"logo\":{\"@type\":\"ImageObject\",\"inLanguage\":\"de\",\"@id\":\"https:\/\/fondation-nicolasgigot.org\/de\/#\/schema\/logo\/image\/\",\"url\":\"https:\/\/fondation-nicolasgigot.org\/wp-content\/uploads\/2021\/04\/Groupe-32.svg\",\"contentUrl\":\"https:\/\/fondation-nicolasgigot.org\/wp-content\/uploads\/2021\/04\/Groupe-32.svg\",\"width\":1,\"height\":1,\"caption\":\"Fondation Nicolas Gigot\"},\"image\":{\"@id\":\"https:\/\/fondation-nicolasgigot.org\/de\/#\/schema\/logo\/image\/\"}},{\"@type\":\"Person\",\"@id\":\"https:\/\/fondation-nicolasgigot.org\/de\/#\/schema\/person\/23187954cf45667f841bfe39191cb5dc\",\"name\":\"Nadine Brialmont\",\"image\":{\"@type\":\"ImageObject\",\"inLanguage\":\"de\",\"@id\":\"https:\/\/fondation-nicolasgigot.org\/de\/#\/schema\/person\/image\/\",\"url\":\"https:\/\/secure.gravatar.com\/avatar\/24ce526bffd627f6778a52a887345ce97be474d8ea3cd54518e0950c6d61d38c?s=96&d=mm&r=g\",\"contentUrl\":\"https:\/\/secure.gravatar.com\/avatar\/24ce526bffd627f6778a52a887345ce97be474d8ea3cd54518e0950c6d61d38c?s=96&d=mm&r=g\",\"caption\":\"Nadine Brialmont\"},\"sameAs\":[\"https:\/\/fondation-nicolasgigot.org\/\"]}]}<\/script>\n<!-- \/ Yoast SEO plugin. -->","yoast_head_json":{"title":"21. Weinmesse in Neupr\u00e9 - Fondation Nicolas Gigot","robots":{"index":"index","follow":"follow","max-snippet":"max-snippet:-1","max-image-preview":"max-image-preview:large","max-video-preview":"max-video-preview:-1"},"canonical":"https:\/\/fondation-nicolasgigot.org\/de\/21-weinmesse-in-neupre\/","og_locale":"de_DE","og_type":"article","og_title":"21. Weinmesse in Neupr\u00e9 - Fondation Nicolas Gigot","og_description":"Hallo, Es ist mir eine gro\u00dfe Freude, Ihnen mitteilen zu k\u00f6nnen, dass die Z&#8217;ALBOURB\u00d4 beschlossen haben, die Stiftung bei ihrer 21. Weinmesse in Neupr\u00e9 am 29. und 30. April zu unterst\u00fctzen. F\u00fcr alle Mitglieder der Stiftung; hier finden Sie einen Rabatt von 3\u20ac auf den Eintritt. Wenn Sie schon nicht f\u00fcr die Weine, das gute [&hellip;]","og_url":"https:\/\/fondation-nicolasgigot.org\/de\/21-weinmesse-in-neupre\/","og_site_name":"Fondation Nicolas Gigot","article_published_time":"2023-04-20T08:43:34+00:00","article_modified_time":"2024-06-06T22:28:46+00:00","og_image":[{"width":741,"height":341,"url":"https:\/\/fondation-nicolasgigot.org\/wp-content\/uploads\/2023\/05\/342659222_1378229342971164_6780095274649912536_n.jpg","type":"image\/jpeg"}],"author":"Nadine Brialmont","twitter_card":"summary_large_image","twitter_misc":{"Verfasst von":"Nadine Brialmont"},"schema":{"@context":"https:\/\/schema.org","@graph":[{"@type":"Article","@id":"https:\/\/fondation-nicolasgigot.org\/de\/21-weinmesse-in-neupre\/#article","isPartOf":{"@id":"https:\/\/fondation-nicolasgigot.org\/de\/21-weinmesse-in-neupre\/"},"author":{"name":"Nadine Brialmont","@id":"https:\/\/fondation-nicolasgigot.org\/de\/#\/schema\/person\/23187954cf45667f841bfe39191cb5dc"},"headline":"21. Weinmesse in Neupr\u00e9","datePublished":"2023-04-20T08:43:34+00:00","dateModified":"2024-06-06T22:28:46+00:00","mainEntityOfPage":{"@id":"https:\/\/fondation-nicolasgigot.org\/de\/21-weinmesse-in-neupre\/"},"wordCount":92,"commentCount":0,"publisher":{"@id":"https:\/\/fondation-nicolasgigot.org\/de\/#organization"},"image":{"@id":"https:\/\/fondation-nicolasgigot.org\/de\/21-weinmesse-in-neupre\/#primaryimage"},"thumbnailUrl":"https:\/\/fondation-nicolasgigot.org\/wp-content\/uploads\/2023\/05\/342659222_1378229342971164_6780095274649912536_n.jpg","articleSection":["Nachrichten"],"inLanguage":"de","potentialAction":[{"@type":"CommentAction","name":"Comment","target":["https:\/\/fondation-nicolasgigot.org\/de\/21-weinmesse-in-neupre\/#respond"]}]},{"@type":"WebPage","@id":"https:\/\/fondation-nicolasgigot.org\/de\/21-weinmesse-in-neupre\/","url":"https:\/\/fondation-nicolasgigot.org\/de\/21-weinmesse-in-neupre\/","name":"21. Weinmesse in Neupr\u00e9 - Fondation Nicolas Gigot","isPartOf":{"@id":"https:\/\/fondation-nicolasgigot.org\/de\/#website"},"primaryImageOfPage":{"@id":"https:\/\/fondation-nicolasgigot.org\/de\/21-weinmesse-in-neupre\/#primaryimage"},"image":{"@id":"https:\/\/fondation-nicolasgigot.org\/de\/21-weinmesse-in-neupre\/#primaryimage"},"thumbnailUrl":"https:\/\/fondation-nicolasgigot.org\/wp-content\/uploads\/2023\/05\/342659222_1378229342971164_6780095274649912536_n.jpg","datePublished":"2023-04-20T08:43:34+00:00","dateModified":"2024-06-06T22:28:46+00:00","breadcrumb":{"@id":"https:\/\/fondation-nicolasgigot.org\/de\/21-weinmesse-in-neupre\/#breadcrumb"},"inLanguage":"de","potentialAction":[{"@type":"ReadAction","target":["https:\/\/fondation-nicolasgigot.org\/de\/21-weinmesse-in-neupre\/"]}]},{"@type":"ImageObject","inLanguage":"de","@id":"https:\/\/fondation-nicolasgigot.org\/de\/21-weinmesse-in-neupre\/#primaryimage","url":"https:\/\/fondation-nicolasgigot.org\/wp-content\/uploads\/2023\/05\/342659222_1378229342971164_6780095274649912536_n.jpg","contentUrl":"https:\/\/fondation-nicolasgigot.org\/wp-content\/uploads\/2023\/05\/342659222_1378229342971164_6780095274649912536_n.jpg","width":741,"height":341},{"@type":"BreadcrumbList","@id":"https:\/\/fondation-nicolasgigot.org\/de\/21-weinmesse-in-neupre\/#breadcrumb","itemListElement":[{"@type":"ListItem","position":1,"name":"Accueil","item":"https:\/\/fondation-nicolasgigot.org\/de\/"},{"@type":"ListItem","position":2,"name":"21. Weinmesse in Neupr\u00e9"}]},{"@type":"WebSite","@id":"https:\/\/fondation-nicolasgigot.org\/de\/#website","url":"https:\/\/fondation-nicolasgigot.org\/de\/","name":"Fondation Nicolas Gigot","description":"","publisher":{"@id":"https:\/\/fondation-nicolasgigot.org\/de\/#organization"},"potentialAction":[{"@type":"SearchAction","target":{"@type":"EntryPoint","urlTemplate":"https:\/\/fondation-nicolasgigot.org\/de\/?s={search_term_string}"},"query-input":{"@type":"PropertyValueSpecification","valueRequired":true,"valueName":"search_term_string"}}],"inLanguage":"de"},{"@type":"Organization","@id":"https:\/\/fondation-nicolasgigot.org\/de\/#organization","name":"Fondation Nicolas Gigot","url":"https:\/\/fondation-nicolasgigot.org\/de\/","logo":{"@type":"ImageObject","inLanguage":"de","@id":"https:\/\/fondation-nicolasgigot.org\/de\/#\/schema\/logo\/image\/","url":"https:\/\/fondation-nicolasgigot.org\/wp-content\/uploads\/2021\/04\/Groupe-32.svg","contentUrl":"https:\/\/fondation-nicolasgigot.org\/wp-content\/uploads\/2021\/04\/Groupe-32.svg","width":1,"height":1,"caption":"Fondation Nicolas Gigot"},"image":{"@id":"https:\/\/fondation-nicolasgigot.org\/de\/#\/schema\/logo\/image\/"}},{"@type":"Person","@id":"https:\/\/fondation-nicolasgigot.org\/de\/#\/schema\/person\/23187954cf45667f841bfe39191cb5dc","name":"Nadine Brialmont","image":{"@type":"ImageObject","inLanguage":"de","@id":"https:\/\/fondation-nicolasgigot.org\/de\/#\/schema\/person\/image\/","url":"https:\/\/secure.gravatar.com\/avatar\/24ce526bffd627f6778a52a887345ce97be474d8ea3cd54518e0950c6d61d38c?s=96&d=mm&r=g","contentUrl":"https:\/\/secure.gravatar.com\/avatar\/24ce526bffd627f6778a52a887345ce97be474d8ea3cd54518e0950c6d61d38c?s=96&d=mm&r=g","caption":"Nadine Brialmont"},"sameAs":["https:\/\/fondation-nicolasgigot.org\/"]}]}},"_links":{"self":[{"href":"https:\/\/fondation-nicolasgigot.org\/de\/wp-json\/wp\/v2\/posts\/5363","targetHints":{"allow":["GET"]}}],"collection":[{"href":"https:\/\/fondation-nicolasgigot.org\/de\/wp-json\/wp\/v2\/posts"}],"about":[{"href":"https:\/\/fondation-nicolasgigot.org\/de\/wp-json\/wp\/v2\/types\/post"}],"author":[{"embeddable":true,"href":"https:\/\/fondation-nicolasgigot.org\/de\/wp-json\/wp\/v2\/users\/3"}],"replies":[{"embeddable":true,"href":"https:\/\/fondation-nicolasgigot.org\/de\/wp-json\/wp\/v2\/comments?post=5363"}],"version-history":[{"count":1,"href":"https:\/\/fondation-nicolasgigot.org\/de\/wp-json\/wp\/v2\/posts\/5363\/revisions"}],"predecessor-version":[{"id":5364,"href":"https:\/\/fondation-nicolasgigot.org\/de\/wp-json\/wp\/v2\/posts\/5363\/revisions\/5364"}],"wp:featuredmedia":[{"embeddable":true,"href":"https:\/\/fondation-nicolasgigot.org\/de\/wp-json\/wp\/v2\/media\/4901"}],"wp:attachment":[{"href":"https:\/\/fondation-nicolasgigot.org\/de\/wp-json\/wp\/v2\/media?parent=5363"}],"wp:term":[{"taxonomy":"category","embeddable":true,"href":"https:\/\/fondation-nicolasgigot.org\/de\/wp-json\/wp\/v2\/categories?post=5363"},{"taxonomy":"post_tag","embeddable":true,"href":"https:\/\/fondation-nicolasgigot.org\/de\/wp-json\/wp\/v2\/tags?post=5363"}],"curies":[{"name":"wp","href":"https:\/\/api.w.org\/{rel}","templated":true}]}}