{"id":5369,"date":"2023-02-26T10:34:04","date_gmt":"2023-02-26T09:34:04","guid":{"rendered":"https:\/\/fondation-nicolasgigot.org\/nicolas-waere-22-jahre-alt-geworden\/"},"modified":"2024-06-07T00:28:51","modified_gmt":"2024-06-06T22:28:51","slug":"nicolas-waere-22-jahre-alt-geworden","status":"publish","type":"post","link":"https:\/\/fondation-nicolasgigot.org\/de\/nicolas-waere-22-jahre-alt-geworden\/","title":{"rendered":"Nicolas w\u00e4re 22 Jahre alt geworden"},"content":{"rendered":"\t\t<div data-elementor-type=\"wp-post\" data-elementor-id=\"5369\" class=\"elementor elementor-5369 elementor-4874\" data-elementor-post-type=\"post\">\n\t\t\t\t\t\t<section class=\"elementor-section elementor-top-section elementor-element elementor-element-7df3274e elementor-section-boxed elementor-section-height-default elementor-section-height-default\" data-id=\"7df3274e\" data-element_type=\"section\">\n\t\t\t\t\t\t<div class=\"elementor-container elementor-column-gap-default\">\n\t\t\t\t\t<div class=\"elementor-column elementor-col-100 elementor-top-column elementor-element elementor-element-1f9eb21d\" data-id=\"1f9eb21d\" data-element_type=\"column\">\n\t\t\t<div class=\"elementor-widget-wrap elementor-element-populated\">\n\t\t\t\t\t\t<div class=\"elementor-element elementor-element-784c370b elementor-widget elementor-widget-text-editor\" data-id=\"784c370b\" data-element_type=\"widget\" data-widget_type=\"text-editor.default\">\n\t\t\t\t<div class=\"elementor-widget-container\">\n\t\t\t\t\t\t\t\t\t<p>Liebe Familie und Freunde,<\/p><p>Heute ist der Geburtstag meines Sohnes Nicolas, der 22 Jahre alt geworden w\u00e4re. F\u00fcr mich, seine Mutter, ist es seit seinem tragischen Tod am 18. Juli 2020 ein besonders schwerer Tag. Ich bin von Schmerz und Trauer \u00fcberw\u00e4ltigt, denn f\u00fcr mich ist nun jeder Geburtstag, jedes Fest von dieser unwiederbringlichen Abwesenheit gef\u00e4rbt.<\/p><p>Mein Sohn war ein wunderbarer junger Mann, voller Leben und Liebe f\u00fcr die Menschen in seiner Umgebung. Wir vermissen ihr strahlendes L\u00e4cheln und ihr liebevolles Herz schrecklich. Ich erinnere mich an seine vergangenen Geburtstagsfeiern, bei denen er mit seinen Freunden und seiner Familie feierte und den Raum mit Lachen und Freude erf\u00fcllte. Heute ist er nicht mehr hier, um ihn mit uns zu feiern.<\/p><p>Ich bin dankbar f\u00fcr die Erinnerungen, die wir miteinander geteilt haben, f\u00fcr die Momente des Gl\u00fccks und der Freude, die f\u00fcr immer in meinem Herzen bleiben werden. Aber ich wei\u00df auch, dass das Leben ohne ihn nie wieder dasselbe sein wird. Jeder Tag ist eine Herausforderung f\u00fcr mich, und die Feiertage, die fr\u00fcher eine Zeit der Freude waren, sind jetzt von Trauer und Schmerz gepr\u00e4gt.<\/p><p>Alle, die Nicolas kannten, bitte ich, sich heute einen Moment Zeit zu nehmen, um an ihn zu denken, um sich an die Liebe zu erinnern, die er mit der Welt geteilt hat. Und f\u00fcr mich, seine Mutter, bitte ich Sie, sich einen Moment Zeit zu nehmen, nicht um mich zu unterst\u00fctzen, nicht um mir Ihre Gedanken der Liebe oder des Trostes zu schicken, sondern um sich sein kleines Video anzusehen, um das Positive, das Helle, das Sch\u00f6ne von Nicolas zu bewahren.Zur Information: In dieses Video, das sein kurzes, aber intensives Leben nachzeichnet, habe ich ein Video eingebaut, das er mir im M\u00e4rz 2020 geschickt hatte, als ich wegen des Covids isoliert war (Duelle und Spiele mit seinem kleinen Bruder, Holzhacken und zum Schluss ein Foto von ihnen beiden mit Herzen):<\/p><p><iframe title=\"Un condens\u00e9 de la petite, mais riche vie de Nicolas Gigot\" width=\"800\" height=\"450\" src=\"https:\/\/www.youtube.com\/embed\/qYOQEbOk7G4?feature=oembed\" frameborder=\"0\" allow=\"accelerometer; autoplay; clipboard-write; encrypted-media; gyroscope; picture-in-picture; web-share\" referrerpolicy=\"strict-origin-when-cross-origin\" allowfullscreen><\/iframe><\/p><p>Wenn Sie dem Link nicht folgen k\u00f6nnen, w\u00e4hlen Sie bitte die Registerkarte Video auf der Website: fondation-nicolasgigot.org<\/p><p>und das ist das erste Video. (schalten Sie bitte den Ton ein)<\/p><p>Danke, dass Sie sich heute die Zeit genommen haben, meine Worte zu lesen. Ich w\u00fcnsche Ihnen allen ein Leben voller Liebe und Gl\u00fcck und wei\u00df, dass er dank Ihnen allen durch seine Stiftung weiterlebt.<\/p><p>Mit all meiner Liebe,<\/p><p>Nadine.<\/p>\t\t\t\t\t\t\t\t<\/div>\n\t\t\t\t<\/div>\n\t\t\t\t<section class=\"elementor-section elementor-inner-section elementor-element elementor-element-8ef0b6b elementor-section-boxed elementor-section-height-default elementor-section-height-default\" data-id=\"8ef0b6b\" data-element_type=\"section\">\n\t\t\t\t\t\t<div class=\"elementor-container elementor-column-gap-default\">\n\t\t\t\t\t<div class=\"elementor-column elementor-col-50 elementor-inner-column elementor-element elementor-element-6fce575\" data-id=\"6fce575\" data-element_type=\"column\">\n\t\t\t<div class=\"elementor-widget-wrap elementor-element-populated\">\n\t\t\t\t\t\t<div class=\"elementor-element elementor-element-f22152d elementor-widget elementor-widget-text-editor\" data-id=\"f22152d\" data-element_type=\"widget\" data-widget_type=\"text-editor.default\">\n\t\t\t\t<div class=\"elementor-widget-container\">\n\t\t\t\t\t\t\t\t\t<p>Kleines Gedicht an diesem Tag :<\/p><p>Nicolas, mein geliebter Sohn, w\u00e4re an diesem heiligen Tag zweiundzwanzig Jahre alt geworden. Aber das Leben hat es anders gewollt, und jetzt stehe ich hier mit zerfetztem Herzen und schluchze.<\/p><p>Ich erinnere mich an seine lachenden Augen, sein warmes L\u00e4cheln und sein Herz voller Inbrunst. Er war ein lebenslustiger Junge, der gerne lachte, sich am\u00fcsierte und verr\u00fcckte Dinge tat.<\/p><p>Er hatte eine Vorliebe f\u00fcr einzigartige Dinge, Er liebte es, Stile zu mischen, f\u00fcr einen fantastischen Look. Er hatte keine Angst davor, jemanden zum Lachen zu bringen, und sein Humor war ein Geschenk, ein Vergn\u00fcgen.<\/p><p>Doch hinter dieser fr\u00f6hlichen Fassade verbarg sich eine zarte, feinf\u00fchlige und liebevolle Seele. Er liebte es zu kuscheln und zu kratzen, Und f\u00fcr mich, seine Mutter, hatte er eine Liebe, die leuchtet.<\/p><p>Sein Leben war leider zu kurz, und jetzt bin ich allein mit meinen Sorgen. Geburtstage sind keine Feiertage mehr, sondern Tage des Schmerzes, an denen mein Kummer konkret ist.<\/p><p>Nicolas, ich vermisse dich so sehr! Deine Abwesenheit ist eine riesige, belastende Leere. Ich kann dich nicht vergessen, du lebst in mir, in jedem Gedanken, jedem Seufzer, jeder Erregung.<br>Du warst ein kostbares Geschenk, und auch wenn du nicht mehr da bist, ist deine Liebe weiterhin lebendig und warm. Du bist f\u00fcr immer in meinem Herzen, und ich werde dich immer lieben, mein lieber Sohn, mein Gl\u00fcck.<\/p>\t\t\t\t\t\t\t\t<\/div>\n\t\t\t\t<\/div>\n\t\t\t\t\t<\/div>\n\t\t<\/div>\n\t\t\t\t<div class=\"elementor-column elementor-col-50 elementor-inner-column elementor-element elementor-element-c3e1f64\" data-id=\"c3e1f64\" data-element_type=\"column\">\n\t\t\t<div class=\"elementor-widget-wrap elementor-element-populated\">\n\t\t\t\t\t\t<div class=\"elementor-element elementor-element-2e3ac15 elementor-widget elementor-widget-image\" data-id=\"2e3ac15\" data-element_type=\"widget\" data-widget_type=\"image.default\">\n\t\t\t\t<div class=\"elementor-widget-container\">\n\t\t\t\t\t\t\t\t\t\t\t\t\t\t\t<img fetchpriority=\"high\" decoding=\"async\" width=\"768\" height=\"1024\" src=\"https:\/\/fondation-nicolasgigot.org\/wp-content\/uploads\/2023\/05\/333564257_693649819220482_6150988420685032378_n-768x1024.jpg\" class=\"attachment-large size-large wp-image-4878\" alt=\"\" srcset=\"https:\/\/fondation-nicolasgigot.org\/wp-content\/uploads\/2023\/05\/333564257_693649819220482_6150988420685032378_n-768x1024.jpg 768w, https:\/\/fondation-nicolasgigot.org\/wp-content\/uploads\/2023\/05\/333564257_693649819220482_6150988420685032378_n-225x300.jpg 225w, https:\/\/fondation-nicolasgigot.org\/wp-content\/uploads\/2023\/05\/333564257_693649819220482_6150988420685032378_n.jpg 1124w\" sizes=\"(max-width: 768px) 100vw, 768px\" \/>\t\t\t\t\t\t\t\t\t\t\t\t\t\t\t<\/div>\n\t\t\t\t<\/div>\n\t\t\t\t\t<\/div>\n\t\t<\/div>\n\t\t\t\t\t<\/div>\n\t\t<\/section>\n\t\t\t\t\t<\/div>\n\t\t<\/div>\n\t\t\t\t\t<\/div>\n\t\t<\/section>\n\t\t\t\t<\/div>\n\t\t","protected":false},"excerpt":{"rendered":"<p>Liebe Familie und Freunde, Heute ist der Geburtstag meines Sohnes Nicolas, der 22 Jahre alt geworden w\u00e4re. F\u00fcr mich, seine Mutter, ist es seit seinem tragischen Tod am 18. Juli 2020 ein besonders schwerer Tag. Ich bin von Schmerz und Trauer \u00fcberw\u00e4ltigt, denn f\u00fcr mich ist nun jeder Geburtstag, jedes Fest von dieser unwiederbringlichen Abwesenheit [&hellip;]<\/p>\n","protected":false},"author":3,"featured_media":4878,"comment_status":"open","ping_status":"open","sticky":false,"template":"","format":"standard","meta":{"_acf_changed":false,"give_campaign_id":0,"footnotes":""},"categories":[78],"tags":[],"class_list":["post-5369","post","type-post","status-publish","format-standard","has-post-thumbnail","hentry","category-nachrichten"],"acf":[],"yoast_head":"<!-- This site is optimized with the Yoast SEO plugin v25.1 - https:\/\/yoast.com\/wordpress\/plugins\/seo\/ -->\n<title>Nicolas w\u00e4re 22 Jahre alt geworden - Fondation Nicolas Gigot<\/title>\n<meta name=\"robots\" content=\"index, follow, max-snippet:-1, max-image-preview:large, max-video-preview:-1\" \/>\n<link rel=\"canonical\" href=\"https:\/\/fondation-nicolasgigot.org\/de\/nicolas-waere-22-jahre-alt-geworden\/\" \/>\n<meta property=\"og:locale\" content=\"de_DE\" \/>\n<meta property=\"og:type\" content=\"article\" \/>\n<meta property=\"og:title\" content=\"Nicolas w\u00e4re 22 Jahre alt geworden - Fondation Nicolas Gigot\" \/>\n<meta property=\"og:description\" content=\"Liebe Familie und Freunde, Heute ist der Geburtstag meines Sohnes Nicolas, der 22 Jahre alt geworden w\u00e4re. F\u00fcr mich, seine Mutter, ist es seit seinem tragischen Tod am 18. Juli 2020 ein besonders schwerer Tag. Ich bin von Schmerz und Trauer \u00fcberw\u00e4ltigt, denn f\u00fcr mich ist nun jeder Geburtstag, jedes Fest von dieser unwiederbringlichen Abwesenheit [&hellip;]\" \/>\n<meta property=\"og:url\" content=\"https:\/\/fondation-nicolasgigot.org\/de\/nicolas-waere-22-jahre-alt-geworden\/\" \/>\n<meta property=\"og:site_name\" content=\"Fondation Nicolas Gigot\" \/>\n<meta property=\"article:published_time\" content=\"2023-02-26T09:34:04+00:00\" \/>\n<meta property=\"article:modified_time\" content=\"2024-06-06T22:28:51+00:00\" \/>\n<meta property=\"og:image\" content=\"https:\/\/fondation-nicolasgigot.org\/wp-content\/uploads\/2023\/05\/333564257_693649819220482_6150988420685032378_n.jpg\" \/>\n\t<meta property=\"og:image:width\" content=\"1124\" \/>\n\t<meta property=\"og:image:height\" content=\"1499\" \/>\n\t<meta property=\"og:image:type\" content=\"image\/jpeg\" \/>\n<meta name=\"author\" content=\"Nadine Brialmont\" \/>\n<meta name=\"twitter:card\" content=\"summary_large_image\" \/>\n<meta name=\"twitter:label1\" content=\"Verfasst von\" \/>\n\t<meta name=\"twitter:data1\" content=\"Nadine Brialmont\" \/>\n\t<meta name=\"twitter:label2\" content=\"Gesch\u00e4tzte Lesezeit\" \/>\n\t<meta name=\"twitter:data2\" content=\"3\u00a0Minuten\" \/>\n<script type=\"application\/ld+json\" class=\"yoast-schema-graph\">{\"@context\":\"https:\/\/schema.org\",\"@graph\":[{\"@type\":\"Article\",\"@id\":\"https:\/\/fondation-nicolasgigot.org\/de\/nicolas-waere-22-jahre-alt-geworden\/#article\",\"isPartOf\":{\"@id\":\"https:\/\/fondation-nicolasgigot.org\/de\/nicolas-waere-22-jahre-alt-geworden\/\"},\"author\":{\"name\":\"Nadine Brialmont\",\"@id\":\"https:\/\/fondation-nicolasgigot.org\/de\/#\/schema\/person\/23187954cf45667f841bfe39191cb5dc\"},\"headline\":\"Nicolas w\u00e4re 22 Jahre alt geworden\",\"datePublished\":\"2023-02-26T09:34:04+00:00\",\"dateModified\":\"2024-06-06T22:28:51+00:00\",\"mainEntityOfPage\":{\"@id\":\"https:\/\/fondation-nicolasgigot.org\/de\/nicolas-waere-22-jahre-alt-geworden\/\"},\"wordCount\":657,\"commentCount\":0,\"publisher\":{\"@id\":\"https:\/\/fondation-nicolasgigot.org\/de\/#organization\"},\"image\":{\"@id\":\"https:\/\/fondation-nicolasgigot.org\/de\/nicolas-waere-22-jahre-alt-geworden\/#primaryimage\"},\"thumbnailUrl\":\"https:\/\/fondation-nicolasgigot.org\/wp-content\/uploads\/2023\/05\/333564257_693649819220482_6150988420685032378_n.jpg\",\"articleSection\":[\"Nachrichten\"],\"inLanguage\":\"de\",\"potentialAction\":[{\"@type\":\"CommentAction\",\"name\":\"Comment\",\"target\":[\"https:\/\/fondation-nicolasgigot.org\/de\/nicolas-waere-22-jahre-alt-geworden\/#respond\"]}]},{\"@type\":\"WebPage\",\"@id\":\"https:\/\/fondation-nicolasgigot.org\/de\/nicolas-waere-22-jahre-alt-geworden\/\",\"url\":\"https:\/\/fondation-nicolasgigot.org\/de\/nicolas-waere-22-jahre-alt-geworden\/\",\"name\":\"Nicolas w\u00e4re 22 Jahre alt geworden - Fondation Nicolas Gigot\",\"isPartOf\":{\"@id\":\"https:\/\/fondation-nicolasgigot.org\/de\/#website\"},\"primaryImageOfPage\":{\"@id\":\"https:\/\/fondation-nicolasgigot.org\/de\/nicolas-waere-22-jahre-alt-geworden\/#primaryimage\"},\"image\":{\"@id\":\"https:\/\/fondation-nicolasgigot.org\/de\/nicolas-waere-22-jahre-alt-geworden\/#primaryimage\"},\"thumbnailUrl\":\"https:\/\/fondation-nicolasgigot.org\/wp-content\/uploads\/2023\/05\/333564257_693649819220482_6150988420685032378_n.jpg\",\"datePublished\":\"2023-02-26T09:34:04+00:00\",\"dateModified\":\"2024-06-06T22:28:51+00:00\",\"breadcrumb\":{\"@id\":\"https:\/\/fondation-nicolasgigot.org\/de\/nicolas-waere-22-jahre-alt-geworden\/#breadcrumb\"},\"inLanguage\":\"de\",\"potentialAction\":[{\"@type\":\"ReadAction\",\"target\":[\"https:\/\/fondation-nicolasgigot.org\/de\/nicolas-waere-22-jahre-alt-geworden\/\"]}]},{\"@type\":\"ImageObject\",\"inLanguage\":\"de\",\"@id\":\"https:\/\/fondation-nicolasgigot.org\/de\/nicolas-waere-22-jahre-alt-geworden\/#primaryimage\",\"url\":\"https:\/\/fondation-nicolasgigot.org\/wp-content\/uploads\/2023\/05\/333564257_693649819220482_6150988420685032378_n.jpg\",\"contentUrl\":\"https:\/\/fondation-nicolasgigot.org\/wp-content\/uploads\/2023\/05\/333564257_693649819220482_6150988420685032378_n.jpg\",\"width\":1124,\"height\":1499},{\"@type\":\"BreadcrumbList\",\"@id\":\"https:\/\/fondation-nicolasgigot.org\/de\/nicolas-waere-22-jahre-alt-geworden\/#breadcrumb\",\"itemListElement\":[{\"@type\":\"ListItem\",\"position\":1,\"name\":\"Accueil\",\"item\":\"https:\/\/fondation-nicolasgigot.org\/de\/\"},{\"@type\":\"ListItem\",\"position\":2,\"name\":\"Nicolas w\u00e4re 22 Jahre alt geworden\"}]},{\"@type\":\"WebSite\",\"@id\":\"https:\/\/fondation-nicolasgigot.org\/de\/#website\",\"url\":\"https:\/\/fondation-nicolasgigot.org\/de\/\",\"name\":\"Fondation Nicolas Gigot\",\"description\":\"\",\"publisher\":{\"@id\":\"https:\/\/fondation-nicolasgigot.org\/de\/#organization\"},\"potentialAction\":[{\"@type\":\"SearchAction\",\"target\":{\"@type\":\"EntryPoint\",\"urlTemplate\":\"https:\/\/fondation-nicolasgigot.org\/de\/?s={search_term_string}\"},\"query-input\":{\"@type\":\"PropertyValueSpecification\",\"valueRequired\":true,\"valueName\":\"search_term_string\"}}],\"inLanguage\":\"de\"},{\"@type\":\"Organization\",\"@id\":\"https:\/\/fondation-nicolasgigot.org\/de\/#organization\",\"name\":\"Fondation Nicolas Gigot\",\"url\":\"https:\/\/fondation-nicolasgigot.org\/de\/\",\"logo\":{\"@type\":\"ImageObject\",\"inLanguage\":\"de\",\"@id\":\"https:\/\/fondation-nicolasgigot.org\/de\/#\/schema\/logo\/image\/\",\"url\":\"https:\/\/fondation-nicolasgigot.org\/wp-content\/uploads\/2021\/04\/Groupe-32.svg\",\"contentUrl\":\"https:\/\/fondation-nicolasgigot.org\/wp-content\/uploads\/2021\/04\/Groupe-32.svg\",\"width\":1,\"height\":1,\"caption\":\"Fondation Nicolas Gigot\"},\"image\":{\"@id\":\"https:\/\/fondation-nicolasgigot.org\/de\/#\/schema\/logo\/image\/\"}},{\"@type\":\"Person\",\"@id\":\"https:\/\/fondation-nicolasgigot.org\/de\/#\/schema\/person\/23187954cf45667f841bfe39191cb5dc\",\"name\":\"Nadine Brialmont\",\"image\":{\"@type\":\"ImageObject\",\"inLanguage\":\"de\",\"@id\":\"https:\/\/fondation-nicolasgigot.org\/de\/#\/schema\/person\/image\/\",\"url\":\"https:\/\/secure.gravatar.com\/avatar\/24ce526bffd627f6778a52a887345ce97be474d8ea3cd54518e0950c6d61d38c?s=96&d=mm&r=g\",\"contentUrl\":\"https:\/\/secure.gravatar.com\/avatar\/24ce526bffd627f6778a52a887345ce97be474d8ea3cd54518e0950c6d61d38c?s=96&d=mm&r=g\",\"caption\":\"Nadine Brialmont\"},\"sameAs\":[\"https:\/\/fondation-nicolasgigot.org\/\"]}]}<\/script>\n<!-- \/ Yoast SEO plugin. -->","yoast_head_json":{"title":"Nicolas w\u00e4re 22 Jahre alt geworden - Fondation Nicolas Gigot","robots":{"index":"index","follow":"follow","max-snippet":"max-snippet:-1","max-image-preview":"max-image-preview:large","max-video-preview":"max-video-preview:-1"},"canonical":"https:\/\/fondation-nicolasgigot.org\/de\/nicolas-waere-22-jahre-alt-geworden\/","og_locale":"de_DE","og_type":"article","og_title":"Nicolas w\u00e4re 22 Jahre alt geworden - Fondation Nicolas Gigot","og_description":"Liebe Familie und Freunde, Heute ist der Geburtstag meines Sohnes Nicolas, der 22 Jahre alt geworden w\u00e4re. F\u00fcr mich, seine Mutter, ist es seit seinem tragischen Tod am 18. Juli 2020 ein besonders schwerer Tag. Ich bin von Schmerz und Trauer \u00fcberw\u00e4ltigt, denn f\u00fcr mich ist nun jeder Geburtstag, jedes Fest von dieser unwiederbringlichen Abwesenheit [&hellip;]","og_url":"https:\/\/fondation-nicolasgigot.org\/de\/nicolas-waere-22-jahre-alt-geworden\/","og_site_name":"Fondation Nicolas Gigot","article_published_time":"2023-02-26T09:34:04+00:00","article_modified_time":"2024-06-06T22:28:51+00:00","og_image":[{"width":1124,"height":1499,"url":"https:\/\/fondation-nicolasgigot.org\/wp-content\/uploads\/2023\/05\/333564257_693649819220482_6150988420685032378_n.jpg","type":"image\/jpeg"}],"author":"Nadine Brialmont","twitter_card":"summary_large_image","twitter_misc":{"Verfasst von":"Nadine Brialmont","Gesch\u00e4tzte Lesezeit":"3\u00a0Minuten"},"schema":{"@context":"https:\/\/schema.org","@graph":[{"@type":"Article","@id":"https:\/\/fondation-nicolasgigot.org\/de\/nicolas-waere-22-jahre-alt-geworden\/#article","isPartOf":{"@id":"https:\/\/fondation-nicolasgigot.org\/de\/nicolas-waere-22-jahre-alt-geworden\/"},"author":{"name":"Nadine Brialmont","@id":"https:\/\/fondation-nicolasgigot.org\/de\/#\/schema\/person\/23187954cf45667f841bfe39191cb5dc"},"headline":"Nicolas w\u00e4re 22 Jahre alt geworden","datePublished":"2023-02-26T09:34:04+00:00","dateModified":"2024-06-06T22:28:51+00:00","mainEntityOfPage":{"@id":"https:\/\/fondation-nicolasgigot.org\/de\/nicolas-waere-22-jahre-alt-geworden\/"},"wordCount":657,"commentCount":0,"publisher":{"@id":"https:\/\/fondation-nicolasgigot.org\/de\/#organization"},"image":{"@id":"https:\/\/fondation-nicolasgigot.org\/de\/nicolas-waere-22-jahre-alt-geworden\/#primaryimage"},"thumbnailUrl":"https:\/\/fondation-nicolasgigot.org\/wp-content\/uploads\/2023\/05\/333564257_693649819220482_6150988420685032378_n.jpg","articleSection":["Nachrichten"],"inLanguage":"de","potentialAction":[{"@type":"CommentAction","name":"Comment","target":["https:\/\/fondation-nicolasgigot.org\/de\/nicolas-waere-22-jahre-alt-geworden\/#respond"]}]},{"@type":"WebPage","@id":"https:\/\/fondation-nicolasgigot.org\/de\/nicolas-waere-22-jahre-alt-geworden\/","url":"https:\/\/fondation-nicolasgigot.org\/de\/nicolas-waere-22-jahre-alt-geworden\/","name":"Nicolas w\u00e4re 22 Jahre alt geworden - Fondation Nicolas Gigot","isPartOf":{"@id":"https:\/\/fondation-nicolasgigot.org\/de\/#website"},"primaryImageOfPage":{"@id":"https:\/\/fondation-nicolasgigot.org\/de\/nicolas-waere-22-jahre-alt-geworden\/#primaryimage"},"image":{"@id":"https:\/\/fondation-nicolasgigot.org\/de\/nicolas-waere-22-jahre-alt-geworden\/#primaryimage"},"thumbnailUrl":"https:\/\/fondation-nicolasgigot.org\/wp-content\/uploads\/2023\/05\/333564257_693649819220482_6150988420685032378_n.jpg","datePublished":"2023-02-26T09:34:04+00:00","dateModified":"2024-06-06T22:28:51+00:00","breadcrumb":{"@id":"https:\/\/fondation-nicolasgigot.org\/de\/nicolas-waere-22-jahre-alt-geworden\/#breadcrumb"},"inLanguage":"de","potentialAction":[{"@type":"ReadAction","target":["https:\/\/fondation-nicolasgigot.org\/de\/nicolas-waere-22-jahre-alt-geworden\/"]}]},{"@type":"ImageObject","inLanguage":"de","@id":"https:\/\/fondation-nicolasgigot.org\/de\/nicolas-waere-22-jahre-alt-geworden\/#primaryimage","url":"https:\/\/fondation-nicolasgigot.org\/wp-content\/uploads\/2023\/05\/333564257_693649819220482_6150988420685032378_n.jpg","contentUrl":"https:\/\/fondation-nicolasgigot.org\/wp-content\/uploads\/2023\/05\/333564257_693649819220482_6150988420685032378_n.jpg","width":1124,"height":1499},{"@type":"BreadcrumbList","@id":"https:\/\/fondation-nicolasgigot.org\/de\/nicolas-waere-22-jahre-alt-geworden\/#breadcrumb","itemListElement":[{"@type":"ListItem","position":1,"name":"Accueil","item":"https:\/\/fondation-nicolasgigot.org\/de\/"},{"@type":"ListItem","position":2,"name":"Nicolas w\u00e4re 22 Jahre alt geworden"}]},{"@type":"WebSite","@id":"https:\/\/fondation-nicolasgigot.org\/de\/#website","url":"https:\/\/fondation-nicolasgigot.org\/de\/","name":"Fondation Nicolas Gigot","description":"","publisher":{"@id":"https:\/\/fondation-nicolasgigot.org\/de\/#organization"},"potentialAction":[{"@type":"SearchAction","target":{"@type":"EntryPoint","urlTemplate":"https:\/\/fondation-nicolasgigot.org\/de\/?s={search_term_string}"},"query-input":{"@type":"PropertyValueSpecification","valueRequired":true,"valueName":"search_term_string"}}],"inLanguage":"de"},{"@type":"Organization","@id":"https:\/\/fondation-nicolasgigot.org\/de\/#organization","name":"Fondation Nicolas Gigot","url":"https:\/\/fondation-nicolasgigot.org\/de\/","logo":{"@type":"ImageObject","inLanguage":"de","@id":"https:\/\/fondation-nicolasgigot.org\/de\/#\/schema\/logo\/image\/","url":"https:\/\/fondation-nicolasgigot.org\/wp-content\/uploads\/2021\/04\/Groupe-32.svg","contentUrl":"https:\/\/fondation-nicolasgigot.org\/wp-content\/uploads\/2021\/04\/Groupe-32.svg","width":1,"height":1,"caption":"Fondation Nicolas Gigot"},"image":{"@id":"https:\/\/fondation-nicolasgigot.org\/de\/#\/schema\/logo\/image\/"}},{"@type":"Person","@id":"https:\/\/fondation-nicolasgigot.org\/de\/#\/schema\/person\/23187954cf45667f841bfe39191cb5dc","name":"Nadine Brialmont","image":{"@type":"ImageObject","inLanguage":"de","@id":"https:\/\/fondation-nicolasgigot.org\/de\/#\/schema\/person\/image\/","url":"https:\/\/secure.gravatar.com\/avatar\/24ce526bffd627f6778a52a887345ce97be474d8ea3cd54518e0950c6d61d38c?s=96&d=mm&r=g","contentUrl":"https:\/\/secure.gravatar.com\/avatar\/24ce526bffd627f6778a52a887345ce97be474d8ea3cd54518e0950c6d61d38c?s=96&d=mm&r=g","caption":"Nadine Brialmont"},"sameAs":["https:\/\/fondation-nicolasgigot.org\/"]}]}},"_links":{"self":[{"href":"https:\/\/fondation-nicolasgigot.org\/de\/wp-json\/wp\/v2\/posts\/5369","targetHints":{"allow":["GET"]}}],"collection":[{"href":"https:\/\/fondation-nicolasgigot.org\/de\/wp-json\/wp\/v2\/posts"}],"about":[{"href":"https:\/\/fondation-nicolasgigot.org\/de\/wp-json\/wp\/v2\/types\/post"}],"author":[{"embeddable":true,"href":"https:\/\/fondation-nicolasgigot.org\/de\/wp-json\/wp\/v2\/users\/3"}],"replies":[{"embeddable":true,"href":"https:\/\/fondation-nicolasgigot.org\/de\/wp-json\/wp\/v2\/comments?post=5369"}],"version-history":[{"count":1,"href":"https:\/\/fondation-nicolasgigot.org\/de\/wp-json\/wp\/v2\/posts\/5369\/revisions"}],"predecessor-version":[{"id":5370,"href":"https:\/\/fondation-nicolasgigot.org\/de\/wp-json\/wp\/v2\/posts\/5369\/revisions\/5370"}],"wp:featuredmedia":[{"embeddable":true,"href":"https:\/\/fondation-nicolasgigot.org\/de\/wp-json\/wp\/v2\/media\/4878"}],"wp:attachment":[{"href":"https:\/\/fondation-nicolasgigot.org\/de\/wp-json\/wp\/v2\/media?parent=5369"}],"wp:term":[{"taxonomy":"category","embeddable":true,"href":"https:\/\/fondation-nicolasgigot.org\/de\/wp-json\/wp\/v2\/categories?post=5369"},{"taxonomy":"post_tag","embeddable":true,"href":"https:\/\/fondation-nicolasgigot.org\/de\/wp-json\/wp\/v2\/tags?post=5369"}],"curies":[{"name":"wp","href":"https:\/\/api.w.org\/{rel}","templated":true}]}}