{"id":5371,"date":"2023-02-24T12:18:54","date_gmt":"2023-02-24T11:18:54","guid":{"rendered":"https:\/\/fondation-nicolasgigot.org\/abfahrt-nach-bourg-en-bresse\/"},"modified":"2024-06-07T00:28:52","modified_gmt":"2024-06-06T22:28:52","slug":"abfahrt-nach-bourg-en-bresse","status":"publish","type":"post","link":"https:\/\/fondation-nicolasgigot.org\/de\/abfahrt-nach-bourg-en-bresse\/","title":{"rendered":"Abfahrt nach Bourg en Bresse"},"content":{"rendered":"\t\t<div data-elementor-type=\"wp-post\" data-elementor-id=\"5371\" class=\"elementor elementor-5371 elementor-4835\" data-elementor-post-type=\"post\">\n\t\t\t\t\t\t<section class=\"elementor-section elementor-top-section elementor-element elementor-element-ff735b4 elementor-section-boxed elementor-section-height-default elementor-section-height-default\" data-id=\"ff735b4\" data-element_type=\"section\">\n\t\t\t\t\t\t<div class=\"elementor-container elementor-column-gap-default\">\n\t\t\t\t\t<div class=\"elementor-column elementor-col-50 elementor-top-column elementor-element elementor-element-cba040f\" data-id=\"cba040f\" data-element_type=\"column\">\n\t\t\t<div class=\"elementor-widget-wrap elementor-element-populated\">\n\t\t\t\t\t\t<div class=\"elementor-element elementor-element-297fe84 elementor-widget elementor-widget-text-editor\" data-id=\"297fe84\" data-element_type=\"widget\" data-widget_type=\"text-editor.default\">\n\t\t\t\t<div class=\"elementor-widget-container\">\n\t\t\t\t\t\t\t\t\t<p>Am Montag um 5.15 Uhr ging es los nach&nbsp; Bourg-en-Bresse, um das Team von<\/p>\n<p>&#8222;A FEU LA CAISSE&#8220; mit meinen beiden Engeln( Shauna links und Alix rechts)<\/p>\t\t\t\t\t\t\t\t<\/div>\n\t\t\t\t<\/div>\n\t\t\t\t<div class=\"elementor-element elementor-element-f91fd2a elementor-widget elementor-widget-image\" data-id=\"f91fd2a\" data-element_type=\"widget\" data-widget_type=\"image.default\">\n\t\t\t\t<div class=\"elementor-widget-container\">\n\t\t\t\t\t\t\t\t\t\t\t\t\t\t\t<img fetchpriority=\"high\" decoding=\"async\" width=\"800\" height=\"600\" src=\"https:\/\/fondation-nicolasgigot.org\/wp-content\/uploads\/2023\/02\/20230220_054720-002-1024x768.jpg\" class=\"attachment-large size-large wp-image-4825\" alt=\"\" srcset=\"https:\/\/fondation-nicolasgigot.org\/wp-content\/uploads\/2023\/02\/20230220_054720-002-1024x768.jpg 1024w, https:\/\/fondation-nicolasgigot.org\/wp-content\/uploads\/2023\/02\/20230220_054720-002-300x225.jpg 300w, https:\/\/fondation-nicolasgigot.org\/wp-content\/uploads\/2023\/02\/20230220_054720-002-768x576.jpg 768w, https:\/\/fondation-nicolasgigot.org\/wp-content\/uploads\/2023\/02\/20230220_054720-002-1536x1152.jpg 1536w, https:\/\/fondation-nicolasgigot.org\/wp-content\/uploads\/2023\/02\/20230220_054720-002-2048x1536.jpg 2048w, https:\/\/fondation-nicolasgigot.org\/wp-content\/uploads\/2023\/02\/20230220_054720-002-1320x990.jpg 1320w\" sizes=\"(max-width: 800px) 100vw, 800px\" \/>\t\t\t\t\t\t\t\t\t\t\t\t\t\t\t<\/div>\n\t\t\t\t<\/div>\n\t\t\t\t<div class=\"elementor-element elementor-element-cba8930 elementor-widget elementor-widget-text-editor\" data-id=\"cba8930\" data-element_type=\"widget\" data-widget_type=\"text-editor.default\">\n\t\t\t\t<div class=\"elementor-widget-container\">\n\t\t\t\t\t\t\t\t\t<p>Drei Studenten der EGC waren so freundlich, uns ihren Gewinn aus dem Seifenkistenrennen zu spenden, das sie am 8. Oktober 2022 in Ceyz\u00e9riat veranstaltet hatten. Flavie, Elsa und Ugo(rechts auf dem Foto) organisierten diese erfolgreiche Veranstaltung im Rahmen ihres Studiums an der EGC Centrest, der Schule, an der auch Nicolas Gigot studiert hatte. Daher wollten sie ihm die Ehre erweisen und sein Andenken weiterhin ehren, indem sie die Stiftung unterst\u00fctzen. Die Scheck\u00fcbergabe fand unter dem Namensschild des H\u00f6rsaals statt, der den Namen von Nicolas Gigot tr\u00e4gt&#8230;..so ist er immer bei uns!<\/p>\t\t\t\t\t\t\t\t<\/div>\n\t\t\t\t<\/div>\n\t\t\t\t\t<\/div>\n\t\t<\/div>\n\t\t\t\t<div class=\"elementor-column elementor-col-50 elementor-top-column elementor-element elementor-element-cd8a57f\" data-id=\"cd8a57f\" data-element_type=\"column\">\n\t\t\t<div class=\"elementor-widget-wrap elementor-element-populated\">\n\t\t\t\t\t\t<div class=\"elementor-element elementor-element-8e6fba4 elementor-widget elementor-widget-image\" data-id=\"8e6fba4\" data-element_type=\"widget\" data-widget_type=\"image.default\">\n\t\t\t\t<div class=\"elementor-widget-container\">\n\t\t\t\t\t\t\t\t\t\t\t\t\t\t\t<img decoding=\"async\" width=\"696\" height=\"928\" src=\"https:\/\/fondation-nicolasgigot.org\/wp-content\/uploads\/2023\/02\/IMG-20230220-WA0075-002.jpg\" class=\"attachment-large size-large wp-image-4829\" alt=\"\" srcset=\"https:\/\/fondation-nicolasgigot.org\/wp-content\/uploads\/2023\/02\/IMG-20230220-WA0075-002.jpg 696w, https:\/\/fondation-nicolasgigot.org\/wp-content\/uploads\/2023\/02\/IMG-20230220-WA0075-002-225x300.jpg 225w\" sizes=\"(max-width: 696px) 100vw, 696px\" \/>\t\t\t\t\t\t\t\t\t\t\t\t\t\t\t<\/div>\n\t\t\t\t<\/div>\n\t\t\t\t\t<\/div>\n\t\t<\/div>\n\t\t\t\t\t<\/div>\n\t\t<\/section>\n\t\t\t\t<\/div>\n\t\t","protected":false},"excerpt":{"rendered":"<p>Am Montag um 5.15 Uhr ging es los nach&nbsp; Bourg-en-Bresse, um das Team von &#8222;A FEU LA CAISSE&#8220; mit meinen beiden Engeln( Shauna links und Alix rechts) Drei Studenten der EGC waren so freundlich, uns ihren Gewinn aus dem Seifenkistenrennen zu spenden, das sie am 8. Oktober 2022 in Ceyz\u00e9riat veranstaltet hatten. Flavie, Elsa und [&hellip;]<\/p>\n","protected":false},"author":3,"featured_media":4829,"comment_status":"open","ping_status":"open","sticky":false,"template":"","format":"standard","meta":{"_acf_changed":false,"give_campaign_id":0,"footnotes":""},"categories":[78],"tags":[],"class_list":["post-5371","post","type-post","status-publish","format-standard","has-post-thumbnail","hentry","category-nachrichten"],"acf":[],"yoast_head":"<!-- This site is optimized with the Yoast SEO plugin v25.1 - https:\/\/yoast.com\/wordpress\/plugins\/seo\/ -->\n<title>Abfahrt nach Bourg en Bresse - Fondation Nicolas Gigot<\/title>\n<meta name=\"robots\" content=\"index, follow, max-snippet:-1, max-image-preview:large, max-video-preview:-1\" \/>\n<link rel=\"canonical\" href=\"https:\/\/fondation-nicolasgigot.org\/de\/abfahrt-nach-bourg-en-bresse\/\" \/>\n<meta property=\"og:locale\" content=\"de_DE\" \/>\n<meta property=\"og:type\" content=\"article\" \/>\n<meta property=\"og:title\" content=\"Abfahrt nach Bourg en Bresse - Fondation Nicolas Gigot\" \/>\n<meta property=\"og:description\" content=\"Am Montag um 5.15 Uhr ging es los nach&nbsp; Bourg-en-Bresse, um das Team von &#8222;A FEU LA CAISSE&#8220; mit meinen beiden Engeln( Shauna links und Alix rechts) Drei Studenten der EGC waren so freundlich, uns ihren Gewinn aus dem Seifenkistenrennen zu spenden, das sie am 8. Oktober 2022 in Ceyz\u00e9riat veranstaltet hatten. Flavie, Elsa und [&hellip;]\" \/>\n<meta property=\"og:url\" content=\"https:\/\/fondation-nicolasgigot.org\/de\/abfahrt-nach-bourg-en-bresse\/\" \/>\n<meta property=\"og:site_name\" content=\"Fondation Nicolas Gigot\" \/>\n<meta property=\"article:published_time\" content=\"2023-02-24T11:18:54+00:00\" \/>\n<meta property=\"article:modified_time\" content=\"2024-06-06T22:28:52+00:00\" \/>\n<meta property=\"og:image\" content=\"https:\/\/fondation-nicolasgigot.org\/wp-content\/uploads\/2023\/02\/IMG-20230220-WA0075-002.jpg\" \/>\n\t<meta property=\"og:image:width\" content=\"696\" \/>\n\t<meta property=\"og:image:height\" content=\"928\" \/>\n\t<meta property=\"og:image:type\" content=\"image\/jpeg\" \/>\n<meta name=\"author\" content=\"Nadine Brialmont\" \/>\n<meta name=\"twitter:card\" content=\"summary_large_image\" \/>\n<meta name=\"twitter:label1\" content=\"Verfasst von\" \/>\n\t<meta name=\"twitter:data1\" content=\"Nadine Brialmont\" \/>\n\t<meta name=\"twitter:label2\" content=\"Gesch\u00e4tzte Lesezeit\" \/>\n\t<meta name=\"twitter:data2\" content=\"1\u00a0Minute\" \/>\n<script type=\"application\/ld+json\" class=\"yoast-schema-graph\">{\"@context\":\"https:\/\/schema.org\",\"@graph\":[{\"@type\":\"Article\",\"@id\":\"https:\/\/fondation-nicolasgigot.org\/de\/abfahrt-nach-bourg-en-bresse\/#article\",\"isPartOf\":{\"@id\":\"https:\/\/fondation-nicolasgigot.org\/de\/abfahrt-nach-bourg-en-bresse\/\"},\"author\":{\"name\":\"Nadine Brialmont\",\"@id\":\"https:\/\/fondation-nicolasgigot.org\/de\/#\/schema\/person\/23187954cf45667f841bfe39191cb5dc\"},\"headline\":\"Abfahrt nach Bourg en Bresse\",\"datePublished\":\"2023-02-24T11:18:54+00:00\",\"dateModified\":\"2024-06-06T22:28:52+00:00\",\"mainEntityOfPage\":{\"@id\":\"https:\/\/fondation-nicolasgigot.org\/de\/abfahrt-nach-bourg-en-bresse\/\"},\"wordCount\":128,\"commentCount\":0,\"publisher\":{\"@id\":\"https:\/\/fondation-nicolasgigot.org\/de\/#organization\"},\"image\":{\"@id\":\"https:\/\/fondation-nicolasgigot.org\/de\/abfahrt-nach-bourg-en-bresse\/#primaryimage\"},\"thumbnailUrl\":\"https:\/\/fondation-nicolasgigot.org\/wp-content\/uploads\/2023\/02\/IMG-20230220-WA0075-002.jpg\",\"articleSection\":[\"Nachrichten\"],\"inLanguage\":\"de\",\"potentialAction\":[{\"@type\":\"CommentAction\",\"name\":\"Comment\",\"target\":[\"https:\/\/fondation-nicolasgigot.org\/de\/abfahrt-nach-bourg-en-bresse\/#respond\"]}]},{\"@type\":\"WebPage\",\"@id\":\"https:\/\/fondation-nicolasgigot.org\/de\/abfahrt-nach-bourg-en-bresse\/\",\"url\":\"https:\/\/fondation-nicolasgigot.org\/de\/abfahrt-nach-bourg-en-bresse\/\",\"name\":\"Abfahrt nach Bourg en Bresse - Fondation Nicolas Gigot\",\"isPartOf\":{\"@id\":\"https:\/\/fondation-nicolasgigot.org\/de\/#website\"},\"primaryImageOfPage\":{\"@id\":\"https:\/\/fondation-nicolasgigot.org\/de\/abfahrt-nach-bourg-en-bresse\/#primaryimage\"},\"image\":{\"@id\":\"https:\/\/fondation-nicolasgigot.org\/de\/abfahrt-nach-bourg-en-bresse\/#primaryimage\"},\"thumbnailUrl\":\"https:\/\/fondation-nicolasgigot.org\/wp-content\/uploads\/2023\/02\/IMG-20230220-WA0075-002.jpg\",\"datePublished\":\"2023-02-24T11:18:54+00:00\",\"dateModified\":\"2024-06-06T22:28:52+00:00\",\"breadcrumb\":{\"@id\":\"https:\/\/fondation-nicolasgigot.org\/de\/abfahrt-nach-bourg-en-bresse\/#breadcrumb\"},\"inLanguage\":\"de\",\"potentialAction\":[{\"@type\":\"ReadAction\",\"target\":[\"https:\/\/fondation-nicolasgigot.org\/de\/abfahrt-nach-bourg-en-bresse\/\"]}]},{\"@type\":\"ImageObject\",\"inLanguage\":\"de\",\"@id\":\"https:\/\/fondation-nicolasgigot.org\/de\/abfahrt-nach-bourg-en-bresse\/#primaryimage\",\"url\":\"https:\/\/fondation-nicolasgigot.org\/wp-content\/uploads\/2023\/02\/IMG-20230220-WA0075-002.jpg\",\"contentUrl\":\"https:\/\/fondation-nicolasgigot.org\/wp-content\/uploads\/2023\/02\/IMG-20230220-WA0075-002.jpg\",\"width\":696,\"height\":928},{\"@type\":\"BreadcrumbList\",\"@id\":\"https:\/\/fondation-nicolasgigot.org\/de\/abfahrt-nach-bourg-en-bresse\/#breadcrumb\",\"itemListElement\":[{\"@type\":\"ListItem\",\"position\":1,\"name\":\"Accueil\",\"item\":\"https:\/\/fondation-nicolasgigot.org\/de\/\"},{\"@type\":\"ListItem\",\"position\":2,\"name\":\"Abfahrt nach Bourg en Bresse\"}]},{\"@type\":\"WebSite\",\"@id\":\"https:\/\/fondation-nicolasgigot.org\/de\/#website\",\"url\":\"https:\/\/fondation-nicolasgigot.org\/de\/\",\"name\":\"Fondation Nicolas Gigot\",\"description\":\"\",\"publisher\":{\"@id\":\"https:\/\/fondation-nicolasgigot.org\/de\/#organization\"},\"potentialAction\":[{\"@type\":\"SearchAction\",\"target\":{\"@type\":\"EntryPoint\",\"urlTemplate\":\"https:\/\/fondation-nicolasgigot.org\/de\/?s={search_term_string}\"},\"query-input\":{\"@type\":\"PropertyValueSpecification\",\"valueRequired\":true,\"valueName\":\"search_term_string\"}}],\"inLanguage\":\"de\"},{\"@type\":\"Organization\",\"@id\":\"https:\/\/fondation-nicolasgigot.org\/de\/#organization\",\"name\":\"Fondation Nicolas Gigot\",\"url\":\"https:\/\/fondation-nicolasgigot.org\/de\/\",\"logo\":{\"@type\":\"ImageObject\",\"inLanguage\":\"de\",\"@id\":\"https:\/\/fondation-nicolasgigot.org\/de\/#\/schema\/logo\/image\/\",\"url\":\"https:\/\/fondation-nicolasgigot.org\/wp-content\/uploads\/2021\/04\/Groupe-32.svg\",\"contentUrl\":\"https:\/\/fondation-nicolasgigot.org\/wp-content\/uploads\/2021\/04\/Groupe-32.svg\",\"width\":1,\"height\":1,\"caption\":\"Fondation Nicolas Gigot\"},\"image\":{\"@id\":\"https:\/\/fondation-nicolasgigot.org\/de\/#\/schema\/logo\/image\/\"}},{\"@type\":\"Person\",\"@id\":\"https:\/\/fondation-nicolasgigot.org\/de\/#\/schema\/person\/23187954cf45667f841bfe39191cb5dc\",\"name\":\"Nadine Brialmont\",\"image\":{\"@type\":\"ImageObject\",\"inLanguage\":\"de\",\"@id\":\"https:\/\/fondation-nicolasgigot.org\/de\/#\/schema\/person\/image\/\",\"url\":\"https:\/\/secure.gravatar.com\/avatar\/24ce526bffd627f6778a52a887345ce97be474d8ea3cd54518e0950c6d61d38c?s=96&d=mm&r=g\",\"contentUrl\":\"https:\/\/secure.gravatar.com\/avatar\/24ce526bffd627f6778a52a887345ce97be474d8ea3cd54518e0950c6d61d38c?s=96&d=mm&r=g\",\"caption\":\"Nadine Brialmont\"},\"sameAs\":[\"https:\/\/fondation-nicolasgigot.org\/\"]}]}<\/script>\n<!-- \/ Yoast SEO plugin. -->","yoast_head_json":{"title":"Abfahrt nach Bourg en Bresse - Fondation Nicolas Gigot","robots":{"index":"index","follow":"follow","max-snippet":"max-snippet:-1","max-image-preview":"max-image-preview:large","max-video-preview":"max-video-preview:-1"},"canonical":"https:\/\/fondation-nicolasgigot.org\/de\/abfahrt-nach-bourg-en-bresse\/","og_locale":"de_DE","og_type":"article","og_title":"Abfahrt nach Bourg en Bresse - Fondation Nicolas Gigot","og_description":"Am Montag um 5.15 Uhr ging es los nach&nbsp; Bourg-en-Bresse, um das Team von &#8222;A FEU LA CAISSE&#8220; mit meinen beiden Engeln( Shauna links und Alix rechts) Drei Studenten der EGC waren so freundlich, uns ihren Gewinn aus dem Seifenkistenrennen zu spenden, das sie am 8. Oktober 2022 in Ceyz\u00e9riat veranstaltet hatten. Flavie, Elsa und [&hellip;]","og_url":"https:\/\/fondation-nicolasgigot.org\/de\/abfahrt-nach-bourg-en-bresse\/","og_site_name":"Fondation Nicolas Gigot","article_published_time":"2023-02-24T11:18:54+00:00","article_modified_time":"2024-06-06T22:28:52+00:00","og_image":[{"width":696,"height":928,"url":"https:\/\/fondation-nicolasgigot.org\/wp-content\/uploads\/2023\/02\/IMG-20230220-WA0075-002.jpg","type":"image\/jpeg"}],"author":"Nadine Brialmont","twitter_card":"summary_large_image","twitter_misc":{"Verfasst von":"Nadine Brialmont","Gesch\u00e4tzte Lesezeit":"1\u00a0Minute"},"schema":{"@context":"https:\/\/schema.org","@graph":[{"@type":"Article","@id":"https:\/\/fondation-nicolasgigot.org\/de\/abfahrt-nach-bourg-en-bresse\/#article","isPartOf":{"@id":"https:\/\/fondation-nicolasgigot.org\/de\/abfahrt-nach-bourg-en-bresse\/"},"author":{"name":"Nadine Brialmont","@id":"https:\/\/fondation-nicolasgigot.org\/de\/#\/schema\/person\/23187954cf45667f841bfe39191cb5dc"},"headline":"Abfahrt nach Bourg en Bresse","datePublished":"2023-02-24T11:18:54+00:00","dateModified":"2024-06-06T22:28:52+00:00","mainEntityOfPage":{"@id":"https:\/\/fondation-nicolasgigot.org\/de\/abfahrt-nach-bourg-en-bresse\/"},"wordCount":128,"commentCount":0,"publisher":{"@id":"https:\/\/fondation-nicolasgigot.org\/de\/#organization"},"image":{"@id":"https:\/\/fondation-nicolasgigot.org\/de\/abfahrt-nach-bourg-en-bresse\/#primaryimage"},"thumbnailUrl":"https:\/\/fondation-nicolasgigot.org\/wp-content\/uploads\/2023\/02\/IMG-20230220-WA0075-002.jpg","articleSection":["Nachrichten"],"inLanguage":"de","potentialAction":[{"@type":"CommentAction","name":"Comment","target":["https:\/\/fondation-nicolasgigot.org\/de\/abfahrt-nach-bourg-en-bresse\/#respond"]}]},{"@type":"WebPage","@id":"https:\/\/fondation-nicolasgigot.org\/de\/abfahrt-nach-bourg-en-bresse\/","url":"https:\/\/fondation-nicolasgigot.org\/de\/abfahrt-nach-bourg-en-bresse\/","name":"Abfahrt nach Bourg en Bresse - Fondation Nicolas Gigot","isPartOf":{"@id":"https:\/\/fondation-nicolasgigot.org\/de\/#website"},"primaryImageOfPage":{"@id":"https:\/\/fondation-nicolasgigot.org\/de\/abfahrt-nach-bourg-en-bresse\/#primaryimage"},"image":{"@id":"https:\/\/fondation-nicolasgigot.org\/de\/abfahrt-nach-bourg-en-bresse\/#primaryimage"},"thumbnailUrl":"https:\/\/fondation-nicolasgigot.org\/wp-content\/uploads\/2023\/02\/IMG-20230220-WA0075-002.jpg","datePublished":"2023-02-24T11:18:54+00:00","dateModified":"2024-06-06T22:28:52+00:00","breadcrumb":{"@id":"https:\/\/fondation-nicolasgigot.org\/de\/abfahrt-nach-bourg-en-bresse\/#breadcrumb"},"inLanguage":"de","potentialAction":[{"@type":"ReadAction","target":["https:\/\/fondation-nicolasgigot.org\/de\/abfahrt-nach-bourg-en-bresse\/"]}]},{"@type":"ImageObject","inLanguage":"de","@id":"https:\/\/fondation-nicolasgigot.org\/de\/abfahrt-nach-bourg-en-bresse\/#primaryimage","url":"https:\/\/fondation-nicolasgigot.org\/wp-content\/uploads\/2023\/02\/IMG-20230220-WA0075-002.jpg","contentUrl":"https:\/\/fondation-nicolasgigot.org\/wp-content\/uploads\/2023\/02\/IMG-20230220-WA0075-002.jpg","width":696,"height":928},{"@type":"BreadcrumbList","@id":"https:\/\/fondation-nicolasgigot.org\/de\/abfahrt-nach-bourg-en-bresse\/#breadcrumb","itemListElement":[{"@type":"ListItem","position":1,"name":"Accueil","item":"https:\/\/fondation-nicolasgigot.org\/de\/"},{"@type":"ListItem","position":2,"name":"Abfahrt nach Bourg en Bresse"}]},{"@type":"WebSite","@id":"https:\/\/fondation-nicolasgigot.org\/de\/#website","url":"https:\/\/fondation-nicolasgigot.org\/de\/","name":"Fondation Nicolas Gigot","description":"","publisher":{"@id":"https:\/\/fondation-nicolasgigot.org\/de\/#organization"},"potentialAction":[{"@type":"SearchAction","target":{"@type":"EntryPoint","urlTemplate":"https:\/\/fondation-nicolasgigot.org\/de\/?s={search_term_string}"},"query-input":{"@type":"PropertyValueSpecification","valueRequired":true,"valueName":"search_term_string"}}],"inLanguage":"de"},{"@type":"Organization","@id":"https:\/\/fondation-nicolasgigot.org\/de\/#organization","name":"Fondation Nicolas Gigot","url":"https:\/\/fondation-nicolasgigot.org\/de\/","logo":{"@type":"ImageObject","inLanguage":"de","@id":"https:\/\/fondation-nicolasgigot.org\/de\/#\/schema\/logo\/image\/","url":"https:\/\/fondation-nicolasgigot.org\/wp-content\/uploads\/2021\/04\/Groupe-32.svg","contentUrl":"https:\/\/fondation-nicolasgigot.org\/wp-content\/uploads\/2021\/04\/Groupe-32.svg","width":1,"height":1,"caption":"Fondation Nicolas Gigot"},"image":{"@id":"https:\/\/fondation-nicolasgigot.org\/de\/#\/schema\/logo\/image\/"}},{"@type":"Person","@id":"https:\/\/fondation-nicolasgigot.org\/de\/#\/schema\/person\/23187954cf45667f841bfe39191cb5dc","name":"Nadine Brialmont","image":{"@type":"ImageObject","inLanguage":"de","@id":"https:\/\/fondation-nicolasgigot.org\/de\/#\/schema\/person\/image\/","url":"https:\/\/secure.gravatar.com\/avatar\/24ce526bffd627f6778a52a887345ce97be474d8ea3cd54518e0950c6d61d38c?s=96&d=mm&r=g","contentUrl":"https:\/\/secure.gravatar.com\/avatar\/24ce526bffd627f6778a52a887345ce97be474d8ea3cd54518e0950c6d61d38c?s=96&d=mm&r=g","caption":"Nadine Brialmont"},"sameAs":["https:\/\/fondation-nicolasgigot.org\/"]}]}},"_links":{"self":[{"href":"https:\/\/fondation-nicolasgigot.org\/de\/wp-json\/wp\/v2\/posts\/5371","targetHints":{"allow":["GET"]}}],"collection":[{"href":"https:\/\/fondation-nicolasgigot.org\/de\/wp-json\/wp\/v2\/posts"}],"about":[{"href":"https:\/\/fondation-nicolasgigot.org\/de\/wp-json\/wp\/v2\/types\/post"}],"author":[{"embeddable":true,"href":"https:\/\/fondation-nicolasgigot.org\/de\/wp-json\/wp\/v2\/users\/3"}],"replies":[{"embeddable":true,"href":"https:\/\/fondation-nicolasgigot.org\/de\/wp-json\/wp\/v2\/comments?post=5371"}],"version-history":[{"count":1,"href":"https:\/\/fondation-nicolasgigot.org\/de\/wp-json\/wp\/v2\/posts\/5371\/revisions"}],"predecessor-version":[{"id":5372,"href":"https:\/\/fondation-nicolasgigot.org\/de\/wp-json\/wp\/v2\/posts\/5371\/revisions\/5372"}],"wp:featuredmedia":[{"embeddable":true,"href":"https:\/\/fondation-nicolasgigot.org\/de\/wp-json\/wp\/v2\/media\/4829"}],"wp:attachment":[{"href":"https:\/\/fondation-nicolasgigot.org\/de\/wp-json\/wp\/v2\/media?parent=5371"}],"wp:term":[{"taxonomy":"category","embeddable":true,"href":"https:\/\/fondation-nicolasgigot.org\/de\/wp-json\/wp\/v2\/categories?post=5371"},{"taxonomy":"post_tag","embeddable":true,"href":"https:\/\/fondation-nicolasgigot.org\/de\/wp-json\/wp\/v2\/tags?post=5371"}],"curies":[{"name":"wp","href":"https:\/\/api.w.org\/{rel}","templated":true}]}}