{"id":5374,"date":"2022-07-18T00:05:32","date_gmt":"2022-07-17T22:05:32","guid":{"rendered":"https:\/\/fondation-nicolasgigot.org\/geburtstag-2-jahre\/"},"modified":"2024-06-07T00:28:58","modified_gmt":"2024-06-06T22:28:58","slug":"geburtstag-2-jahre","status":"publish","type":"post","link":"https:\/\/fondation-nicolasgigot.org\/de\/geburtstag-2-jahre\/","title":{"rendered":"GEBURTSTAG 2 JAHRE"},"content":{"rendered":"<p><a href=\"http:\/\/fondation-nicolasgigot.org\/wp-content\/uploads\/2022\/07\/FB_IMG_1595175953889.jpg\"><img fetchpriority=\"high\" decoding=\"async\" class=\"size-full wp-image-4545 alignleft\" src=\"http:\/\/fondation-nicolasgigot.org\/wp-content\/uploads\/2022\/07\/FB_IMG_1595175953889.jpg\" alt=\"\" width=\"609\" height=\"813\" srcset=\"https:\/\/fondation-nicolasgigot.org\/wp-content\/uploads\/2022\/07\/FB_IMG_1595175953889.jpg 609w, https:\/\/fondation-nicolasgigot.org\/wp-content\/uploads\/2022\/07\/FB_IMG_1595175953889-225x300.jpg 225w\" sizes=\"(max-width: 609px) 100vw, 609px\" \/><\/a>Der sanfte Blick des jungen Nicolas<\/p>\n<p>Dein Blick&#8230;..ihr Blick&#8230;&#8230;<\/p>\n<p>Am 18. Juli ist es zwei Jahre her, dass du uns verlassen hast! Was f\u00fcr ein m\u00fchsames Gedenken.<br \/>\nEin Geburtstag ist festlich, bunt und fr\u00f6hlich.<br \/>\nAber, ich habe nur einen Schmerz, der mit den 24 Monaten ohne dich multipliziert wird.<br \/>\nSeit deine Augen sich geschlossen haben, durchleben meine bei jedem Aufwachen deinen letzten Blick wie einen Dolch im Herzen.<br \/>\nDieser Blick der Angst, der Not und sogar des Schreckens wird mich f\u00fcr immer begleiten.<br \/>\nDu, der du unbedingt leben, LEBEN, LEBEN wolltest &#8230; trotz all der Schrecken, die du 33 Tage lang erlebt hast &#8230;..du wolltest so sehr existieren und noch atmen !!!!!!!<br \/>\nTrotz deines Willens entschied dein von den K\u00e4mpfen so geschundener K\u00f6rper anders.<br \/>\nMeine ungeheure Hilflosigkeit angesichts deines Leidens und deines Abschieds versuche ich durch deine Stiftung zu transformieren.<br \/>\nEs bleibt so wenig Befriedigung im Vergleich zu den Qualen deiner Abwesenheit, aber du w\u00e4rst stolz auf die Ergebnisse, die die Stiftung hervorbringt.<br \/>\nWelchen Stolz w\u00fcrdest du empfinden, wenn du all die Menschen sehen w\u00fcrdest, die Geld spenden, damit deine Stiftung wachsen kann.<br \/>\nAn deiner Stelle m\u00f6chte ich all diesen Menschen danken, die dich weiterhin durch die Blicke der Menschen, die optische Ger\u00e4te in Krankenh\u00e4usern und Rollst\u00fchle f\u00fcr den Behindertensport erhalten, zum LEBEN erwecken.<br \/>\ndanke! danke! danke! dass sie nach 2 Jahren immer noch da sind! heute ist auch ihr Geburtstag! danke!<br \/>\nNadine<\/p>\n","protected":false},"excerpt":{"rendered":"<p>Der sanfte Blick des jungen Nicolas Dein Blick&#8230;..ihr Blick&#8230;&#8230; Am 18. Juli ist es zwei Jahre her, dass du uns verlassen hast! Was f\u00fcr ein m\u00fchsames Gedenken. Ein Geburtstag ist festlich, bunt und fr\u00f6hlich. Aber, ich habe nur einen Schmerz, der mit den 24 Monaten ohne dich multipliziert wird. Seit deine Augen sich geschlossen haben, [&hellip;]<\/p>\n","protected":false},"author":3,"featured_media":4545,"comment_status":"open","ping_status":"open","sticky":false,"template":"","format":"standard","meta":{"_acf_changed":false,"give_campaign_id":0,"footnotes":""},"categories":[78],"tags":[],"class_list":["post-5374","post","type-post","status-publish","format-standard","has-post-thumbnail","hentry","category-nachrichten"],"acf":[],"yoast_head":"<!-- This site is optimized with the Yoast SEO plugin v25.1 - https:\/\/yoast.com\/wordpress\/plugins\/seo\/ -->\n<title>GEBURTSTAG 2 JAHRE - Fondation Nicolas Gigot<\/title>\n<meta name=\"robots\" content=\"index, follow, max-snippet:-1, max-image-preview:large, max-video-preview:-1\" \/>\n<link rel=\"canonical\" href=\"https:\/\/fondation-nicolasgigot.org\/de\/geburtstag-2-jahre\/\" \/>\n<meta property=\"og:locale\" content=\"de_DE\" \/>\n<meta property=\"og:type\" content=\"article\" \/>\n<meta property=\"og:title\" content=\"GEBURTSTAG 2 JAHRE - Fondation Nicolas Gigot\" \/>\n<meta property=\"og:description\" content=\"Der sanfte Blick des jungen Nicolas Dein Blick&#8230;..ihr Blick&#8230;&#8230; Am 18. Juli ist es zwei Jahre her, dass du uns verlassen hast! Was f\u00fcr ein m\u00fchsames Gedenken. Ein Geburtstag ist festlich, bunt und fr\u00f6hlich. Aber, ich habe nur einen Schmerz, der mit den 24 Monaten ohne dich multipliziert wird. Seit deine Augen sich geschlossen haben, [&hellip;]\" \/>\n<meta property=\"og:url\" content=\"https:\/\/fondation-nicolasgigot.org\/de\/geburtstag-2-jahre\/\" \/>\n<meta property=\"og:site_name\" content=\"Fondation Nicolas Gigot\" \/>\n<meta property=\"article:published_time\" content=\"2022-07-17T22:05:32+00:00\" \/>\n<meta property=\"article:modified_time\" content=\"2024-06-06T22:28:58+00:00\" \/>\n<meta property=\"og:image\" content=\"https:\/\/fondation-nicolasgigot.org\/wp-content\/uploads\/2022\/07\/FB_IMG_1595175953889.jpg\" \/>\n\t<meta property=\"og:image:width\" content=\"609\" \/>\n\t<meta property=\"og:image:height\" content=\"813\" \/>\n\t<meta property=\"og:image:type\" content=\"image\/jpeg\" \/>\n<meta name=\"author\" content=\"Nadine Brialmont\" \/>\n<meta name=\"twitter:card\" content=\"summary_large_image\" \/>\n<meta name=\"twitter:label1\" content=\"Verfasst von\" \/>\n\t<meta name=\"twitter:data1\" content=\"Nadine Brialmont\" \/>\n\t<meta name=\"twitter:label2\" content=\"Gesch\u00e4tzte Lesezeit\" \/>\n\t<meta name=\"twitter:data2\" content=\"1\u00a0Minute\" \/>\n<script type=\"application\/ld+json\" class=\"yoast-schema-graph\">{\"@context\":\"https:\/\/schema.org\",\"@graph\":[{\"@type\":\"Article\",\"@id\":\"https:\/\/fondation-nicolasgigot.org\/de\/geburtstag-2-jahre\/#article\",\"isPartOf\":{\"@id\":\"https:\/\/fondation-nicolasgigot.org\/de\/geburtstag-2-jahre\/\"},\"author\":{\"name\":\"Nadine Brialmont\",\"@id\":\"https:\/\/fondation-nicolasgigot.org\/de\/#\/schema\/person\/23187954cf45667f841bfe39191cb5dc\"},\"headline\":\"GEBURTSTAG 2 JAHRE\",\"datePublished\":\"2022-07-17T22:05:32+00:00\",\"dateModified\":\"2024-06-06T22:28:58+00:00\",\"mainEntityOfPage\":{\"@id\":\"https:\/\/fondation-nicolasgigot.org\/de\/geburtstag-2-jahre\/\"},\"wordCount\":244,\"commentCount\":0,\"publisher\":{\"@id\":\"https:\/\/fondation-nicolasgigot.org\/de\/#organization\"},\"image\":{\"@id\":\"https:\/\/fondation-nicolasgigot.org\/de\/geburtstag-2-jahre\/#primaryimage\"},\"thumbnailUrl\":\"https:\/\/fondation-nicolasgigot.org\/wp-content\/uploads\/2022\/07\/FB_IMG_1595175953889.jpg\",\"articleSection\":[\"Nachrichten\"],\"inLanguage\":\"de\",\"potentialAction\":[{\"@type\":\"CommentAction\",\"name\":\"Comment\",\"target\":[\"https:\/\/fondation-nicolasgigot.org\/de\/geburtstag-2-jahre\/#respond\"]}]},{\"@type\":\"WebPage\",\"@id\":\"https:\/\/fondation-nicolasgigot.org\/de\/geburtstag-2-jahre\/\",\"url\":\"https:\/\/fondation-nicolasgigot.org\/de\/geburtstag-2-jahre\/\",\"name\":\"GEBURTSTAG 2 JAHRE - Fondation Nicolas Gigot\",\"isPartOf\":{\"@id\":\"https:\/\/fondation-nicolasgigot.org\/de\/#website\"},\"primaryImageOfPage\":{\"@id\":\"https:\/\/fondation-nicolasgigot.org\/de\/geburtstag-2-jahre\/#primaryimage\"},\"image\":{\"@id\":\"https:\/\/fondation-nicolasgigot.org\/de\/geburtstag-2-jahre\/#primaryimage\"},\"thumbnailUrl\":\"https:\/\/fondation-nicolasgigot.org\/wp-content\/uploads\/2022\/07\/FB_IMG_1595175953889.jpg\",\"datePublished\":\"2022-07-17T22:05:32+00:00\",\"dateModified\":\"2024-06-06T22:28:58+00:00\",\"breadcrumb\":{\"@id\":\"https:\/\/fondation-nicolasgigot.org\/de\/geburtstag-2-jahre\/#breadcrumb\"},\"inLanguage\":\"de\",\"potentialAction\":[{\"@type\":\"ReadAction\",\"target\":[\"https:\/\/fondation-nicolasgigot.org\/de\/geburtstag-2-jahre\/\"]}]},{\"@type\":\"ImageObject\",\"inLanguage\":\"de\",\"@id\":\"https:\/\/fondation-nicolasgigot.org\/de\/geburtstag-2-jahre\/#primaryimage\",\"url\":\"https:\/\/fondation-nicolasgigot.org\/wp-content\/uploads\/2022\/07\/FB_IMG_1595175953889.jpg\",\"contentUrl\":\"https:\/\/fondation-nicolasgigot.org\/wp-content\/uploads\/2022\/07\/FB_IMG_1595175953889.jpg\",\"width\":609,\"height\":813},{\"@type\":\"BreadcrumbList\",\"@id\":\"https:\/\/fondation-nicolasgigot.org\/de\/geburtstag-2-jahre\/#breadcrumb\",\"itemListElement\":[{\"@type\":\"ListItem\",\"position\":1,\"name\":\"Accueil\",\"item\":\"https:\/\/fondation-nicolasgigot.org\/de\/\"},{\"@type\":\"ListItem\",\"position\":2,\"name\":\"GEBURTSTAG 2 JAHRE\"}]},{\"@type\":\"WebSite\",\"@id\":\"https:\/\/fondation-nicolasgigot.org\/de\/#website\",\"url\":\"https:\/\/fondation-nicolasgigot.org\/de\/\",\"name\":\"Fondation Nicolas Gigot\",\"description\":\"\",\"publisher\":{\"@id\":\"https:\/\/fondation-nicolasgigot.org\/de\/#organization\"},\"potentialAction\":[{\"@type\":\"SearchAction\",\"target\":{\"@type\":\"EntryPoint\",\"urlTemplate\":\"https:\/\/fondation-nicolasgigot.org\/de\/?s={search_term_string}\"},\"query-input\":{\"@type\":\"PropertyValueSpecification\",\"valueRequired\":true,\"valueName\":\"search_term_string\"}}],\"inLanguage\":\"de\"},{\"@type\":\"Organization\",\"@id\":\"https:\/\/fondation-nicolasgigot.org\/de\/#organization\",\"name\":\"Fondation Nicolas Gigot\",\"url\":\"https:\/\/fondation-nicolasgigot.org\/de\/\",\"logo\":{\"@type\":\"ImageObject\",\"inLanguage\":\"de\",\"@id\":\"https:\/\/fondation-nicolasgigot.org\/de\/#\/schema\/logo\/image\/\",\"url\":\"https:\/\/fondation-nicolasgigot.org\/wp-content\/uploads\/2021\/04\/Groupe-32.svg\",\"contentUrl\":\"https:\/\/fondation-nicolasgigot.org\/wp-content\/uploads\/2021\/04\/Groupe-32.svg\",\"width\":1,\"height\":1,\"caption\":\"Fondation Nicolas Gigot\"},\"image\":{\"@id\":\"https:\/\/fondation-nicolasgigot.org\/de\/#\/schema\/logo\/image\/\"}},{\"@type\":\"Person\",\"@id\":\"https:\/\/fondation-nicolasgigot.org\/de\/#\/schema\/person\/23187954cf45667f841bfe39191cb5dc\",\"name\":\"Nadine Brialmont\",\"image\":{\"@type\":\"ImageObject\",\"inLanguage\":\"de\",\"@id\":\"https:\/\/fondation-nicolasgigot.org\/de\/#\/schema\/person\/image\/\",\"url\":\"https:\/\/secure.gravatar.com\/avatar\/24ce526bffd627f6778a52a887345ce97be474d8ea3cd54518e0950c6d61d38c?s=96&d=mm&r=g\",\"contentUrl\":\"https:\/\/secure.gravatar.com\/avatar\/24ce526bffd627f6778a52a887345ce97be474d8ea3cd54518e0950c6d61d38c?s=96&d=mm&r=g\",\"caption\":\"Nadine Brialmont\"},\"sameAs\":[\"https:\/\/fondation-nicolasgigot.org\/\"]}]}<\/script>\n<!-- \/ Yoast SEO plugin. -->","yoast_head_json":{"title":"GEBURTSTAG 2 JAHRE - Fondation Nicolas Gigot","robots":{"index":"index","follow":"follow","max-snippet":"max-snippet:-1","max-image-preview":"max-image-preview:large","max-video-preview":"max-video-preview:-1"},"canonical":"https:\/\/fondation-nicolasgigot.org\/de\/geburtstag-2-jahre\/","og_locale":"de_DE","og_type":"article","og_title":"GEBURTSTAG 2 JAHRE - Fondation Nicolas Gigot","og_description":"Der sanfte Blick des jungen Nicolas Dein Blick&#8230;..ihr Blick&#8230;&#8230; Am 18. Juli ist es zwei Jahre her, dass du uns verlassen hast! Was f\u00fcr ein m\u00fchsames Gedenken. Ein Geburtstag ist festlich, bunt und fr\u00f6hlich. Aber, ich habe nur einen Schmerz, der mit den 24 Monaten ohne dich multipliziert wird. Seit deine Augen sich geschlossen haben, [&hellip;]","og_url":"https:\/\/fondation-nicolasgigot.org\/de\/geburtstag-2-jahre\/","og_site_name":"Fondation Nicolas Gigot","article_published_time":"2022-07-17T22:05:32+00:00","article_modified_time":"2024-06-06T22:28:58+00:00","og_image":[{"width":609,"height":813,"url":"https:\/\/fondation-nicolasgigot.org\/wp-content\/uploads\/2022\/07\/FB_IMG_1595175953889.jpg","type":"image\/jpeg"}],"author":"Nadine Brialmont","twitter_card":"summary_large_image","twitter_misc":{"Verfasst von":"Nadine Brialmont","Gesch\u00e4tzte Lesezeit":"1\u00a0Minute"},"schema":{"@context":"https:\/\/schema.org","@graph":[{"@type":"Article","@id":"https:\/\/fondation-nicolasgigot.org\/de\/geburtstag-2-jahre\/#article","isPartOf":{"@id":"https:\/\/fondation-nicolasgigot.org\/de\/geburtstag-2-jahre\/"},"author":{"name":"Nadine Brialmont","@id":"https:\/\/fondation-nicolasgigot.org\/de\/#\/schema\/person\/23187954cf45667f841bfe39191cb5dc"},"headline":"GEBURTSTAG 2 JAHRE","datePublished":"2022-07-17T22:05:32+00:00","dateModified":"2024-06-06T22:28:58+00:00","mainEntityOfPage":{"@id":"https:\/\/fondation-nicolasgigot.org\/de\/geburtstag-2-jahre\/"},"wordCount":244,"commentCount":0,"publisher":{"@id":"https:\/\/fondation-nicolasgigot.org\/de\/#organization"},"image":{"@id":"https:\/\/fondation-nicolasgigot.org\/de\/geburtstag-2-jahre\/#primaryimage"},"thumbnailUrl":"https:\/\/fondation-nicolasgigot.org\/wp-content\/uploads\/2022\/07\/FB_IMG_1595175953889.jpg","articleSection":["Nachrichten"],"inLanguage":"de","potentialAction":[{"@type":"CommentAction","name":"Comment","target":["https:\/\/fondation-nicolasgigot.org\/de\/geburtstag-2-jahre\/#respond"]}]},{"@type":"WebPage","@id":"https:\/\/fondation-nicolasgigot.org\/de\/geburtstag-2-jahre\/","url":"https:\/\/fondation-nicolasgigot.org\/de\/geburtstag-2-jahre\/","name":"GEBURTSTAG 2 JAHRE - Fondation Nicolas Gigot","isPartOf":{"@id":"https:\/\/fondation-nicolasgigot.org\/de\/#website"},"primaryImageOfPage":{"@id":"https:\/\/fondation-nicolasgigot.org\/de\/geburtstag-2-jahre\/#primaryimage"},"image":{"@id":"https:\/\/fondation-nicolasgigot.org\/de\/geburtstag-2-jahre\/#primaryimage"},"thumbnailUrl":"https:\/\/fondation-nicolasgigot.org\/wp-content\/uploads\/2022\/07\/FB_IMG_1595175953889.jpg","datePublished":"2022-07-17T22:05:32+00:00","dateModified":"2024-06-06T22:28:58+00:00","breadcrumb":{"@id":"https:\/\/fondation-nicolasgigot.org\/de\/geburtstag-2-jahre\/#breadcrumb"},"inLanguage":"de","potentialAction":[{"@type":"ReadAction","target":["https:\/\/fondation-nicolasgigot.org\/de\/geburtstag-2-jahre\/"]}]},{"@type":"ImageObject","inLanguage":"de","@id":"https:\/\/fondation-nicolasgigot.org\/de\/geburtstag-2-jahre\/#primaryimage","url":"https:\/\/fondation-nicolasgigot.org\/wp-content\/uploads\/2022\/07\/FB_IMG_1595175953889.jpg","contentUrl":"https:\/\/fondation-nicolasgigot.org\/wp-content\/uploads\/2022\/07\/FB_IMG_1595175953889.jpg","width":609,"height":813},{"@type":"BreadcrumbList","@id":"https:\/\/fondation-nicolasgigot.org\/de\/geburtstag-2-jahre\/#breadcrumb","itemListElement":[{"@type":"ListItem","position":1,"name":"Accueil","item":"https:\/\/fondation-nicolasgigot.org\/de\/"},{"@type":"ListItem","position":2,"name":"GEBURTSTAG 2 JAHRE"}]},{"@type":"WebSite","@id":"https:\/\/fondation-nicolasgigot.org\/de\/#website","url":"https:\/\/fondation-nicolasgigot.org\/de\/","name":"Fondation Nicolas Gigot","description":"","publisher":{"@id":"https:\/\/fondation-nicolasgigot.org\/de\/#organization"},"potentialAction":[{"@type":"SearchAction","target":{"@type":"EntryPoint","urlTemplate":"https:\/\/fondation-nicolasgigot.org\/de\/?s={search_term_string}"},"query-input":{"@type":"PropertyValueSpecification","valueRequired":true,"valueName":"search_term_string"}}],"inLanguage":"de"},{"@type":"Organization","@id":"https:\/\/fondation-nicolasgigot.org\/de\/#organization","name":"Fondation Nicolas Gigot","url":"https:\/\/fondation-nicolasgigot.org\/de\/","logo":{"@type":"ImageObject","inLanguage":"de","@id":"https:\/\/fondation-nicolasgigot.org\/de\/#\/schema\/logo\/image\/","url":"https:\/\/fondation-nicolasgigot.org\/wp-content\/uploads\/2021\/04\/Groupe-32.svg","contentUrl":"https:\/\/fondation-nicolasgigot.org\/wp-content\/uploads\/2021\/04\/Groupe-32.svg","width":1,"height":1,"caption":"Fondation Nicolas Gigot"},"image":{"@id":"https:\/\/fondation-nicolasgigot.org\/de\/#\/schema\/logo\/image\/"}},{"@type":"Person","@id":"https:\/\/fondation-nicolasgigot.org\/de\/#\/schema\/person\/23187954cf45667f841bfe39191cb5dc","name":"Nadine Brialmont","image":{"@type":"ImageObject","inLanguage":"de","@id":"https:\/\/fondation-nicolasgigot.org\/de\/#\/schema\/person\/image\/","url":"https:\/\/secure.gravatar.com\/avatar\/24ce526bffd627f6778a52a887345ce97be474d8ea3cd54518e0950c6d61d38c?s=96&d=mm&r=g","contentUrl":"https:\/\/secure.gravatar.com\/avatar\/24ce526bffd627f6778a52a887345ce97be474d8ea3cd54518e0950c6d61d38c?s=96&d=mm&r=g","caption":"Nadine Brialmont"},"sameAs":["https:\/\/fondation-nicolasgigot.org\/"]}]}},"_links":{"self":[{"href":"https:\/\/fondation-nicolasgigot.org\/de\/wp-json\/wp\/v2\/posts\/5374","targetHints":{"allow":["GET"]}}],"collection":[{"href":"https:\/\/fondation-nicolasgigot.org\/de\/wp-json\/wp\/v2\/posts"}],"about":[{"href":"https:\/\/fondation-nicolasgigot.org\/de\/wp-json\/wp\/v2\/types\/post"}],"author":[{"embeddable":true,"href":"https:\/\/fondation-nicolasgigot.org\/de\/wp-json\/wp\/v2\/users\/3"}],"replies":[{"embeddable":true,"href":"https:\/\/fondation-nicolasgigot.org\/de\/wp-json\/wp\/v2\/comments?post=5374"}],"version-history":[{"count":1,"href":"https:\/\/fondation-nicolasgigot.org\/de\/wp-json\/wp\/v2\/posts\/5374\/revisions"}],"predecessor-version":[{"id":5607,"href":"https:\/\/fondation-nicolasgigot.org\/de\/wp-json\/wp\/v2\/posts\/5374\/revisions\/5607"}],"wp:featuredmedia":[{"embeddable":true,"href":"https:\/\/fondation-nicolasgigot.org\/de\/wp-json\/wp\/v2\/media\/4545"}],"wp:attachment":[{"href":"https:\/\/fondation-nicolasgigot.org\/de\/wp-json\/wp\/v2\/media?parent=5374"}],"wp:term":[{"taxonomy":"category","embeddable":true,"href":"https:\/\/fondation-nicolasgigot.org\/de\/wp-json\/wp\/v2\/categories?post=5374"},{"taxonomy":"post_tag","embeddable":true,"href":"https:\/\/fondation-nicolasgigot.org\/de\/wp-json\/wp\/v2\/tags?post=5374"}],"curies":[{"name":"wp","href":"https:\/\/api.w.org\/{rel}","templated":true}]}}