{"id":5382,"date":"2023-04-24T10:45:14","date_gmt":"2023-04-24T08:45:14","guid":{"rendered":"https:\/\/fondation-nicolasgigot.org\/are-kunstfestival-von-2023\/"},"modified":"2024-06-07T00:28:44","modified_gmt":"2024-06-06T22:28:44","slug":"are-kunstfestival-von-2023","status":"publish","type":"post","link":"https:\/\/fondation-nicolasgigot.org\/de\/are-kunstfestival-von-2023\/","title":{"rendered":"Are-Kunstfestival von 2023"},"content":{"rendered":"\t\t<div data-elementor-type=\"wp-post\" data-elementor-id=\"5382\" class=\"elementor elementor-5382 elementor-4910\" data-elementor-post-type=\"post\">\n\t\t\t\t\t\t<section class=\"elementor-section elementor-top-section elementor-element elementor-element-3e54407a elementor-section-boxed elementor-section-height-default elementor-section-height-default\" data-id=\"3e54407a\" data-element_type=\"section\">\n\t\t\t\t\t\t<div class=\"elementor-container elementor-column-gap-default\">\n\t\t\t\t\t<div class=\"elementor-column elementor-col-100 elementor-top-column elementor-element elementor-element-79c9743f\" data-id=\"79c9743f\" data-element_type=\"column\">\n\t\t\t<div class=\"elementor-widget-wrap elementor-element-populated\">\n\t\t\t\t\t\t<section class=\"elementor-section elementor-inner-section elementor-element elementor-element-a64cc07 elementor-section-boxed elementor-section-height-default elementor-section-height-default\" data-id=\"a64cc07\" data-element_type=\"section\">\n\t\t\t\t\t\t<div class=\"elementor-container elementor-column-gap-default\">\n\t\t\t\t\t<div class=\"elementor-column elementor-col-50 elementor-inner-column elementor-element elementor-element-fb16cae\" data-id=\"fb16cae\" data-element_type=\"column\">\n\t\t\t<div class=\"elementor-widget-wrap elementor-element-populated\">\n\t\t\t\t\t\t<div class=\"elementor-element elementor-element-18c54724 elementor-widget elementor-widget-text-editor\" data-id=\"18c54724\" data-element_type=\"widget\" data-widget_type=\"text-editor.default\">\n\t\t\t\t<div class=\"elementor-widget-container\">\n\t\t\t\t\t\t\t\t\t<p>Hallo, dank unseres Dessertbuffets w\u00e4hrend des Kunstfestivals von Are im Jahr 2023 bel\u00e4uft sich der Pool nun auf 13 912.28\u20ac!!!!!!Dank an das Ath\u00e9n\u00e9e d&#8217;Esneux f\u00fcr den Platz, den sie uns seit 2 Jahren gew\u00e4hren, danke f\u00fcr die Desserts an Fr\u00e9d\u00e9ric Brabant (f\u00fcr die Waffeln), Aur\u00e9lie Gossiaux, Cecile Momont und Lore Poncin.<\/p><p>Und nat\u00fcrlich darf man auch nicht auf die schlagkr\u00e4ftige Mannschaft(siehe Fotos)Alix, Lea und Shauna z\u00e4hlen.<\/p><p>Ich m\u00f6chte diese Nachricht nutzen, um mich f\u00fcr die zuletzt eingegangenen finanziellen Spenden zu bedanken:<\/p><p>ASSOC. A FEUER LA CAISSE-M PIERRE YVES DEKERCK-GILTAY MURIEL-MME ALESSANDRA PAGANI ARINO-MOERMANS JEAN Johnny und Nicole-MOUREAU GREGOIRE-BRIALMONT-LECOCQ &#8211; PIRSON-HENDRICKX Eric-MME MARIE LEKEUX-SOUAD RAHMOUNI-DODEIGNE MARJORIE -LEO LUGOVIC-MOUREAU GREGOIRE -Marie Rose von MC COMPO<\/p>\n<p>Wir werden bald f\u00fcr Krankenh\u00e4user spenden und Hilfe f\u00fcr den Behindertensport leisten k\u00f6nnen.<\/p><p>Wir werden Sie so schnell wie m\u00f6glich auf dem Laufenden halten.<\/p><p>In der Zwischenzeit habe ich, wie \u00fcblich, meine wiederkehrende Bitte wiederholt, um schneller voranzukommen: &#8222;Bitte machen Sie einen Dauerauftrag von 1\u20ac pro Monat f\u00fcr 10 Jahre an die Stiftung. Das ist zwar nicht viel, aber wenn alle es tun, ist es eine gro\u00dfe Sache.<\/p><p>Nadine<\/p>\t\t\t\t\t\t\t\t<\/div>\n\t\t\t\t<\/div>\n\t\t\t\t\t<\/div>\n\t\t<\/div>\n\t\t\t\t<div class=\"elementor-column elementor-col-50 elementor-inner-column elementor-element elementor-element-c057853\" data-id=\"c057853\" data-element_type=\"column\">\n\t\t\t<div class=\"elementor-widget-wrap elementor-element-populated\">\n\t\t\t\t\t\t<div class=\"elementor-element elementor-element-cbb6ff9 elementor-widget elementor-widget-image\" data-id=\"cbb6ff9\" data-element_type=\"widget\" data-widget_type=\"image.default\">\n\t\t\t\t<div class=\"elementor-widget-container\">\n\t\t\t\t\t\t\t\t\t\t\t\t\t\t\t<img fetchpriority=\"high\" decoding=\"async\" width=\"768\" height=\"1024\" src=\"https:\/\/fondation-nicolasgigot.org\/wp-content\/uploads\/2023\/05\/342986736_626545588918414_112746656237063366_n-768x1024.jpg\" class=\"attachment-large size-large wp-image-4914\" alt=\"Kunstfestival in Are\" srcset=\"https:\/\/fondation-nicolasgigot.org\/wp-content\/uploads\/2023\/05\/342986736_626545588918414_112746656237063366_n-768x1024.jpg 768w, https:\/\/fondation-nicolasgigot.org\/wp-content\/uploads\/2023\/05\/342986736_626545588918414_112746656237063366_n-225x300.jpg 225w, https:\/\/fondation-nicolasgigot.org\/wp-content\/uploads\/2023\/05\/342986736_626545588918414_112746656237063366_n-1152x1536.jpg 1152w, https:\/\/fondation-nicolasgigot.org\/wp-content\/uploads\/2023\/05\/342986736_626545588918414_112746656237063366_n.jpg 1200w\" sizes=\"(max-width: 768px) 100vw, 768px\" \/>\t\t\t\t\t\t\t\t\t\t\t\t\t\t\t<\/div>\n\t\t\t\t<\/div>\n\t\t\t\t\t<\/div>\n\t\t<\/div>\n\t\t\t\t\t<\/div>\n\t\t<\/section>\n\t\t\t\t\t<\/div>\n\t\t<\/div>\n\t\t\t\t\t<\/div>\n\t\t<\/section>\n\t\t\t\t<\/div>\n\t\t","protected":false},"excerpt":{"rendered":"<p>Hallo, dank unseres Dessertbuffets w\u00e4hrend des Kunstfestivals von Are im Jahr 2023 bel\u00e4uft sich der Pool nun auf 13 912.28\u20ac!!!!!!Dank an das Ath\u00e9n\u00e9e d&#8217;Esneux f\u00fcr den Platz, den sie uns seit 2 Jahren gew\u00e4hren, danke f\u00fcr die Desserts an Fr\u00e9d\u00e9ric Brabant (f\u00fcr die Waffeln), Aur\u00e9lie Gossiaux, Cecile Momont und Lore Poncin. Und nat\u00fcrlich darf man [&hellip;]<\/p>\n","protected":false},"author":3,"featured_media":4914,"comment_status":"open","ping_status":"open","sticky":false,"template":"","format":"standard","meta":{"_acf_changed":false,"give_campaign_id":0,"footnotes":""},"categories":[78],"tags":[],"class_list":["post-5382","post","type-post","status-publish","format-standard","has-post-thumbnail","hentry","category-nachrichten"],"acf":[],"yoast_head":"<!-- This site is optimized with the Yoast SEO plugin v25.1 - https:\/\/yoast.com\/wordpress\/plugins\/seo\/ -->\n<title>Are-Kunstfestival von 2023 - Fondation Nicolas Gigot<\/title>\n<meta name=\"robots\" content=\"index, follow, max-snippet:-1, max-image-preview:large, max-video-preview:-1\" \/>\n<link rel=\"canonical\" href=\"https:\/\/fondation-nicolasgigot.org\/de\/are-kunstfestival-von-2023\/\" \/>\n<meta property=\"og:locale\" content=\"de_DE\" \/>\n<meta property=\"og:type\" content=\"article\" \/>\n<meta property=\"og:title\" content=\"Are-Kunstfestival von 2023 - Fondation Nicolas Gigot\" \/>\n<meta property=\"og:description\" content=\"Hallo, dank unseres Dessertbuffets w\u00e4hrend des Kunstfestivals von Are im Jahr 2023 bel\u00e4uft sich der Pool nun auf 13 912.28\u20ac!!!!!!Dank an das Ath\u00e9n\u00e9e d&#8217;Esneux f\u00fcr den Platz, den sie uns seit 2 Jahren gew\u00e4hren, danke f\u00fcr die Desserts an Fr\u00e9d\u00e9ric Brabant (f\u00fcr die Waffeln), Aur\u00e9lie Gossiaux, Cecile Momont und Lore Poncin. Und nat\u00fcrlich darf man [&hellip;]\" \/>\n<meta property=\"og:url\" content=\"https:\/\/fondation-nicolasgigot.org\/de\/are-kunstfestival-von-2023\/\" \/>\n<meta property=\"og:site_name\" content=\"Fondation Nicolas Gigot\" \/>\n<meta property=\"article:published_time\" content=\"2023-04-24T08:45:14+00:00\" \/>\n<meta property=\"article:modified_time\" content=\"2024-06-06T22:28:44+00:00\" \/>\n<meta property=\"og:image\" content=\"https:\/\/fondation-nicolasgigot.org\/wp-content\/uploads\/2023\/05\/342986736_626545588918414_112746656237063366_n.jpg\" \/>\n\t<meta property=\"og:image:width\" content=\"1200\" \/>\n\t<meta property=\"og:image:height\" content=\"1600\" \/>\n\t<meta property=\"og:image:type\" content=\"image\/jpeg\" \/>\n<meta name=\"author\" content=\"Nadine Brialmont\" \/>\n<meta name=\"twitter:card\" content=\"summary_large_image\" \/>\n<meta name=\"twitter:label1\" content=\"Verfasst von\" \/>\n\t<meta name=\"twitter:data1\" content=\"Nadine Brialmont\" \/>\n\t<meta name=\"twitter:label2\" content=\"Gesch\u00e4tzte Lesezeit\" \/>\n\t<meta name=\"twitter:data2\" content=\"1\u00a0Minute\" \/>\n<script type=\"application\/ld+json\" class=\"yoast-schema-graph\">{\"@context\":\"https:\/\/schema.org\",\"@graph\":[{\"@type\":\"Article\",\"@id\":\"https:\/\/fondation-nicolasgigot.org\/de\/are-kunstfestival-von-2023\/#article\",\"isPartOf\":{\"@id\":\"https:\/\/fondation-nicolasgigot.org\/de\/are-kunstfestival-von-2023\/\"},\"author\":{\"name\":\"Nadine Brialmont\",\"@id\":\"https:\/\/fondation-nicolasgigot.org\/de\/#\/schema\/person\/23187954cf45667f841bfe39191cb5dc\"},\"headline\":\"Are-Kunstfestival von 2023\",\"datePublished\":\"2023-04-24T08:45:14+00:00\",\"dateModified\":\"2024-06-06T22:28:44+00:00\",\"mainEntityOfPage\":{\"@id\":\"https:\/\/fondation-nicolasgigot.org\/de\/are-kunstfestival-von-2023\/\"},\"wordCount\":204,\"commentCount\":0,\"publisher\":{\"@id\":\"https:\/\/fondation-nicolasgigot.org\/de\/#organization\"},\"image\":{\"@id\":\"https:\/\/fondation-nicolasgigot.org\/de\/are-kunstfestival-von-2023\/#primaryimage\"},\"thumbnailUrl\":\"https:\/\/fondation-nicolasgigot.org\/wp-content\/uploads\/2023\/05\/342986736_626545588918414_112746656237063366_n.jpg\",\"articleSection\":[\"Nachrichten\"],\"inLanguage\":\"de\",\"potentialAction\":[{\"@type\":\"CommentAction\",\"name\":\"Comment\",\"target\":[\"https:\/\/fondation-nicolasgigot.org\/de\/are-kunstfestival-von-2023\/#respond\"]}]},{\"@type\":\"WebPage\",\"@id\":\"https:\/\/fondation-nicolasgigot.org\/de\/are-kunstfestival-von-2023\/\",\"url\":\"https:\/\/fondation-nicolasgigot.org\/de\/are-kunstfestival-von-2023\/\",\"name\":\"Are-Kunstfestival von 2023 - Fondation Nicolas Gigot\",\"isPartOf\":{\"@id\":\"https:\/\/fondation-nicolasgigot.org\/de\/#website\"},\"primaryImageOfPage\":{\"@id\":\"https:\/\/fondation-nicolasgigot.org\/de\/are-kunstfestival-von-2023\/#primaryimage\"},\"image\":{\"@id\":\"https:\/\/fondation-nicolasgigot.org\/de\/are-kunstfestival-von-2023\/#primaryimage\"},\"thumbnailUrl\":\"https:\/\/fondation-nicolasgigot.org\/wp-content\/uploads\/2023\/05\/342986736_626545588918414_112746656237063366_n.jpg\",\"datePublished\":\"2023-04-24T08:45:14+00:00\",\"dateModified\":\"2024-06-06T22:28:44+00:00\",\"breadcrumb\":{\"@id\":\"https:\/\/fondation-nicolasgigot.org\/de\/are-kunstfestival-von-2023\/#breadcrumb\"},\"inLanguage\":\"de\",\"potentialAction\":[{\"@type\":\"ReadAction\",\"target\":[\"https:\/\/fondation-nicolasgigot.org\/de\/are-kunstfestival-von-2023\/\"]}]},{\"@type\":\"ImageObject\",\"inLanguage\":\"de\",\"@id\":\"https:\/\/fondation-nicolasgigot.org\/de\/are-kunstfestival-von-2023\/#primaryimage\",\"url\":\"https:\/\/fondation-nicolasgigot.org\/wp-content\/uploads\/2023\/05\/342986736_626545588918414_112746656237063366_n.jpg\",\"contentUrl\":\"https:\/\/fondation-nicolasgigot.org\/wp-content\/uploads\/2023\/05\/342986736_626545588918414_112746656237063366_n.jpg\",\"width\":1200,\"height\":1600,\"caption\":\"Kunstfestival in Are\"},{\"@type\":\"BreadcrumbList\",\"@id\":\"https:\/\/fondation-nicolasgigot.org\/de\/are-kunstfestival-von-2023\/#breadcrumb\",\"itemListElement\":[{\"@type\":\"ListItem\",\"position\":1,\"name\":\"Accueil\",\"item\":\"https:\/\/fondation-nicolasgigot.org\/de\/\"},{\"@type\":\"ListItem\",\"position\":2,\"name\":\"Are-Kunstfestival von 2023\"}]},{\"@type\":\"WebSite\",\"@id\":\"https:\/\/fondation-nicolasgigot.org\/de\/#website\",\"url\":\"https:\/\/fondation-nicolasgigot.org\/de\/\",\"name\":\"Fondation Nicolas Gigot\",\"description\":\"\",\"publisher\":{\"@id\":\"https:\/\/fondation-nicolasgigot.org\/de\/#organization\"},\"potentialAction\":[{\"@type\":\"SearchAction\",\"target\":{\"@type\":\"EntryPoint\",\"urlTemplate\":\"https:\/\/fondation-nicolasgigot.org\/de\/?s={search_term_string}\"},\"query-input\":{\"@type\":\"PropertyValueSpecification\",\"valueRequired\":true,\"valueName\":\"search_term_string\"}}],\"inLanguage\":\"de\"},{\"@type\":\"Organization\",\"@id\":\"https:\/\/fondation-nicolasgigot.org\/de\/#organization\",\"name\":\"Fondation Nicolas Gigot\",\"url\":\"https:\/\/fondation-nicolasgigot.org\/de\/\",\"logo\":{\"@type\":\"ImageObject\",\"inLanguage\":\"de\",\"@id\":\"https:\/\/fondation-nicolasgigot.org\/de\/#\/schema\/logo\/image\/\",\"url\":\"https:\/\/fondation-nicolasgigot.org\/wp-content\/uploads\/2021\/04\/Groupe-32.svg\",\"contentUrl\":\"https:\/\/fondation-nicolasgigot.org\/wp-content\/uploads\/2021\/04\/Groupe-32.svg\",\"width\":1,\"height\":1,\"caption\":\"Fondation Nicolas Gigot\"},\"image\":{\"@id\":\"https:\/\/fondation-nicolasgigot.org\/de\/#\/schema\/logo\/image\/\"}},{\"@type\":\"Person\",\"@id\":\"https:\/\/fondation-nicolasgigot.org\/de\/#\/schema\/person\/23187954cf45667f841bfe39191cb5dc\",\"name\":\"Nadine Brialmont\",\"image\":{\"@type\":\"ImageObject\",\"inLanguage\":\"de\",\"@id\":\"https:\/\/fondation-nicolasgigot.org\/de\/#\/schema\/person\/image\/\",\"url\":\"https:\/\/secure.gravatar.com\/avatar\/24ce526bffd627f6778a52a887345ce97be474d8ea3cd54518e0950c6d61d38c?s=96&d=mm&r=g\",\"contentUrl\":\"https:\/\/secure.gravatar.com\/avatar\/24ce526bffd627f6778a52a887345ce97be474d8ea3cd54518e0950c6d61d38c?s=96&d=mm&r=g\",\"caption\":\"Nadine Brialmont\"},\"sameAs\":[\"https:\/\/fondation-nicolasgigot.org\/\"]}]}<\/script>\n<!-- \/ Yoast SEO plugin. -->","yoast_head_json":{"title":"Are-Kunstfestival von 2023 - Fondation Nicolas Gigot","robots":{"index":"index","follow":"follow","max-snippet":"max-snippet:-1","max-image-preview":"max-image-preview:large","max-video-preview":"max-video-preview:-1"},"canonical":"https:\/\/fondation-nicolasgigot.org\/de\/are-kunstfestival-von-2023\/","og_locale":"de_DE","og_type":"article","og_title":"Are-Kunstfestival von 2023 - Fondation Nicolas Gigot","og_description":"Hallo, dank unseres Dessertbuffets w\u00e4hrend des Kunstfestivals von Are im Jahr 2023 bel\u00e4uft sich der Pool nun auf 13 912.28\u20ac!!!!!!Dank an das Ath\u00e9n\u00e9e d&#8217;Esneux f\u00fcr den Platz, den sie uns seit 2 Jahren gew\u00e4hren, danke f\u00fcr die Desserts an Fr\u00e9d\u00e9ric Brabant (f\u00fcr die Waffeln), Aur\u00e9lie Gossiaux, Cecile Momont und Lore Poncin. Und nat\u00fcrlich darf man [&hellip;]","og_url":"https:\/\/fondation-nicolasgigot.org\/de\/are-kunstfestival-von-2023\/","og_site_name":"Fondation Nicolas Gigot","article_published_time":"2023-04-24T08:45:14+00:00","article_modified_time":"2024-06-06T22:28:44+00:00","og_image":[{"width":1200,"height":1600,"url":"https:\/\/fondation-nicolasgigot.org\/wp-content\/uploads\/2023\/05\/342986736_626545588918414_112746656237063366_n.jpg","type":"image\/jpeg"}],"author":"Nadine Brialmont","twitter_card":"summary_large_image","twitter_misc":{"Verfasst von":"Nadine Brialmont","Gesch\u00e4tzte Lesezeit":"1\u00a0Minute"},"schema":{"@context":"https:\/\/schema.org","@graph":[{"@type":"Article","@id":"https:\/\/fondation-nicolasgigot.org\/de\/are-kunstfestival-von-2023\/#article","isPartOf":{"@id":"https:\/\/fondation-nicolasgigot.org\/de\/are-kunstfestival-von-2023\/"},"author":{"name":"Nadine Brialmont","@id":"https:\/\/fondation-nicolasgigot.org\/de\/#\/schema\/person\/23187954cf45667f841bfe39191cb5dc"},"headline":"Are-Kunstfestival von 2023","datePublished":"2023-04-24T08:45:14+00:00","dateModified":"2024-06-06T22:28:44+00:00","mainEntityOfPage":{"@id":"https:\/\/fondation-nicolasgigot.org\/de\/are-kunstfestival-von-2023\/"},"wordCount":204,"commentCount":0,"publisher":{"@id":"https:\/\/fondation-nicolasgigot.org\/de\/#organization"},"image":{"@id":"https:\/\/fondation-nicolasgigot.org\/de\/are-kunstfestival-von-2023\/#primaryimage"},"thumbnailUrl":"https:\/\/fondation-nicolasgigot.org\/wp-content\/uploads\/2023\/05\/342986736_626545588918414_112746656237063366_n.jpg","articleSection":["Nachrichten"],"inLanguage":"de","potentialAction":[{"@type":"CommentAction","name":"Comment","target":["https:\/\/fondation-nicolasgigot.org\/de\/are-kunstfestival-von-2023\/#respond"]}]},{"@type":"WebPage","@id":"https:\/\/fondation-nicolasgigot.org\/de\/are-kunstfestival-von-2023\/","url":"https:\/\/fondation-nicolasgigot.org\/de\/are-kunstfestival-von-2023\/","name":"Are-Kunstfestival von 2023 - Fondation Nicolas Gigot","isPartOf":{"@id":"https:\/\/fondation-nicolasgigot.org\/de\/#website"},"primaryImageOfPage":{"@id":"https:\/\/fondation-nicolasgigot.org\/de\/are-kunstfestival-von-2023\/#primaryimage"},"image":{"@id":"https:\/\/fondation-nicolasgigot.org\/de\/are-kunstfestival-von-2023\/#primaryimage"},"thumbnailUrl":"https:\/\/fondation-nicolasgigot.org\/wp-content\/uploads\/2023\/05\/342986736_626545588918414_112746656237063366_n.jpg","datePublished":"2023-04-24T08:45:14+00:00","dateModified":"2024-06-06T22:28:44+00:00","breadcrumb":{"@id":"https:\/\/fondation-nicolasgigot.org\/de\/are-kunstfestival-von-2023\/#breadcrumb"},"inLanguage":"de","potentialAction":[{"@type":"ReadAction","target":["https:\/\/fondation-nicolasgigot.org\/de\/are-kunstfestival-von-2023\/"]}]},{"@type":"ImageObject","inLanguage":"de","@id":"https:\/\/fondation-nicolasgigot.org\/de\/are-kunstfestival-von-2023\/#primaryimage","url":"https:\/\/fondation-nicolasgigot.org\/wp-content\/uploads\/2023\/05\/342986736_626545588918414_112746656237063366_n.jpg","contentUrl":"https:\/\/fondation-nicolasgigot.org\/wp-content\/uploads\/2023\/05\/342986736_626545588918414_112746656237063366_n.jpg","width":1200,"height":1600,"caption":"Kunstfestival in Are"},{"@type":"BreadcrumbList","@id":"https:\/\/fondation-nicolasgigot.org\/de\/are-kunstfestival-von-2023\/#breadcrumb","itemListElement":[{"@type":"ListItem","position":1,"name":"Accueil","item":"https:\/\/fondation-nicolasgigot.org\/de\/"},{"@type":"ListItem","position":2,"name":"Are-Kunstfestival von 2023"}]},{"@type":"WebSite","@id":"https:\/\/fondation-nicolasgigot.org\/de\/#website","url":"https:\/\/fondation-nicolasgigot.org\/de\/","name":"Fondation Nicolas Gigot","description":"","publisher":{"@id":"https:\/\/fondation-nicolasgigot.org\/de\/#organization"},"potentialAction":[{"@type":"SearchAction","target":{"@type":"EntryPoint","urlTemplate":"https:\/\/fondation-nicolasgigot.org\/de\/?s={search_term_string}"},"query-input":{"@type":"PropertyValueSpecification","valueRequired":true,"valueName":"search_term_string"}}],"inLanguage":"de"},{"@type":"Organization","@id":"https:\/\/fondation-nicolasgigot.org\/de\/#organization","name":"Fondation Nicolas Gigot","url":"https:\/\/fondation-nicolasgigot.org\/de\/","logo":{"@type":"ImageObject","inLanguage":"de","@id":"https:\/\/fondation-nicolasgigot.org\/de\/#\/schema\/logo\/image\/","url":"https:\/\/fondation-nicolasgigot.org\/wp-content\/uploads\/2021\/04\/Groupe-32.svg","contentUrl":"https:\/\/fondation-nicolasgigot.org\/wp-content\/uploads\/2021\/04\/Groupe-32.svg","width":1,"height":1,"caption":"Fondation Nicolas Gigot"},"image":{"@id":"https:\/\/fondation-nicolasgigot.org\/de\/#\/schema\/logo\/image\/"}},{"@type":"Person","@id":"https:\/\/fondation-nicolasgigot.org\/de\/#\/schema\/person\/23187954cf45667f841bfe39191cb5dc","name":"Nadine Brialmont","image":{"@type":"ImageObject","inLanguage":"de","@id":"https:\/\/fondation-nicolasgigot.org\/de\/#\/schema\/person\/image\/","url":"https:\/\/secure.gravatar.com\/avatar\/24ce526bffd627f6778a52a887345ce97be474d8ea3cd54518e0950c6d61d38c?s=96&d=mm&r=g","contentUrl":"https:\/\/secure.gravatar.com\/avatar\/24ce526bffd627f6778a52a887345ce97be474d8ea3cd54518e0950c6d61d38c?s=96&d=mm&r=g","caption":"Nadine Brialmont"},"sameAs":["https:\/\/fondation-nicolasgigot.org\/"]}]}},"_links":{"self":[{"href":"https:\/\/fondation-nicolasgigot.org\/de\/wp-json\/wp\/v2\/posts\/5382","targetHints":{"allow":["GET"]}}],"collection":[{"href":"https:\/\/fondation-nicolasgigot.org\/de\/wp-json\/wp\/v2\/posts"}],"about":[{"href":"https:\/\/fondation-nicolasgigot.org\/de\/wp-json\/wp\/v2\/types\/post"}],"author":[{"embeddable":true,"href":"https:\/\/fondation-nicolasgigot.org\/de\/wp-json\/wp\/v2\/users\/3"}],"replies":[{"embeddable":true,"href":"https:\/\/fondation-nicolasgigot.org\/de\/wp-json\/wp\/v2\/comments?post=5382"}],"version-history":[{"count":1,"href":"https:\/\/fondation-nicolasgigot.org\/de\/wp-json\/wp\/v2\/posts\/5382\/revisions"}],"predecessor-version":[{"id":5383,"href":"https:\/\/fondation-nicolasgigot.org\/de\/wp-json\/wp\/v2\/posts\/5382\/revisions\/5383"}],"wp:featuredmedia":[{"embeddable":true,"href":"https:\/\/fondation-nicolasgigot.org\/de\/wp-json\/wp\/v2\/media\/4914"}],"wp:attachment":[{"href":"https:\/\/fondation-nicolasgigot.org\/de\/wp-json\/wp\/v2\/media?parent=5382"}],"wp:term":[{"taxonomy":"category","embeddable":true,"href":"https:\/\/fondation-nicolasgigot.org\/de\/wp-json\/wp\/v2\/categories?post=5382"},{"taxonomy":"post_tag","embeddable":true,"href":"https:\/\/fondation-nicolasgigot.org\/de\/wp-json\/wp\/v2\/tags?post=5382"}],"curies":[{"name":"wp","href":"https:\/\/api.w.org\/{rel}","templated":true}]}}