{"id":5386,"date":"2023-04-14T10:40:03","date_gmt":"2023-04-14T08:40:03","guid":{"rendered":"https:\/\/fondation-nicolasgigot.org\/sternekoch-christian-tetedoie\/"},"modified":"2024-06-07T00:28:49","modified_gmt":"2024-06-06T22:28:49","slug":"sternekoch-christian-tetedoie","status":"publish","type":"post","link":"https:\/\/fondation-nicolasgigot.org\/de\/sternekoch-christian-tetedoie\/","title":{"rendered":"Sternekoch Christian T\u00eatedoie"},"content":{"rendered":"\t\t<div data-elementor-type=\"wp-post\" data-elementor-id=\"5386\" class=\"elementor elementor-5386 elementor-4885\" data-elementor-post-type=\"post\">\n\t\t\t\t\t\t<section class=\"elementor-section elementor-top-section elementor-element elementor-element-5b311523 elementor-section-boxed elementor-section-height-default elementor-section-height-default\" data-id=\"5b311523\" data-element_type=\"section\">\n\t\t\t\t\t\t<div class=\"elementor-container elementor-column-gap-default\">\n\t\t\t\t\t<div class=\"elementor-column elementor-col-100 elementor-top-column elementor-element elementor-element-7a22abad\" data-id=\"7a22abad\" data-element_type=\"column\">\n\t\t\t<div class=\"elementor-widget-wrap elementor-element-populated\">\n\t\t\t\t\t\t<section class=\"elementor-section elementor-inner-section elementor-element elementor-element-ffc4bef elementor-section-boxed elementor-section-height-default elementor-section-height-default\" data-id=\"ffc4bef\" data-element_type=\"section\">\n\t\t\t\t\t\t<div class=\"elementor-container elementor-column-gap-default\">\n\t\t\t\t\t<div class=\"elementor-column elementor-col-50 elementor-inner-column elementor-element elementor-element-23148df\" data-id=\"23148df\" data-element_type=\"column\">\n\t\t\t<div class=\"elementor-widget-wrap elementor-element-populated\">\n\t\t\t\t\t\t<div class=\"elementor-element elementor-element-7e0deb86 elementor-widget elementor-widget-text-editor\" data-id=\"7e0deb86\" data-element_type=\"widget\" data-widget_type=\"text-editor.default\">\n\t\t\t\t<div class=\"elementor-widget-container\">\n\t\t\t\t\t\t\t\t\t<p>Hallo an alle,<\/p><p>Vor kurzem reisten zwei Freiwillige der Stiftung nach Bourg en Bresse und Lyon. Eine kleine Reise, an der ich nat\u00fcrlich teilnahm und die es mir erm\u00f6glichte, den Sternekoch Christian T\u00eatedoie wiederzusehen. Er ist zwar aufgrund seines Werdegangs in der Gastronomie au\u00dfergew\u00f6hnlich; bester Lehrling mit 17 Jahren, bester Arbeiter Frankreichs 1996, und seit 2011 tr\u00e4gt er den h\u00f6chsten Titel des Pr\u00e4sidenten der Meisterk\u00f6che Frankreichs&#8230;&#8230;(man k\u00f6nnte noch so viel mehr sagen &#8230;), aber es ist vor allem der menschliche Aspekt dieses seltenen Mannes, der mich ber\u00fchrt, bewegt und sogar ersch\u00fcttert hat. Denn er ist mit einer gro\u00dfen Sensibilit\u00e4t ausgestattet, er ist altruistisch (ja, mit gro\u00dfem &#8222;A&#8220;), von einer wunderbaren, wohlt\u00e4tigen Seele!<\/p><p>Dieser gro\u00dfe Mann engagierte sich f\u00fcr zahlreiche wohlt\u00e4tige Zwecke:<\/p><p>\n&#8211; Verein Laurette Fugain<br>\n&#8211; Partnerschaft mit dem Centre L\u00e9on B\u00e9rard(gegen Krebs)<br>\n&#8211; Schirmherr einer Wohlt\u00e4tigkeitsgala zugunsten von Organspenden<br>\n&#8211; Verein Aidons Marina<br>\n&#8211; Wunderbare Hilfe f\u00fcr Clara (Erstellen eines Sprays :&nbsp;<a class=\"x1i10hfl xjbqb8w x6umtig x1b1mbwd xaqea5y xav7gou x9f619 x1ypdohk xt0psk2 xe8uvvx xdj266r x11i5rnm xat24cr x1mh8g0r xexx8yu x4uap5 x18d9i69 xkhd6sd x16tdsg8 x1hl2dhg xggy1nq x1a2a7pz xt0b8zv x1fey0fg\" tabindex=\"0\" role=\"link\" href=\"https:\/\/l.facebook.com\/l.php?u=https%3A%2F%2Fwww.youtube.com%2Fwatch%3Fv%3DW1CyJdXQXrU%26ab_channel%3Dlyonmag%26fbclid%3DIwAR2O2qe0SW1tstNLJ-Fh85x-RdrxxMYhvEZbwQPMKMunieKuUKpy3_jum9o&amp;h=AT0HAIV6o_scrSyq6MvNjD0hIaABeyvbWyY4itbcjXb5E7ps8DVsVR12ohOARnMMzDhTGIYTsk0YUHTl2TaprbhoZhPWTagV6QPfC_oWbxdfb6cM68K7Gqtn53rbdhnlC9gjUWNj2A14F7yz5d0n&amp;__tn__=-UK*F&amp;c%5B0%5D=AT2jMR4F_rW9kBdHKZmSvhenF39l0LKWl4y3hQuFS-hwjs3i7JAm-QrPvMtDlQhrXSj0BddxvuZKPr5dD3zrVtEgaYOg_y55m1qV1BlG8aHYQFxU3x5BXkUyWbJj0QhjGCJR4iMIQEwZaGv0WkYA_Mqlt36-zZabDHSi1LzPdpmTIBH9w2ow_Nt2k-4OQdWQP8M1-4Efw3Dn\" target=\"_blank\" rel=\"nofollow noopener\">https:\/\/www.youtube.com\/watch?v=W1CyJdXQXrU&#8230;)<\/a><br>\n&#8211; Gourmetmahlzeiten in handishow<br>\n&#8211; Und so weiter&#8230;&#8230;<\/p>\n<p>Aber trotz all seiner Verpflichtungen freue ich mich, Ihnen mitteilen zu k\u00f6nnen, dass er sich bereit erkl\u00e4rt hat, Pate der Nicolas-Gigot-Stiftung zu werden (ohne unseren wunderbaren Nicolas \u00fcberhaupt gekannt zu haben), um uns so gut wie m\u00f6glich dabei zu helfen, Geld zu sammeln, um Krankenh\u00e4usern und Behinderten zus\u00e4tzliche Hilfe zukommen zu lassen.<\/p><p>Christian ist ein Engel f\u00fcr uns und er wird uns helfen, eine gro\u00dfe Wohlt\u00e4tigkeitsgala zu organisieren, \u00fcber die ich mich bei Ihnen melden werde, um Informationen zu erhalten.<\/p><p>Danke an ihn, aber auch Sie k\u00f6nnen sich an der Nicolas-Gigot-Stiftung beteiligen und f\u00fcr sie arbeiten, damit Nicolas durch Sie weiter existieren kann!<\/p><p>Nadine<\/p>\t\t\t\t\t\t\t\t<\/div>\n\t\t\t\t<\/div>\n\t\t\t\t\t<\/div>\n\t\t<\/div>\n\t\t\t\t<div class=\"elementor-column elementor-col-50 elementor-inner-column elementor-element elementor-element-5e66d10\" data-id=\"5e66d10\" data-element_type=\"column\">\n\t\t\t<div class=\"elementor-widget-wrap elementor-element-populated\">\n\t\t\t\t\t\t<div class=\"elementor-element elementor-element-19e02f1 elementor-widget elementor-widget-image\" data-id=\"19e02f1\" data-element_type=\"widget\" data-widget_type=\"image.default\">\n\t\t\t\t<div class=\"elementor-widget-container\">\n\t\t\t\t\t\t\t\t\t\t\t\t\t\t\t<img fetchpriority=\"high\" decoding=\"async\" width=\"768\" height=\"1024\" src=\"https:\/\/fondation-nicolasgigot.org\/wp-content\/uploads\/2023\/05\/341141164_1604465656644626_875612917177819881_n-768x1024.jpg\" class=\"attachment-large size-large wp-image-4889\" alt=\"\" srcset=\"https:\/\/fondation-nicolasgigot.org\/wp-content\/uploads\/2023\/05\/341141164_1604465656644626_875612917177819881_n-768x1024.jpg 768w, https:\/\/fondation-nicolasgigot.org\/wp-content\/uploads\/2023\/05\/341141164_1604465656644626_875612917177819881_n-225x300.jpg 225w, https:\/\/fondation-nicolasgigot.org\/wp-content\/uploads\/2023\/05\/341141164_1604465656644626_875612917177819881_n-1152x1536.jpg 1152w, https:\/\/fondation-nicolasgigot.org\/wp-content\/uploads\/2023\/05\/341141164_1604465656644626_875612917177819881_n-1320x1760.jpg 1320w, https:\/\/fondation-nicolasgigot.org\/wp-content\/uploads\/2023\/05\/341141164_1604465656644626_875612917177819881_n.jpg 1536w\" sizes=\"(max-width: 768px) 100vw, 768px\" \/>\t\t\t\t\t\t\t\t\t\t\t\t\t\t\t<\/div>\n\t\t\t\t<\/div>\n\t\t\t\t\t<\/div>\n\t\t<\/div>\n\t\t\t\t\t<\/div>\n\t\t<\/section>\n\t\t\t\t\t<\/div>\n\t\t<\/div>\n\t\t\t\t\t<\/div>\n\t\t<\/section>\n\t\t\t\t<\/div>\n\t\t","protected":false},"excerpt":{"rendered":"<p>Hallo an alle, Vor kurzem reisten zwei Freiwillige der Stiftung nach Bourg en Bresse und Lyon. Eine kleine Reise, an der ich nat\u00fcrlich teilnahm und die es mir erm\u00f6glichte, den Sternekoch Christian T\u00eatedoie wiederzusehen. Er ist zwar aufgrund seines Werdegangs in der Gastronomie au\u00dfergew\u00f6hnlich; bester Lehrling mit 17 Jahren, bester Arbeiter Frankreichs 1996, und seit [&hellip;]<\/p>\n","protected":false},"author":3,"featured_media":4889,"comment_status":"open","ping_status":"open","sticky":false,"template":"","format":"standard","meta":{"_acf_changed":false,"give_campaign_id":0,"footnotes":""},"categories":[78],"tags":[],"class_list":["post-5386","post","type-post","status-publish","format-standard","has-post-thumbnail","hentry","category-nachrichten"],"acf":[],"yoast_head":"<!-- This site is optimized with the Yoast SEO plugin v25.1 - https:\/\/yoast.com\/wordpress\/plugins\/seo\/ -->\n<title>Sternekoch Christian T\u00eatedoie - Fondation Nicolas Gigot<\/title>\n<meta name=\"robots\" content=\"index, follow, max-snippet:-1, max-image-preview:large, max-video-preview:-1\" \/>\n<link rel=\"canonical\" href=\"https:\/\/fondation-nicolasgigot.org\/de\/sternekoch-christian-tetedoie\/\" \/>\n<meta property=\"og:locale\" content=\"de_DE\" \/>\n<meta property=\"og:type\" content=\"article\" \/>\n<meta property=\"og:title\" content=\"Sternekoch Christian T\u00eatedoie - Fondation Nicolas Gigot\" \/>\n<meta property=\"og:description\" content=\"Hallo an alle, Vor kurzem reisten zwei Freiwillige der Stiftung nach Bourg en Bresse und Lyon. Eine kleine Reise, an der ich nat\u00fcrlich teilnahm und die es mir erm\u00f6glichte, den Sternekoch Christian T\u00eatedoie wiederzusehen. Er ist zwar aufgrund seines Werdegangs in der Gastronomie au\u00dfergew\u00f6hnlich; bester Lehrling mit 17 Jahren, bester Arbeiter Frankreichs 1996, und seit [&hellip;]\" \/>\n<meta property=\"og:url\" content=\"https:\/\/fondation-nicolasgigot.org\/de\/sternekoch-christian-tetedoie\/\" \/>\n<meta property=\"og:site_name\" content=\"Fondation Nicolas Gigot\" \/>\n<meta property=\"article:published_time\" content=\"2023-04-14T08:40:03+00:00\" \/>\n<meta property=\"article:modified_time\" content=\"2024-06-06T22:28:49+00:00\" \/>\n<meta property=\"og:image\" content=\"https:\/\/fondation-nicolasgigot.org\/wp-content\/uploads\/2023\/05\/341141164_1604465656644626_875612917177819881_n.jpg\" \/>\n\t<meta property=\"og:image:width\" content=\"1536\" \/>\n\t<meta property=\"og:image:height\" content=\"2048\" \/>\n\t<meta property=\"og:image:type\" content=\"image\/jpeg\" \/>\n<meta name=\"author\" content=\"Nadine Brialmont\" \/>\n<meta name=\"twitter:card\" content=\"summary_large_image\" \/>\n<meta name=\"twitter:label1\" content=\"Verfasst von\" \/>\n\t<meta name=\"twitter:data1\" content=\"Nadine Brialmont\" \/>\n\t<meta name=\"twitter:label2\" content=\"Gesch\u00e4tzte Lesezeit\" \/>\n\t<meta name=\"twitter:data2\" content=\"2\u00a0Minuten\" \/>\n<script type=\"application\/ld+json\" class=\"yoast-schema-graph\">{\"@context\":\"https:\/\/schema.org\",\"@graph\":[{\"@type\":\"Article\",\"@id\":\"https:\/\/fondation-nicolasgigot.org\/de\/sternekoch-christian-tetedoie\/#article\",\"isPartOf\":{\"@id\":\"https:\/\/fondation-nicolasgigot.org\/de\/sternekoch-christian-tetedoie\/\"},\"author\":{\"name\":\"Nadine Brialmont\",\"@id\":\"https:\/\/fondation-nicolasgigot.org\/de\/#\/schema\/person\/23187954cf45667f841bfe39191cb5dc\"},\"headline\":\"Sternekoch Christian T\u00eatedoie\",\"datePublished\":\"2023-04-14T08:40:03+00:00\",\"dateModified\":\"2024-06-06T22:28:49+00:00\",\"mainEntityOfPage\":{\"@id\":\"https:\/\/fondation-nicolasgigot.org\/de\/sternekoch-christian-tetedoie\/\"},\"wordCount\":308,\"commentCount\":0,\"publisher\":{\"@id\":\"https:\/\/fondation-nicolasgigot.org\/de\/#organization\"},\"image\":{\"@id\":\"https:\/\/fondation-nicolasgigot.org\/de\/sternekoch-christian-tetedoie\/#primaryimage\"},\"thumbnailUrl\":\"https:\/\/fondation-nicolasgigot.org\/wp-content\/uploads\/2023\/05\/341141164_1604465656644626_875612917177819881_n.jpg\",\"articleSection\":[\"Nachrichten\"],\"inLanguage\":\"de\",\"potentialAction\":[{\"@type\":\"CommentAction\",\"name\":\"Comment\",\"target\":[\"https:\/\/fondation-nicolasgigot.org\/de\/sternekoch-christian-tetedoie\/#respond\"]}]},{\"@type\":\"WebPage\",\"@id\":\"https:\/\/fondation-nicolasgigot.org\/de\/sternekoch-christian-tetedoie\/\",\"url\":\"https:\/\/fondation-nicolasgigot.org\/de\/sternekoch-christian-tetedoie\/\",\"name\":\"Sternekoch Christian T\u00eatedoie - Fondation Nicolas Gigot\",\"isPartOf\":{\"@id\":\"https:\/\/fondation-nicolasgigot.org\/de\/#website\"},\"primaryImageOfPage\":{\"@id\":\"https:\/\/fondation-nicolasgigot.org\/de\/sternekoch-christian-tetedoie\/#primaryimage\"},\"image\":{\"@id\":\"https:\/\/fondation-nicolasgigot.org\/de\/sternekoch-christian-tetedoie\/#primaryimage\"},\"thumbnailUrl\":\"https:\/\/fondation-nicolasgigot.org\/wp-content\/uploads\/2023\/05\/341141164_1604465656644626_875612917177819881_n.jpg\",\"datePublished\":\"2023-04-14T08:40:03+00:00\",\"dateModified\":\"2024-06-06T22:28:49+00:00\",\"breadcrumb\":{\"@id\":\"https:\/\/fondation-nicolasgigot.org\/de\/sternekoch-christian-tetedoie\/#breadcrumb\"},\"inLanguage\":\"de\",\"potentialAction\":[{\"@type\":\"ReadAction\",\"target\":[\"https:\/\/fondation-nicolasgigot.org\/de\/sternekoch-christian-tetedoie\/\"]}]},{\"@type\":\"ImageObject\",\"inLanguage\":\"de\",\"@id\":\"https:\/\/fondation-nicolasgigot.org\/de\/sternekoch-christian-tetedoie\/#primaryimage\",\"url\":\"https:\/\/fondation-nicolasgigot.org\/wp-content\/uploads\/2023\/05\/341141164_1604465656644626_875612917177819881_n.jpg\",\"contentUrl\":\"https:\/\/fondation-nicolasgigot.org\/wp-content\/uploads\/2023\/05\/341141164_1604465656644626_875612917177819881_n.jpg\",\"width\":1536,\"height\":2048},{\"@type\":\"BreadcrumbList\",\"@id\":\"https:\/\/fondation-nicolasgigot.org\/de\/sternekoch-christian-tetedoie\/#breadcrumb\",\"itemListElement\":[{\"@type\":\"ListItem\",\"position\":1,\"name\":\"Accueil\",\"item\":\"https:\/\/fondation-nicolasgigot.org\/de\/\"},{\"@type\":\"ListItem\",\"position\":2,\"name\":\"Sternekoch Christian T\u00eatedoie\"}]},{\"@type\":\"WebSite\",\"@id\":\"https:\/\/fondation-nicolasgigot.org\/de\/#website\",\"url\":\"https:\/\/fondation-nicolasgigot.org\/de\/\",\"name\":\"Fondation Nicolas Gigot\",\"description\":\"\",\"publisher\":{\"@id\":\"https:\/\/fondation-nicolasgigot.org\/de\/#organization\"},\"potentialAction\":[{\"@type\":\"SearchAction\",\"target\":{\"@type\":\"EntryPoint\",\"urlTemplate\":\"https:\/\/fondation-nicolasgigot.org\/de\/?s={search_term_string}\"},\"query-input\":{\"@type\":\"PropertyValueSpecification\",\"valueRequired\":true,\"valueName\":\"search_term_string\"}}],\"inLanguage\":\"de\"},{\"@type\":\"Organization\",\"@id\":\"https:\/\/fondation-nicolasgigot.org\/de\/#organization\",\"name\":\"Fondation Nicolas Gigot\",\"url\":\"https:\/\/fondation-nicolasgigot.org\/de\/\",\"logo\":{\"@type\":\"ImageObject\",\"inLanguage\":\"de\",\"@id\":\"https:\/\/fondation-nicolasgigot.org\/de\/#\/schema\/logo\/image\/\",\"url\":\"https:\/\/fondation-nicolasgigot.org\/wp-content\/uploads\/2021\/04\/Groupe-32.svg\",\"contentUrl\":\"https:\/\/fondation-nicolasgigot.org\/wp-content\/uploads\/2021\/04\/Groupe-32.svg\",\"width\":1,\"height\":1,\"caption\":\"Fondation Nicolas Gigot\"},\"image\":{\"@id\":\"https:\/\/fondation-nicolasgigot.org\/de\/#\/schema\/logo\/image\/\"}},{\"@type\":\"Person\",\"@id\":\"https:\/\/fondation-nicolasgigot.org\/de\/#\/schema\/person\/23187954cf45667f841bfe39191cb5dc\",\"name\":\"Nadine Brialmont\",\"image\":{\"@type\":\"ImageObject\",\"inLanguage\":\"de\",\"@id\":\"https:\/\/fondation-nicolasgigot.org\/de\/#\/schema\/person\/image\/\",\"url\":\"https:\/\/secure.gravatar.com\/avatar\/24ce526bffd627f6778a52a887345ce97be474d8ea3cd54518e0950c6d61d38c?s=96&d=mm&r=g\",\"contentUrl\":\"https:\/\/secure.gravatar.com\/avatar\/24ce526bffd627f6778a52a887345ce97be474d8ea3cd54518e0950c6d61d38c?s=96&d=mm&r=g\",\"caption\":\"Nadine Brialmont\"},\"sameAs\":[\"https:\/\/fondation-nicolasgigot.org\/\"]}]}<\/script>\n<!-- \/ Yoast SEO plugin. -->","yoast_head_json":{"title":"Sternekoch Christian T\u00eatedoie - Fondation Nicolas Gigot","robots":{"index":"index","follow":"follow","max-snippet":"max-snippet:-1","max-image-preview":"max-image-preview:large","max-video-preview":"max-video-preview:-1"},"canonical":"https:\/\/fondation-nicolasgigot.org\/de\/sternekoch-christian-tetedoie\/","og_locale":"de_DE","og_type":"article","og_title":"Sternekoch Christian T\u00eatedoie - Fondation Nicolas Gigot","og_description":"Hallo an alle, Vor kurzem reisten zwei Freiwillige der Stiftung nach Bourg en Bresse und Lyon. Eine kleine Reise, an der ich nat\u00fcrlich teilnahm und die es mir erm\u00f6glichte, den Sternekoch Christian T\u00eatedoie wiederzusehen. Er ist zwar aufgrund seines Werdegangs in der Gastronomie au\u00dfergew\u00f6hnlich; bester Lehrling mit 17 Jahren, bester Arbeiter Frankreichs 1996, und seit [&hellip;]","og_url":"https:\/\/fondation-nicolasgigot.org\/de\/sternekoch-christian-tetedoie\/","og_site_name":"Fondation Nicolas Gigot","article_published_time":"2023-04-14T08:40:03+00:00","article_modified_time":"2024-06-06T22:28:49+00:00","og_image":[{"width":1536,"height":2048,"url":"https:\/\/fondation-nicolasgigot.org\/wp-content\/uploads\/2023\/05\/341141164_1604465656644626_875612917177819881_n.jpg","type":"image\/jpeg"}],"author":"Nadine Brialmont","twitter_card":"summary_large_image","twitter_misc":{"Verfasst von":"Nadine Brialmont","Gesch\u00e4tzte Lesezeit":"2\u00a0Minuten"},"schema":{"@context":"https:\/\/schema.org","@graph":[{"@type":"Article","@id":"https:\/\/fondation-nicolasgigot.org\/de\/sternekoch-christian-tetedoie\/#article","isPartOf":{"@id":"https:\/\/fondation-nicolasgigot.org\/de\/sternekoch-christian-tetedoie\/"},"author":{"name":"Nadine Brialmont","@id":"https:\/\/fondation-nicolasgigot.org\/de\/#\/schema\/person\/23187954cf45667f841bfe39191cb5dc"},"headline":"Sternekoch Christian T\u00eatedoie","datePublished":"2023-04-14T08:40:03+00:00","dateModified":"2024-06-06T22:28:49+00:00","mainEntityOfPage":{"@id":"https:\/\/fondation-nicolasgigot.org\/de\/sternekoch-christian-tetedoie\/"},"wordCount":308,"commentCount":0,"publisher":{"@id":"https:\/\/fondation-nicolasgigot.org\/de\/#organization"},"image":{"@id":"https:\/\/fondation-nicolasgigot.org\/de\/sternekoch-christian-tetedoie\/#primaryimage"},"thumbnailUrl":"https:\/\/fondation-nicolasgigot.org\/wp-content\/uploads\/2023\/05\/341141164_1604465656644626_875612917177819881_n.jpg","articleSection":["Nachrichten"],"inLanguage":"de","potentialAction":[{"@type":"CommentAction","name":"Comment","target":["https:\/\/fondation-nicolasgigot.org\/de\/sternekoch-christian-tetedoie\/#respond"]}]},{"@type":"WebPage","@id":"https:\/\/fondation-nicolasgigot.org\/de\/sternekoch-christian-tetedoie\/","url":"https:\/\/fondation-nicolasgigot.org\/de\/sternekoch-christian-tetedoie\/","name":"Sternekoch Christian T\u00eatedoie - Fondation Nicolas Gigot","isPartOf":{"@id":"https:\/\/fondation-nicolasgigot.org\/de\/#website"},"primaryImageOfPage":{"@id":"https:\/\/fondation-nicolasgigot.org\/de\/sternekoch-christian-tetedoie\/#primaryimage"},"image":{"@id":"https:\/\/fondation-nicolasgigot.org\/de\/sternekoch-christian-tetedoie\/#primaryimage"},"thumbnailUrl":"https:\/\/fondation-nicolasgigot.org\/wp-content\/uploads\/2023\/05\/341141164_1604465656644626_875612917177819881_n.jpg","datePublished":"2023-04-14T08:40:03+00:00","dateModified":"2024-06-06T22:28:49+00:00","breadcrumb":{"@id":"https:\/\/fondation-nicolasgigot.org\/de\/sternekoch-christian-tetedoie\/#breadcrumb"},"inLanguage":"de","potentialAction":[{"@type":"ReadAction","target":["https:\/\/fondation-nicolasgigot.org\/de\/sternekoch-christian-tetedoie\/"]}]},{"@type":"ImageObject","inLanguage":"de","@id":"https:\/\/fondation-nicolasgigot.org\/de\/sternekoch-christian-tetedoie\/#primaryimage","url":"https:\/\/fondation-nicolasgigot.org\/wp-content\/uploads\/2023\/05\/341141164_1604465656644626_875612917177819881_n.jpg","contentUrl":"https:\/\/fondation-nicolasgigot.org\/wp-content\/uploads\/2023\/05\/341141164_1604465656644626_875612917177819881_n.jpg","width":1536,"height":2048},{"@type":"BreadcrumbList","@id":"https:\/\/fondation-nicolasgigot.org\/de\/sternekoch-christian-tetedoie\/#breadcrumb","itemListElement":[{"@type":"ListItem","position":1,"name":"Accueil","item":"https:\/\/fondation-nicolasgigot.org\/de\/"},{"@type":"ListItem","position":2,"name":"Sternekoch Christian T\u00eatedoie"}]},{"@type":"WebSite","@id":"https:\/\/fondation-nicolasgigot.org\/de\/#website","url":"https:\/\/fondation-nicolasgigot.org\/de\/","name":"Fondation Nicolas Gigot","description":"","publisher":{"@id":"https:\/\/fondation-nicolasgigot.org\/de\/#organization"},"potentialAction":[{"@type":"SearchAction","target":{"@type":"EntryPoint","urlTemplate":"https:\/\/fondation-nicolasgigot.org\/de\/?s={search_term_string}"},"query-input":{"@type":"PropertyValueSpecification","valueRequired":true,"valueName":"search_term_string"}}],"inLanguage":"de"},{"@type":"Organization","@id":"https:\/\/fondation-nicolasgigot.org\/de\/#organization","name":"Fondation Nicolas Gigot","url":"https:\/\/fondation-nicolasgigot.org\/de\/","logo":{"@type":"ImageObject","inLanguage":"de","@id":"https:\/\/fondation-nicolasgigot.org\/de\/#\/schema\/logo\/image\/","url":"https:\/\/fondation-nicolasgigot.org\/wp-content\/uploads\/2021\/04\/Groupe-32.svg","contentUrl":"https:\/\/fondation-nicolasgigot.org\/wp-content\/uploads\/2021\/04\/Groupe-32.svg","width":1,"height":1,"caption":"Fondation Nicolas Gigot"},"image":{"@id":"https:\/\/fondation-nicolasgigot.org\/de\/#\/schema\/logo\/image\/"}},{"@type":"Person","@id":"https:\/\/fondation-nicolasgigot.org\/de\/#\/schema\/person\/23187954cf45667f841bfe39191cb5dc","name":"Nadine Brialmont","image":{"@type":"ImageObject","inLanguage":"de","@id":"https:\/\/fondation-nicolasgigot.org\/de\/#\/schema\/person\/image\/","url":"https:\/\/secure.gravatar.com\/avatar\/24ce526bffd627f6778a52a887345ce97be474d8ea3cd54518e0950c6d61d38c?s=96&d=mm&r=g","contentUrl":"https:\/\/secure.gravatar.com\/avatar\/24ce526bffd627f6778a52a887345ce97be474d8ea3cd54518e0950c6d61d38c?s=96&d=mm&r=g","caption":"Nadine Brialmont"},"sameAs":["https:\/\/fondation-nicolasgigot.org\/"]}]}},"_links":{"self":[{"href":"https:\/\/fondation-nicolasgigot.org\/de\/wp-json\/wp\/v2\/posts\/5386","targetHints":{"allow":["GET"]}}],"collection":[{"href":"https:\/\/fondation-nicolasgigot.org\/de\/wp-json\/wp\/v2\/posts"}],"about":[{"href":"https:\/\/fondation-nicolasgigot.org\/de\/wp-json\/wp\/v2\/types\/post"}],"author":[{"embeddable":true,"href":"https:\/\/fondation-nicolasgigot.org\/de\/wp-json\/wp\/v2\/users\/3"}],"replies":[{"embeddable":true,"href":"https:\/\/fondation-nicolasgigot.org\/de\/wp-json\/wp\/v2\/comments?post=5386"}],"version-history":[{"count":1,"href":"https:\/\/fondation-nicolasgigot.org\/de\/wp-json\/wp\/v2\/posts\/5386\/revisions"}],"predecessor-version":[{"id":5387,"href":"https:\/\/fondation-nicolasgigot.org\/de\/wp-json\/wp\/v2\/posts\/5386\/revisions\/5387"}],"wp:featuredmedia":[{"embeddable":true,"href":"https:\/\/fondation-nicolasgigot.org\/de\/wp-json\/wp\/v2\/media\/4889"}],"wp:attachment":[{"href":"https:\/\/fondation-nicolasgigot.org\/de\/wp-json\/wp\/v2\/media?parent=5386"}],"wp:term":[{"taxonomy":"category","embeddable":true,"href":"https:\/\/fondation-nicolasgigot.org\/de\/wp-json\/wp\/v2\/categories?post=5386"},{"taxonomy":"post_tag","embeddable":true,"href":"https:\/\/fondation-nicolasgigot.org\/de\/wp-json\/wp\/v2\/tags?post=5386"}],"curies":[{"name":"wp","href":"https:\/\/api.w.org\/{rel}","templated":true}]}}