{"id":5872,"date":"2024-07-18T15:49:41","date_gmt":"2024-07-18T13:49:41","guid":{"rendered":"https:\/\/fondation-nicolasgigot.org\/4-jahre-und-wenn-wir-traeumen\/"},"modified":"2024-07-18T15:49:41","modified_gmt":"2024-07-18T13:49:41","slug":"4-jahre-und-wenn-wir-traeumen","status":"publish","type":"post","link":"https:\/\/fondation-nicolasgigot.org\/de\/4-jahre-und-wenn-wir-traeumen\/","title":{"rendered":"4 Jahre und wenn wir tr\u00e4umen&#8230;"},"content":{"rendered":"<p>4 Jahre seit er uns verlassen hat&#8230;und wenn wir von seiner R\u00fcckkehr tr\u00e4umen&#8230;.<\/p>\n<p>&nbsp;<\/p>\n<p>Hallo, alle zusammen,<\/p>\n<p>Hier bin ich wieder, nach vier Jahren auf Reisen! Ich habe noch so viel zu entdecken und nachzuholen. Und wissen Sie was? Vor vier Jahren hatte ich die brillante Idee, genau am Geburtstag meines Opas abzureisen. Heute werde ich das nachholen, indem ich mit ihm philosophieren gehe. Wir haben viele Gespr\u00e4che nachzuholen&#8230; und wahrscheinlich einige hitzige Debatten zu f\u00fchren!     <\/p>\n<p>Game of Thrones ist zu Ende! Endlich kann ich das Ende dieser Serie sehen, ohne zu spoilern. Ich hoffe, dass es sich lohnt. Was One Piece betrifft, so setzt Luffy seine Abenteuer fort. Zumindest bleiben einige Dinge unver\u00e4ndert.    <\/p>\n<p>Ich werde Rugby nachholen m\u00fcssen, vier Jahre Urlaub, ich werde es sp\u00fcren, aber keine Sorge, Freunde, Whesnico is back!<\/p>\n<p>Was den Fu\u00dfball betrifft, so k\u00f6nnen die Franzosen die Belgier, die ebenfalls aus der EM ausgeschieden sind, nicht mehr \u00e4rgern. Sportliche Gerechtigkeit tut gut. <\/p>\n<p>Und die Politik&#8230; Biden hat Trump ersetzt, aber f\u00fcr wie lange? Und Opa Joe hat ein kleines Ged\u00e4chtnisproblem, wie ich h\u00f6re. Und Trump hat es sogar geschafft, sich ein Ohrloch stechen zu lassen! Wer h\u00e4tte gedacht, dass der ehemalige Pr\u00e4sident mit Piercings anfangen w\u00fcrde?    <\/p>\n<p>Und ich erfahre auch, dass Lucas jetzt in Montreal lebt! Wow, was f\u00fcr ein Abenteuer. Und Sasha, dieser kleine Schlingel, hat mich in der Gr\u00f6\u00dfe \u00fcberholt! Und in weniger als zwei Wochen wird er nach Atlanta reisen, um dort ein Sportstudium zu absolvieren.   <\/p>\n<p>Ich bin sehr froh, dass ich die M\u00f6glichkeit habe, in Kanada und den USA zu \u00fcbernachten.<\/p>\n<p>Papa, ernsthaft, hattest du nicht schon genug mit Isabelle, meiner Stiefmutter? Jetzt haben Sie zwei neue Frauen im Haus, die sehr haarig sind. Ich kann es kaum erwarten, sie zu sehen und sie meinen beiden R\u00fcden vorzustellen.  <\/p>\n<p>Und nat\u00fcrlich bin ich ger\u00fchrt von allem, was Sie zu meinen Ehren getan haben. Die Nicolas Gigot Stiftung ist unglaublich. Die Bereitstellung von optischen Computern f\u00fcr Krankenh\u00e4user und die Unterst\u00fctzung von Behindertensportlern ist genau das, was ich mir gew\u00fcnscht h\u00e4tte. Sie sind wirklich gro\u00dfartig, vielen Dank f\u00fcr Ihre Spenden!   <\/p>\n<p>Dann erz\u00e4hlen Sie mir alles genau. Ich kann es kaum erwarten, alles zu erfahren. Ich vermisse Sie so sehr und bin so stolz auf Sie.  <\/p>\n<p>So, ich muss jetzt Schluss machen, denn ich bin mit Minecraft im R\u00fcckstand!<\/p>\n<p>Mit all meiner Liebe,<\/p>\n<p>Nicolas<\/p>\n<p><a href=\"https:\/\/fondation-nicolasgigot.org\/wp-content\/uploads\/2024\/07\/IMG-20231106-WA0003.jpg\"><img fetchpriority=\"high\" decoding=\"async\" class=\"alignnone size-full wp-image-5656\" src=\"https:\/\/fondation-nicolasgigot.org\/wp-content\/uploads\/2024\/07\/IMG-20231106-WA0003.jpg\" alt=\"\" width=\"1080\" height=\"810\" srcset=\"https:\/\/fondation-nicolasgigot.org\/wp-content\/uploads\/2024\/07\/IMG-20231106-WA0003.jpg 1080w, https:\/\/fondation-nicolasgigot.org\/wp-content\/uploads\/2024\/07\/IMG-20231106-WA0003-300x225.jpg 300w, https:\/\/fondation-nicolasgigot.org\/wp-content\/uploads\/2024\/07\/IMG-20231106-WA0003-1024x768.jpg 1024w, https:\/\/fondation-nicolasgigot.org\/wp-content\/uploads\/2024\/07\/IMG-20231106-WA0003-768x576.jpg 768w\" sizes=\"(max-width: 1080px) 100vw, 1080px\" \/><\/a><\/p>\n","protected":false},"excerpt":{"rendered":"<p>4 Jahre seit er uns verlassen hat&#8230;und wenn wir von seiner R\u00fcckkehr tr\u00e4umen&#8230;. &nbsp; Hallo, alle zusammen, Hier bin ich wieder, nach vier Jahren auf Reisen! Ich habe noch so viel zu entdecken und nachzuholen. Und wissen Sie was? Vor vier Jahren hatte ich die brillante Idee, genau am Geburtstag meines Opas abzureisen. Heute werde [&hellip;]<\/p>\n","protected":false},"author":1,"featured_media":5659,"comment_status":"open","ping_status":"open","sticky":false,"template":"","format":"standard","meta":{"_acf_changed":false,"give_campaign_id":0,"footnotes":""},"categories":[78],"tags":[],"class_list":["post-5872","post","type-post","status-publish","format-standard","has-post-thumbnail","hentry","category-nachrichten"],"acf":[],"yoast_head":"<!-- This site is optimized with the Yoast SEO plugin v25.1 - https:\/\/yoast.com\/wordpress\/plugins\/seo\/ -->\n<title>4 Jahre und wenn wir tr\u00e4umen... - Fondation Nicolas Gigot<\/title>\n<meta name=\"robots\" content=\"index, follow, max-snippet:-1, max-image-preview:large, max-video-preview:-1\" \/>\n<link rel=\"canonical\" href=\"https:\/\/fondation-nicolasgigot.org\/de\/4-jahre-und-wenn-wir-traeumen\/\" \/>\n<meta property=\"og:locale\" content=\"de_DE\" \/>\n<meta property=\"og:type\" content=\"article\" \/>\n<meta property=\"og:title\" content=\"4 Jahre und wenn wir tr\u00e4umen... - Fondation Nicolas Gigot\" \/>\n<meta property=\"og:description\" content=\"4 Jahre seit er uns verlassen hat&#8230;und wenn wir von seiner R\u00fcckkehr tr\u00e4umen&#8230;. &nbsp; Hallo, alle zusammen, Hier bin ich wieder, nach vier Jahren auf Reisen! Ich habe noch so viel zu entdecken und nachzuholen. Und wissen Sie was? Vor vier Jahren hatte ich die brillante Idee, genau am Geburtstag meines Opas abzureisen. Heute werde [&hellip;]\" \/>\n<meta property=\"og:url\" content=\"https:\/\/fondation-nicolasgigot.org\/de\/4-jahre-und-wenn-wir-traeumen\/\" \/>\n<meta property=\"og:site_name\" content=\"Fondation Nicolas Gigot\" \/>\n<meta property=\"article:published_time\" content=\"2024-07-18T13:49:41+00:00\" \/>\n<meta property=\"og:image\" content=\"https:\/\/fondation-nicolasgigot.org\/wp-content\/uploads\/2024\/07\/IMG-20231106-WA0003.jpg\" \/>\n\t<meta property=\"og:image:width\" content=\"1080\" \/>\n\t<meta property=\"og:image:height\" content=\"810\" \/>\n\t<meta property=\"og:image:type\" content=\"image\/jpeg\" \/>\n<meta name=\"author\" content=\"pid\" \/>\n<meta name=\"twitter:card\" content=\"summary_large_image\" \/>\n<meta name=\"twitter:label1\" content=\"Verfasst von\" \/>\n\t<meta name=\"twitter:data1\" content=\"pid\" \/>\n\t<meta name=\"twitter:label2\" content=\"Gesch\u00e4tzte Lesezeit\" \/>\n\t<meta name=\"twitter:data2\" content=\"2\u00a0Minuten\" \/>\n<script type=\"application\/ld+json\" class=\"yoast-schema-graph\">{\"@context\":\"https:\/\/schema.org\",\"@graph\":[{\"@type\":\"Article\",\"@id\":\"https:\/\/fondation-nicolasgigot.org\/de\/4-jahre-und-wenn-wir-traeumen\/#article\",\"isPartOf\":{\"@id\":\"https:\/\/fondation-nicolasgigot.org\/de\/4-jahre-und-wenn-wir-traeumen\/\"},\"author\":{\"name\":\"pid\",\"@id\":\"https:\/\/fondation-nicolasgigot.org\/de\/#\/schema\/person\/6aa0993efaa969fa98d6a15110a3c12e\"},\"headline\":\"4 Jahre und wenn wir tr\u00e4umen&#8230;\",\"datePublished\":\"2024-07-18T13:49:41+00:00\",\"mainEntityOfPage\":{\"@id\":\"https:\/\/fondation-nicolasgigot.org\/de\/4-jahre-und-wenn-wir-traeumen\/\"},\"wordCount\":425,\"commentCount\":0,\"publisher\":{\"@id\":\"https:\/\/fondation-nicolasgigot.org\/de\/#organization\"},\"image\":{\"@id\":\"https:\/\/fondation-nicolasgigot.org\/de\/4-jahre-und-wenn-wir-traeumen\/#primaryimage\"},\"thumbnailUrl\":\"https:\/\/fondation-nicolasgigot.org\/wp-content\/uploads\/2024\/07\/IMG-20231106-WA0003.jpg\",\"articleSection\":[\"Nachrichten\"],\"inLanguage\":\"de\",\"potentialAction\":[{\"@type\":\"CommentAction\",\"name\":\"Comment\",\"target\":[\"https:\/\/fondation-nicolasgigot.org\/de\/4-jahre-und-wenn-wir-traeumen\/#respond\"]}]},{\"@type\":\"WebPage\",\"@id\":\"https:\/\/fondation-nicolasgigot.org\/de\/4-jahre-und-wenn-wir-traeumen\/\",\"url\":\"https:\/\/fondation-nicolasgigot.org\/de\/4-jahre-und-wenn-wir-traeumen\/\",\"name\":\"4 Jahre und wenn wir tr\u00e4umen... - Fondation Nicolas Gigot\",\"isPartOf\":{\"@id\":\"https:\/\/fondation-nicolasgigot.org\/de\/#website\"},\"primaryImageOfPage\":{\"@id\":\"https:\/\/fondation-nicolasgigot.org\/de\/4-jahre-und-wenn-wir-traeumen\/#primaryimage\"},\"image\":{\"@id\":\"https:\/\/fondation-nicolasgigot.org\/de\/4-jahre-und-wenn-wir-traeumen\/#primaryimage\"},\"thumbnailUrl\":\"https:\/\/fondation-nicolasgigot.org\/wp-content\/uploads\/2024\/07\/IMG-20231106-WA0003.jpg\",\"datePublished\":\"2024-07-18T13:49:41+00:00\",\"breadcrumb\":{\"@id\":\"https:\/\/fondation-nicolasgigot.org\/de\/4-jahre-und-wenn-wir-traeumen\/#breadcrumb\"},\"inLanguage\":\"de\",\"potentialAction\":[{\"@type\":\"ReadAction\",\"target\":[\"https:\/\/fondation-nicolasgigot.org\/de\/4-jahre-und-wenn-wir-traeumen\/\"]}]},{\"@type\":\"ImageObject\",\"inLanguage\":\"de\",\"@id\":\"https:\/\/fondation-nicolasgigot.org\/de\/4-jahre-und-wenn-wir-traeumen\/#primaryimage\",\"url\":\"https:\/\/fondation-nicolasgigot.org\/wp-content\/uploads\/2024\/07\/IMG-20231106-WA0003.jpg\",\"contentUrl\":\"https:\/\/fondation-nicolasgigot.org\/wp-content\/uploads\/2024\/07\/IMG-20231106-WA0003.jpg\",\"width\":1080,\"height\":810},{\"@type\":\"BreadcrumbList\",\"@id\":\"https:\/\/fondation-nicolasgigot.org\/de\/4-jahre-und-wenn-wir-traeumen\/#breadcrumb\",\"itemListElement\":[{\"@type\":\"ListItem\",\"position\":1,\"name\":\"Accueil\",\"item\":\"https:\/\/fondation-nicolasgigot.org\/de\/\"},{\"@type\":\"ListItem\",\"position\":2,\"name\":\"4 Jahre und wenn wir tr\u00e4umen&#8230;\"}]},{\"@type\":\"WebSite\",\"@id\":\"https:\/\/fondation-nicolasgigot.org\/de\/#website\",\"url\":\"https:\/\/fondation-nicolasgigot.org\/de\/\",\"name\":\"Fondation Nicolas Gigot\",\"description\":\"\",\"publisher\":{\"@id\":\"https:\/\/fondation-nicolasgigot.org\/de\/#organization\"},\"potentialAction\":[{\"@type\":\"SearchAction\",\"target\":{\"@type\":\"EntryPoint\",\"urlTemplate\":\"https:\/\/fondation-nicolasgigot.org\/de\/?s={search_term_string}\"},\"query-input\":{\"@type\":\"PropertyValueSpecification\",\"valueRequired\":true,\"valueName\":\"search_term_string\"}}],\"inLanguage\":\"de\"},{\"@type\":\"Organization\",\"@id\":\"https:\/\/fondation-nicolasgigot.org\/de\/#organization\",\"name\":\"Fondation Nicolas Gigot\",\"url\":\"https:\/\/fondation-nicolasgigot.org\/de\/\",\"logo\":{\"@type\":\"ImageObject\",\"inLanguage\":\"de\",\"@id\":\"https:\/\/fondation-nicolasgigot.org\/de\/#\/schema\/logo\/image\/\",\"url\":\"https:\/\/fondation-nicolasgigot.org\/wp-content\/uploads\/2021\/04\/Groupe-32.svg\",\"contentUrl\":\"https:\/\/fondation-nicolasgigot.org\/wp-content\/uploads\/2021\/04\/Groupe-32.svg\",\"width\":1,\"height\":1,\"caption\":\"Fondation Nicolas Gigot\"},\"image\":{\"@id\":\"https:\/\/fondation-nicolasgigot.org\/de\/#\/schema\/logo\/image\/\"}},{\"@type\":\"Person\",\"@id\":\"https:\/\/fondation-nicolasgigot.org\/de\/#\/schema\/person\/6aa0993efaa969fa98d6a15110a3c12e\",\"name\":\"pid\",\"image\":{\"@type\":\"ImageObject\",\"inLanguage\":\"de\",\"@id\":\"https:\/\/fondation-nicolasgigot.org\/de\/#\/schema\/person\/image\/\",\"url\":\"https:\/\/secure.gravatar.com\/avatar\/b11c5fd468509b88a1b55672e2b113e08d3e41a2142b3b76328dc14c79eb6a84?s=96&d=mm&r=g\",\"contentUrl\":\"https:\/\/secure.gravatar.com\/avatar\/b11c5fd468509b88a1b55672e2b113e08d3e41a2142b3b76328dc14c79eb6a84?s=96&d=mm&r=g\",\"caption\":\"pid\"},\"sameAs\":[\"https:\/\/ns332467.ip-37-187-254.eu\/~nicolasgigot\"]}]}<\/script>\n<!-- \/ Yoast SEO plugin. -->","yoast_head_json":{"title":"4 Jahre und wenn wir tr\u00e4umen... - Fondation Nicolas Gigot","robots":{"index":"index","follow":"follow","max-snippet":"max-snippet:-1","max-image-preview":"max-image-preview:large","max-video-preview":"max-video-preview:-1"},"canonical":"https:\/\/fondation-nicolasgigot.org\/de\/4-jahre-und-wenn-wir-traeumen\/","og_locale":"de_DE","og_type":"article","og_title":"4 Jahre und wenn wir tr\u00e4umen... - Fondation Nicolas Gigot","og_description":"4 Jahre seit er uns verlassen hat&#8230;und wenn wir von seiner R\u00fcckkehr tr\u00e4umen&#8230;. &nbsp; Hallo, alle zusammen, Hier bin ich wieder, nach vier Jahren auf Reisen! Ich habe noch so viel zu entdecken und nachzuholen. Und wissen Sie was? Vor vier Jahren hatte ich die brillante Idee, genau am Geburtstag meines Opas abzureisen. Heute werde [&hellip;]","og_url":"https:\/\/fondation-nicolasgigot.org\/de\/4-jahre-und-wenn-wir-traeumen\/","og_site_name":"Fondation Nicolas Gigot","article_published_time":"2024-07-18T13:49:41+00:00","og_image":[{"width":1080,"height":810,"url":"https:\/\/fondation-nicolasgigot.org\/wp-content\/uploads\/2024\/07\/IMG-20231106-WA0003.jpg","type":"image\/jpeg"}],"author":"pid","twitter_card":"summary_large_image","twitter_misc":{"Verfasst von":"pid","Gesch\u00e4tzte Lesezeit":"2\u00a0Minuten"},"schema":{"@context":"https:\/\/schema.org","@graph":[{"@type":"Article","@id":"https:\/\/fondation-nicolasgigot.org\/de\/4-jahre-und-wenn-wir-traeumen\/#article","isPartOf":{"@id":"https:\/\/fondation-nicolasgigot.org\/de\/4-jahre-und-wenn-wir-traeumen\/"},"author":{"name":"pid","@id":"https:\/\/fondation-nicolasgigot.org\/de\/#\/schema\/person\/6aa0993efaa969fa98d6a15110a3c12e"},"headline":"4 Jahre und wenn wir tr\u00e4umen&#8230;","datePublished":"2024-07-18T13:49:41+00:00","mainEntityOfPage":{"@id":"https:\/\/fondation-nicolasgigot.org\/de\/4-jahre-und-wenn-wir-traeumen\/"},"wordCount":425,"commentCount":0,"publisher":{"@id":"https:\/\/fondation-nicolasgigot.org\/de\/#organization"},"image":{"@id":"https:\/\/fondation-nicolasgigot.org\/de\/4-jahre-und-wenn-wir-traeumen\/#primaryimage"},"thumbnailUrl":"https:\/\/fondation-nicolasgigot.org\/wp-content\/uploads\/2024\/07\/IMG-20231106-WA0003.jpg","articleSection":["Nachrichten"],"inLanguage":"de","potentialAction":[{"@type":"CommentAction","name":"Comment","target":["https:\/\/fondation-nicolasgigot.org\/de\/4-jahre-und-wenn-wir-traeumen\/#respond"]}]},{"@type":"WebPage","@id":"https:\/\/fondation-nicolasgigot.org\/de\/4-jahre-und-wenn-wir-traeumen\/","url":"https:\/\/fondation-nicolasgigot.org\/de\/4-jahre-und-wenn-wir-traeumen\/","name":"4 Jahre und wenn wir tr\u00e4umen... - Fondation Nicolas Gigot","isPartOf":{"@id":"https:\/\/fondation-nicolasgigot.org\/de\/#website"},"primaryImageOfPage":{"@id":"https:\/\/fondation-nicolasgigot.org\/de\/4-jahre-und-wenn-wir-traeumen\/#primaryimage"},"image":{"@id":"https:\/\/fondation-nicolasgigot.org\/de\/4-jahre-und-wenn-wir-traeumen\/#primaryimage"},"thumbnailUrl":"https:\/\/fondation-nicolasgigot.org\/wp-content\/uploads\/2024\/07\/IMG-20231106-WA0003.jpg","datePublished":"2024-07-18T13:49:41+00:00","breadcrumb":{"@id":"https:\/\/fondation-nicolasgigot.org\/de\/4-jahre-und-wenn-wir-traeumen\/#breadcrumb"},"inLanguage":"de","potentialAction":[{"@type":"ReadAction","target":["https:\/\/fondation-nicolasgigot.org\/de\/4-jahre-und-wenn-wir-traeumen\/"]}]},{"@type":"ImageObject","inLanguage":"de","@id":"https:\/\/fondation-nicolasgigot.org\/de\/4-jahre-und-wenn-wir-traeumen\/#primaryimage","url":"https:\/\/fondation-nicolasgigot.org\/wp-content\/uploads\/2024\/07\/IMG-20231106-WA0003.jpg","contentUrl":"https:\/\/fondation-nicolasgigot.org\/wp-content\/uploads\/2024\/07\/IMG-20231106-WA0003.jpg","width":1080,"height":810},{"@type":"BreadcrumbList","@id":"https:\/\/fondation-nicolasgigot.org\/de\/4-jahre-und-wenn-wir-traeumen\/#breadcrumb","itemListElement":[{"@type":"ListItem","position":1,"name":"Accueil","item":"https:\/\/fondation-nicolasgigot.org\/de\/"},{"@type":"ListItem","position":2,"name":"4 Jahre und wenn wir tr\u00e4umen&#8230;"}]},{"@type":"WebSite","@id":"https:\/\/fondation-nicolasgigot.org\/de\/#website","url":"https:\/\/fondation-nicolasgigot.org\/de\/","name":"Fondation Nicolas Gigot","description":"","publisher":{"@id":"https:\/\/fondation-nicolasgigot.org\/de\/#organization"},"potentialAction":[{"@type":"SearchAction","target":{"@type":"EntryPoint","urlTemplate":"https:\/\/fondation-nicolasgigot.org\/de\/?s={search_term_string}"},"query-input":{"@type":"PropertyValueSpecification","valueRequired":true,"valueName":"search_term_string"}}],"inLanguage":"de"},{"@type":"Organization","@id":"https:\/\/fondation-nicolasgigot.org\/de\/#organization","name":"Fondation Nicolas Gigot","url":"https:\/\/fondation-nicolasgigot.org\/de\/","logo":{"@type":"ImageObject","inLanguage":"de","@id":"https:\/\/fondation-nicolasgigot.org\/de\/#\/schema\/logo\/image\/","url":"https:\/\/fondation-nicolasgigot.org\/wp-content\/uploads\/2021\/04\/Groupe-32.svg","contentUrl":"https:\/\/fondation-nicolasgigot.org\/wp-content\/uploads\/2021\/04\/Groupe-32.svg","width":1,"height":1,"caption":"Fondation Nicolas Gigot"},"image":{"@id":"https:\/\/fondation-nicolasgigot.org\/de\/#\/schema\/logo\/image\/"}},{"@type":"Person","@id":"https:\/\/fondation-nicolasgigot.org\/de\/#\/schema\/person\/6aa0993efaa969fa98d6a15110a3c12e","name":"pid","image":{"@type":"ImageObject","inLanguage":"de","@id":"https:\/\/fondation-nicolasgigot.org\/de\/#\/schema\/person\/image\/","url":"https:\/\/secure.gravatar.com\/avatar\/b11c5fd468509b88a1b55672e2b113e08d3e41a2142b3b76328dc14c79eb6a84?s=96&d=mm&r=g","contentUrl":"https:\/\/secure.gravatar.com\/avatar\/b11c5fd468509b88a1b55672e2b113e08d3e41a2142b3b76328dc14c79eb6a84?s=96&d=mm&r=g","caption":"pid"},"sameAs":["https:\/\/ns332467.ip-37-187-254.eu\/~nicolasgigot"]}]}},"_links":{"self":[{"href":"https:\/\/fondation-nicolasgigot.org\/de\/wp-json\/wp\/v2\/posts\/5872","targetHints":{"allow":["GET"]}}],"collection":[{"href":"https:\/\/fondation-nicolasgigot.org\/de\/wp-json\/wp\/v2\/posts"}],"about":[{"href":"https:\/\/fondation-nicolasgigot.org\/de\/wp-json\/wp\/v2\/types\/post"}],"author":[{"embeddable":true,"href":"https:\/\/fondation-nicolasgigot.org\/de\/wp-json\/wp\/v2\/users\/1"}],"replies":[{"embeddable":true,"href":"https:\/\/fondation-nicolasgigot.org\/de\/wp-json\/wp\/v2\/comments?post=5872"}],"version-history":[{"count":0,"href":"https:\/\/fondation-nicolasgigot.org\/de\/wp-json\/wp\/v2\/posts\/5872\/revisions"}],"wp:featuredmedia":[{"embeddable":true,"href":"https:\/\/fondation-nicolasgigot.org\/de\/wp-json\/wp\/v2\/media\/5659"}],"wp:attachment":[{"href":"https:\/\/fondation-nicolasgigot.org\/de\/wp-json\/wp\/v2\/media?parent=5872"}],"wp:term":[{"taxonomy":"category","embeddable":true,"href":"https:\/\/fondation-nicolasgigot.org\/de\/wp-json\/wp\/v2\/categories?post=5872"},{"taxonomy":"post_tag","embeddable":true,"href":"https:\/\/fondation-nicolasgigot.org\/de\/wp-json\/wp\/v2\/tags?post=5872"}],"curies":[{"name":"wp","href":"https:\/\/api.w.org\/{rel}","templated":true}]}}