{"id":5890,"date":"2025-02-25T15:58:43","date_gmt":"2025-02-25T14:58:43","guid":{"rendered":"https:\/\/fondation-nicolasgigot.org\/24-jahre\/"},"modified":"2025-04-22T16:04:12","modified_gmt":"2025-04-22T14:04:12","slug":"24-jahre","status":"publish","type":"post","link":"https:\/\/fondation-nicolasgigot.org\/de\/24-jahre\/","title":{"rendered":"24 JAHRE"},"content":{"rendered":"\t\t<div data-elementor-type=\"wp-post\" data-elementor-id=\"5890\" class=\"elementor elementor-5890 elementor-5866\" data-elementor-post-type=\"post\">\n\t\t\t\t\t\t<section class=\"elementor-section elementor-top-section elementor-element elementor-element-b1ae971 elementor-section-boxed elementor-section-height-default elementor-section-height-default\" data-id=\"b1ae971\" data-element_type=\"section\">\n\t\t\t\t\t\t<div class=\"elementor-container elementor-column-gap-default\">\n\t\t\t\t\t<div class=\"elementor-column elementor-col-100 elementor-top-column elementor-element elementor-element-02f13a9\" data-id=\"02f13a9\" data-element_type=\"column\">\n\t\t\t<div class=\"elementor-widget-wrap elementor-element-populated\">\n\t\t\t\t\t\t<div class=\"elementor-element elementor-element-caa4538 elementor-widget elementor-widget-text-editor\" data-id=\"caa4538\" data-element_type=\"widget\" data-widget_type=\"text-editor.default\">\n\t\t\t\t<div class=\"elementor-widget-container\">\n\t\t\t\t\t\t\t\t\t<h2><strong>Mit Ihrer Hilfe verleihen wir Stimme und Fl\u00fcgel!<\/strong><\/h2><p>Jede Spende, die wir erhalten, ist ein <strong>Funke der Hoffnung<\/strong> f\u00fcr diejenigen, die es am meisten brauchen. Dank Ihrer Gro\u00dfz\u00fcgigkeit konnten wir k\u00fcrzlich : <\/p>\t\t\t\t\t\t\t\t<\/div>\n\t\t\t\t<\/div>\n\t\t\t\t\t<\/div>\n\t\t<\/div>\n\t\t\t\t\t<\/div>\n\t\t<\/section>\n\t\t\t\t<section class=\"elementor-section elementor-top-section elementor-element elementor-element-e5a05c1 elementor-section-boxed elementor-section-height-default elementor-section-height-default\" data-id=\"e5a05c1\" data-element_type=\"section\">\n\t\t\t\t\t\t<div class=\"elementor-container elementor-column-gap-default\">\n\t\t\t\t\t<div class=\"elementor-column elementor-col-100 elementor-top-column elementor-element elementor-element-6bf90e2\" data-id=\"6bf90e2\" data-element_type=\"column\">\n\t\t\t<div class=\"elementor-widget-wrap elementor-element-populated\">\n\t\t\t\t\t\t<section class=\"elementor-section elementor-inner-section elementor-element elementor-element-1675c27 elementor-section-boxed elementor-section-height-default elementor-section-height-default\" data-id=\"1675c27\" data-element_type=\"section\">\n\t\t\t\t\t\t<div class=\"elementor-container elementor-column-gap-default\">\n\t\t\t\t\t<div class=\"elementor-column elementor-col-50 elementor-inner-column elementor-element elementor-element-a7f9afe\" data-id=\"a7f9afe\" data-element_type=\"column\">\n\t\t\t<div class=\"elementor-widget-wrap elementor-element-populated\">\n\t\t\t\t\t\t<div class=\"elementor-element elementor-element-97c9cc9 elementor-widget elementor-widget-text-editor\" data-id=\"97c9cc9\" data-element_type=\"widget\" data-widget_type=\"text-editor.default\">\n\t\t\t\t<div class=\"elementor-widget-container\">\n\t\t\t\t\t\t\t\t\t<p>\ud83c\udfe5 <strong>Bereitstellung eines TOBI-Ger\u00e4ts f\u00fcr das Sart-Tilman-Krankenhaus<\/strong>, das Patienten mit Kommunikationsproblemen wieder eine Stimme verleiht.<\/p>\t\t\t\t\t\t\t\t<\/div>\n\t\t\t\t<\/div>\n\t\t\t\t\t<\/div>\n\t\t<\/div>\n\t\t\t\t<div class=\"elementor-column elementor-col-50 elementor-inner-column elementor-element elementor-element-f516c7a\" data-id=\"f516c7a\" data-element_type=\"column\">\n\t\t\t<div class=\"elementor-widget-wrap elementor-element-populated\">\n\t\t\t\t\t\t<div class=\"elementor-element elementor-element-1899d73 elementor-widget elementor-widget-image\" data-id=\"1899d73\" data-element_type=\"widget\" data-widget_type=\"image.default\">\n\t\t\t\t<div class=\"elementor-widget-container\">\n\t\t\t\t\t\t\t\t\t\t\t\t\t\t\t<img fetchpriority=\"high\" decoding=\"async\" width=\"800\" height=\"578\" src=\"https:\/\/fondation-nicolasgigot.org\/wp-content\/uploads\/2025\/02\/IMG-20241218-WA0032-1024x740.jpg\" class=\"attachment-large size-large wp-image-5799\" alt=\"\" srcset=\"https:\/\/fondation-nicolasgigot.org\/wp-content\/uploads\/2025\/02\/IMG-20241218-WA0032-1024x740.jpg 1024w, https:\/\/fondation-nicolasgigot.org\/wp-content\/uploads\/2025\/02\/IMG-20241218-WA0032-300x217.jpg 300w, https:\/\/fondation-nicolasgigot.org\/wp-content\/uploads\/2025\/02\/IMG-20241218-WA0032-768x555.jpg 768w, https:\/\/fondation-nicolasgigot.org\/wp-content\/uploads\/2025\/02\/IMG-20241218-WA0032-1536x1110.jpg 1536w, https:\/\/fondation-nicolasgigot.org\/wp-content\/uploads\/2025\/02\/IMG-20241218-WA0032-1320x954.jpg 1320w, https:\/\/fondation-nicolasgigot.org\/wp-content\/uploads\/2025\/02\/IMG-20241218-WA0032.jpg 2048w\" sizes=\"(max-width: 800px) 100vw, 800px\" \/>\t\t\t\t\t\t\t\t\t\t\t\t\t\t\t<\/div>\n\t\t\t\t<\/div>\n\t\t\t\t\t<\/div>\n\t\t<\/div>\n\t\t\t\t\t<\/div>\n\t\t<\/section>\n\t\t\t\t<section class=\"elementor-section elementor-inner-section elementor-element elementor-element-851da39 elementor-section-boxed elementor-section-height-default elementor-section-height-default\" data-id=\"851da39\" data-element_type=\"section\">\n\t\t\t\t\t\t<div class=\"elementor-container elementor-column-gap-default\">\n\t\t\t\t\t<div class=\"elementor-column elementor-col-50 elementor-inner-column elementor-element elementor-element-2aac95c\" data-id=\"2aac95c\" data-element_type=\"column\">\n\t\t\t<div class=\"elementor-widget-wrap elementor-element-populated\">\n\t\t\t\t\t\t<div class=\"elementor-element elementor-element-039d1f5 elementor-widget elementor-widget-image\" data-id=\"039d1f5\" data-element_type=\"widget\" data-widget_type=\"image.default\">\n\t\t\t\t<div class=\"elementor-widget-container\">\n\t\t\t\t\t\t\t\t\t\t\t\t\t\t\t<img decoding=\"async\" width=\"800\" height=\"445\" src=\"https:\/\/fondation-nicolasgigot.org\/wp-content\/uploads\/2025\/02\/20250107_150840-1024x570.jpg\" class=\"attachment-large size-large wp-image-5803\" alt=\"\" srcset=\"https:\/\/fondation-nicolasgigot.org\/wp-content\/uploads\/2025\/02\/20250107_150840-1024x570.jpg 1024w, https:\/\/fondation-nicolasgigot.org\/wp-content\/uploads\/2025\/02\/20250107_150840-300x167.jpg 300w, https:\/\/fondation-nicolasgigot.org\/wp-content\/uploads\/2025\/02\/20250107_150840-768x428.jpg 768w, https:\/\/fondation-nicolasgigot.org\/wp-content\/uploads\/2025\/02\/20250107_150840-1536x855.jpg 1536w, https:\/\/fondation-nicolasgigot.org\/wp-content\/uploads\/2025\/02\/20250107_150840-2048x1141.jpg 2048w, https:\/\/fondation-nicolasgigot.org\/wp-content\/uploads\/2025\/02\/20250107_150840-1320x735.jpg 1320w\" sizes=\"(max-width: 800px) 100vw, 800px\" \/>\t\t\t\t\t\t\t\t\t\t\t\t\t\t\t<\/div>\n\t\t\t\t<\/div>\n\t\t\t\t\t<\/div>\n\t\t<\/div>\n\t\t\t\t<div class=\"elementor-column elementor-col-50 elementor-inner-column elementor-element elementor-element-d9b7f1e\" data-id=\"d9b7f1e\" data-element_type=\"column\">\n\t\t\t<div class=\"elementor-widget-wrap elementor-element-populated\">\n\t\t\t\t\t\t<div class=\"elementor-element elementor-element-dcc48a0 elementor-widget elementor-widget-text-editor\" data-id=\"dcc48a0\" data-element_type=\"widget\" data-widget_type=\"text-editor.default\">\n\t\t\t\t<div class=\"elementor-widget-container\">\n\t\t\t\t\t\t\t\t\t<p>\ud83d\udc76 <strong>Unterst\u00fctzung der p\u00e4diatrischen Intensivpflege im Krankenhaus Les Bruy\u00e8res<\/strong>, um den Kindern die besten Heilungschancen zu geben.<\/p>\t\t\t\t\t\t\t\t<\/div>\n\t\t\t\t<\/div>\n\t\t\t\t\t<\/div>\n\t\t<\/div>\n\t\t\t\t\t<\/div>\n\t\t<\/section>\n\t\t\t\t<section class=\"elementor-section elementor-inner-section elementor-element elementor-element-1b86210 elementor-section-boxed elementor-section-height-default elementor-section-height-default\" data-id=\"1b86210\" data-element_type=\"section\">\n\t\t\t\t\t\t<div class=\"elementor-container elementor-column-gap-default\">\n\t\t\t\t\t<div class=\"elementor-column elementor-col-50 elementor-inner-column elementor-element elementor-element-9804a63\" data-id=\"9804a63\" data-element_type=\"column\">\n\t\t\t<div class=\"elementor-widget-wrap elementor-element-populated\">\n\t\t\t\t\t\t<div class=\"elementor-element elementor-element-2fa38f5 elementor-widget elementor-widget-text-editor\" data-id=\"2fa38f5\" data-element_type=\"widget\" data-widget_type=\"text-editor.default\">\n\t\t\t\t<div class=\"elementor-widget-container\">\n\t\t\t\t\t\t\t\t\t<p><strong>Und im Februar 2025 ein Flugzeug f\u00fcr das CHR Verviers.<\/strong><\/p>\t\t\t\t\t\t\t\t<\/div>\n\t\t\t\t<\/div>\n\t\t\t\t\t<\/div>\n\t\t<\/div>\n\t\t\t\t<div class=\"elementor-column elementor-col-50 elementor-inner-column elementor-element elementor-element-0a79e37\" data-id=\"0a79e37\" data-element_type=\"column\">\n\t\t\t<div class=\"elementor-widget-wrap elementor-element-populated\">\n\t\t\t\t\t\t<div class=\"elementor-element elementor-element-da2069f elementor-widget elementor-widget-image\" data-id=\"da2069f\" data-element_type=\"widget\" data-widget_type=\"image.default\">\n\t\t\t\t<div class=\"elementor-widget-container\">\n\t\t\t\t\t\t\t\t\t\t\t\t\t\t\t<img decoding=\"async\" width=\"800\" height=\"600\" src=\"https:\/\/fondation-nicolasgigot.org\/wp-content\/uploads\/2025\/02\/pro-YumyY0OT-1024x768.jpeg\" class=\"attachment-large size-large wp-image-5807\" alt=\"\" srcset=\"https:\/\/fondation-nicolasgigot.org\/wp-content\/uploads\/2025\/02\/pro-YumyY0OT-1024x768.jpeg 1024w, https:\/\/fondation-nicolasgigot.org\/wp-content\/uploads\/2025\/02\/pro-YumyY0OT-300x225.jpeg 300w, https:\/\/fondation-nicolasgigot.org\/wp-content\/uploads\/2025\/02\/pro-YumyY0OT-768x576.jpeg 768w, https:\/\/fondation-nicolasgigot.org\/wp-content\/uploads\/2025\/02\/pro-YumyY0OT-1536x1152.jpeg 1536w, https:\/\/fondation-nicolasgigot.org\/wp-content\/uploads\/2025\/02\/pro-YumyY0OT-2048x1537.jpeg 2048w, https:\/\/fondation-nicolasgigot.org\/wp-content\/uploads\/2025\/02\/pro-YumyY0OT-1320x990.jpeg 1320w\" sizes=\"(max-width: 800px) 100vw, 800px\" \/>\t\t\t\t\t\t\t\t\t\t\t\t\t\t\t<\/div>\n\t\t\t\t<\/div>\n\t\t\t\t\t<\/div>\n\t\t<\/div>\n\t\t\t\t\t<\/div>\n\t\t<\/section>\n\t\t\t\t\t<\/div>\n\t\t<\/div>\n\t\t\t\t\t<\/div>\n\t\t<\/section>\n\t\t\t\t<section class=\"elementor-section elementor-top-section elementor-element elementor-element-c66a080 elementor-section-boxed elementor-section-height-default elementor-section-height-default\" data-id=\"c66a080\" data-element_type=\"section\">\n\t\t\t\t\t\t<div class=\"elementor-container elementor-column-gap-default\">\n\t\t\t\t\t<div class=\"elementor-column elementor-col-100 elementor-top-column elementor-element elementor-element-847f7a4\" data-id=\"847f7a4\" data-element_type=\"column\">\n\t\t\t<div class=\"elementor-widget-wrap elementor-element-populated\">\n\t\t\t\t\t\t<div class=\"elementor-element elementor-element-581f7c3 elementor-widget elementor-widget-text-editor\" data-id=\"581f7c3\" data-element_type=\"widget\" data-widget_type=\"text-editor.default\">\n\t\t\t\t<div class=\"elementor-widget-container\">\n\t\t\t\t\t\t\t\t\t<p>Jede Geste z\u00e4hlt.  <strong>Gemeinsam brechen wir das Schweigen und er\u00f6ffnen neue Perspektiven.<\/strong><\/p><p>\ud83d\ude4f <strong>Vielen Dank f\u00fcr Ihr Engagement an unserer Seite.<\/strong><\/p><p>\u27a1\ufe0f <strong>Machen Sie weiterhin einen Unterschied: <a href=\"#\">Spenden Sie<\/a><\/strong><\/p>\t\t\t\t\t\t\t\t<\/div>\n\t\t\t\t<\/div>\n\t\t\t\t\t<\/div>\n\t\t<\/div>\n\t\t\t\t\t<\/div>\n\t\t<\/section>\n\t\t\t\t<\/div>\n\t\t","protected":false},"excerpt":{"rendered":"<p>Mit Ihrer Hilfe verleihen wir Stimme und Fl\u00fcgel! Jede Spende, die wir erhalten, ist ein Funke der Hoffnung f\u00fcr diejenigen, die es am meisten brauchen. Dank Ihrer Gro\u00dfz\u00fcgigkeit konnten wir k\u00fcrzlich : \ud83c\udfe5 Bereitstellung eines TOBI-Ger\u00e4ts f\u00fcr das Sart-Tilman-Krankenhaus, das Patienten mit Kommunikationsproblemen wieder eine Stimme verleiht. \ud83d\udc76 Unterst\u00fctzung der p\u00e4diatrischen Intensivpflege im Krankenhaus Les [&hellip;]<\/p>\n","protected":false},"author":1,"featured_media":5807,"comment_status":"open","ping_status":"open","sticky":false,"template":"","format":"standard","meta":{"_acf_changed":false,"give_campaign_id":0,"footnotes":""},"categories":[78],"tags":[],"class_list":["post-5890","post","type-post","status-publish","format-standard","has-post-thumbnail","hentry","category-nachrichten"],"acf":[],"yoast_head":"<!-- This site is optimized with the Yoast SEO plugin v25.1 - https:\/\/yoast.com\/wordpress\/plugins\/seo\/ -->\n<title>24 JAHRE - Fondation Nicolas Gigot<\/title>\n<meta name=\"robots\" content=\"index, follow, max-snippet:-1, max-image-preview:large, max-video-preview:-1\" \/>\n<link rel=\"canonical\" href=\"https:\/\/fondation-nicolasgigot.org\/de\/24-jahre\/\" \/>\n<meta property=\"og:locale\" content=\"de_DE\" \/>\n<meta property=\"og:type\" content=\"article\" \/>\n<meta property=\"og:title\" content=\"24 JAHRE - Fondation Nicolas Gigot\" \/>\n<meta property=\"og:description\" content=\"Mit Ihrer Hilfe verleihen wir Stimme und Fl\u00fcgel! Jede Spende, die wir erhalten, ist ein Funke der Hoffnung f\u00fcr diejenigen, die es am meisten brauchen. Dank Ihrer Gro\u00dfz\u00fcgigkeit konnten wir k\u00fcrzlich : \ud83c\udfe5 Bereitstellung eines TOBI-Ger\u00e4ts f\u00fcr das Sart-Tilman-Krankenhaus, das Patienten mit Kommunikationsproblemen wieder eine Stimme verleiht. \ud83d\udc76 Unterst\u00fctzung der p\u00e4diatrischen Intensivpflege im Krankenhaus Les [&hellip;]\" \/>\n<meta property=\"og:url\" content=\"https:\/\/fondation-nicolasgigot.org\/de\/24-jahre\/\" \/>\n<meta property=\"og:site_name\" content=\"Fondation Nicolas Gigot\" \/>\n<meta property=\"article:published_time\" content=\"2025-02-25T14:58:43+00:00\" \/>\n<meta property=\"article:modified_time\" content=\"2025-04-22T14:04:12+00:00\" \/>\n<meta property=\"og:image\" content=\"https:\/\/fondation-nicolasgigot.org\/wp-content\/uploads\/2025\/02\/pro-YumyY0OT-scaled.jpeg\" \/>\n\t<meta property=\"og:image:width\" content=\"2560\" \/>\n\t<meta property=\"og:image:height\" content=\"1921\" \/>\n\t<meta property=\"og:image:type\" content=\"image\/jpeg\" \/>\n<meta name=\"author\" content=\"pid\" \/>\n<meta name=\"twitter:card\" content=\"summary_large_image\" \/>\n<meta name=\"twitter:label1\" content=\"Verfasst von\" \/>\n\t<meta name=\"twitter:data1\" content=\"pid\" \/>\n\t<meta name=\"twitter:label2\" content=\"Gesch\u00e4tzte Lesezeit\" \/>\n\t<meta name=\"twitter:data2\" content=\"1\u00a0Minute\" \/>\n<script type=\"application\/ld+json\" class=\"yoast-schema-graph\">{\"@context\":\"https:\/\/schema.org\",\"@graph\":[{\"@type\":\"Article\",\"@id\":\"https:\/\/fondation-nicolasgigot.org\/de\/24-jahre\/#article\",\"isPartOf\":{\"@id\":\"https:\/\/fondation-nicolasgigot.org\/de\/24-jahre\/\"},\"author\":{\"name\":\"pid\",\"@id\":\"https:\/\/fondation-nicolasgigot.org\/de\/#\/schema\/person\/6aa0993efaa969fa98d6a15110a3c12e\"},\"headline\":\"24 JAHRE\",\"datePublished\":\"2025-02-25T14:58:43+00:00\",\"dateModified\":\"2025-04-22T14:04:12+00:00\",\"mainEntityOfPage\":{\"@id\":\"https:\/\/fondation-nicolasgigot.org\/de\/24-jahre\/\"},\"wordCount\":112,\"commentCount\":0,\"publisher\":{\"@id\":\"https:\/\/fondation-nicolasgigot.org\/de\/#organization\"},\"image\":{\"@id\":\"https:\/\/fondation-nicolasgigot.org\/de\/24-jahre\/#primaryimage\"},\"thumbnailUrl\":\"https:\/\/fondation-nicolasgigot.org\/wp-content\/uploads\/2025\/02\/pro-YumyY0OT-scaled.jpeg\",\"articleSection\":[\"Nachrichten\"],\"inLanguage\":\"de\",\"potentialAction\":[{\"@type\":\"CommentAction\",\"name\":\"Comment\",\"target\":[\"https:\/\/fondation-nicolasgigot.org\/de\/24-jahre\/#respond\"]}]},{\"@type\":\"WebPage\",\"@id\":\"https:\/\/fondation-nicolasgigot.org\/de\/24-jahre\/\",\"url\":\"https:\/\/fondation-nicolasgigot.org\/de\/24-jahre\/\",\"name\":\"24 JAHRE - Fondation Nicolas Gigot\",\"isPartOf\":{\"@id\":\"https:\/\/fondation-nicolasgigot.org\/de\/#website\"},\"primaryImageOfPage\":{\"@id\":\"https:\/\/fondation-nicolasgigot.org\/de\/24-jahre\/#primaryimage\"},\"image\":{\"@id\":\"https:\/\/fondation-nicolasgigot.org\/de\/24-jahre\/#primaryimage\"},\"thumbnailUrl\":\"https:\/\/fondation-nicolasgigot.org\/wp-content\/uploads\/2025\/02\/pro-YumyY0OT-scaled.jpeg\",\"datePublished\":\"2025-02-25T14:58:43+00:00\",\"dateModified\":\"2025-04-22T14:04:12+00:00\",\"breadcrumb\":{\"@id\":\"https:\/\/fondation-nicolasgigot.org\/de\/24-jahre\/#breadcrumb\"},\"inLanguage\":\"de\",\"potentialAction\":[{\"@type\":\"ReadAction\",\"target\":[\"https:\/\/fondation-nicolasgigot.org\/de\/24-jahre\/\"]}]},{\"@type\":\"ImageObject\",\"inLanguage\":\"de\",\"@id\":\"https:\/\/fondation-nicolasgigot.org\/de\/24-jahre\/#primaryimage\",\"url\":\"https:\/\/fondation-nicolasgigot.org\/wp-content\/uploads\/2025\/02\/pro-YumyY0OT-scaled.jpeg\",\"contentUrl\":\"https:\/\/fondation-nicolasgigot.org\/wp-content\/uploads\/2025\/02\/pro-YumyY0OT-scaled.jpeg\",\"width\":2560,\"height\":1921},{\"@type\":\"BreadcrumbList\",\"@id\":\"https:\/\/fondation-nicolasgigot.org\/de\/24-jahre\/#breadcrumb\",\"itemListElement\":[{\"@type\":\"ListItem\",\"position\":1,\"name\":\"Accueil\",\"item\":\"https:\/\/fondation-nicolasgigot.org\/de\/\"},{\"@type\":\"ListItem\",\"position\":2,\"name\":\"24 JAHRE\"}]},{\"@type\":\"WebSite\",\"@id\":\"https:\/\/fondation-nicolasgigot.org\/de\/#website\",\"url\":\"https:\/\/fondation-nicolasgigot.org\/de\/\",\"name\":\"Fondation Nicolas Gigot\",\"description\":\"\",\"publisher\":{\"@id\":\"https:\/\/fondation-nicolasgigot.org\/de\/#organization\"},\"potentialAction\":[{\"@type\":\"SearchAction\",\"target\":{\"@type\":\"EntryPoint\",\"urlTemplate\":\"https:\/\/fondation-nicolasgigot.org\/de\/?s={search_term_string}\"},\"query-input\":{\"@type\":\"PropertyValueSpecification\",\"valueRequired\":true,\"valueName\":\"search_term_string\"}}],\"inLanguage\":\"de\"},{\"@type\":\"Organization\",\"@id\":\"https:\/\/fondation-nicolasgigot.org\/de\/#organization\",\"name\":\"Fondation Nicolas Gigot\",\"url\":\"https:\/\/fondation-nicolasgigot.org\/de\/\",\"logo\":{\"@type\":\"ImageObject\",\"inLanguage\":\"de\",\"@id\":\"https:\/\/fondation-nicolasgigot.org\/de\/#\/schema\/logo\/image\/\",\"url\":\"https:\/\/fondation-nicolasgigot.org\/wp-content\/uploads\/2021\/04\/Groupe-32.svg\",\"contentUrl\":\"https:\/\/fondation-nicolasgigot.org\/wp-content\/uploads\/2021\/04\/Groupe-32.svg\",\"width\":1,\"height\":1,\"caption\":\"Fondation Nicolas Gigot\"},\"image\":{\"@id\":\"https:\/\/fondation-nicolasgigot.org\/de\/#\/schema\/logo\/image\/\"}},{\"@type\":\"Person\",\"@id\":\"https:\/\/fondation-nicolasgigot.org\/de\/#\/schema\/person\/6aa0993efaa969fa98d6a15110a3c12e\",\"name\":\"pid\",\"image\":{\"@type\":\"ImageObject\",\"inLanguage\":\"de\",\"@id\":\"https:\/\/fondation-nicolasgigot.org\/de\/#\/schema\/person\/image\/\",\"url\":\"https:\/\/secure.gravatar.com\/avatar\/b11c5fd468509b88a1b55672e2b113e08d3e41a2142b3b76328dc14c79eb6a84?s=96&d=mm&r=g\",\"contentUrl\":\"https:\/\/secure.gravatar.com\/avatar\/b11c5fd468509b88a1b55672e2b113e08d3e41a2142b3b76328dc14c79eb6a84?s=96&d=mm&r=g\",\"caption\":\"pid\"},\"sameAs\":[\"https:\/\/ns332467.ip-37-187-254.eu\/~nicolasgigot\"]}]}<\/script>\n<!-- \/ Yoast SEO plugin. -->","yoast_head_json":{"title":"24 JAHRE - Fondation Nicolas Gigot","robots":{"index":"index","follow":"follow","max-snippet":"max-snippet:-1","max-image-preview":"max-image-preview:large","max-video-preview":"max-video-preview:-1"},"canonical":"https:\/\/fondation-nicolasgigot.org\/de\/24-jahre\/","og_locale":"de_DE","og_type":"article","og_title":"24 JAHRE - Fondation Nicolas Gigot","og_description":"Mit Ihrer Hilfe verleihen wir Stimme und Fl\u00fcgel! Jede Spende, die wir erhalten, ist ein Funke der Hoffnung f\u00fcr diejenigen, die es am meisten brauchen. Dank Ihrer Gro\u00dfz\u00fcgigkeit konnten wir k\u00fcrzlich : \ud83c\udfe5 Bereitstellung eines TOBI-Ger\u00e4ts f\u00fcr das Sart-Tilman-Krankenhaus, das Patienten mit Kommunikationsproblemen wieder eine Stimme verleiht. \ud83d\udc76 Unterst\u00fctzung der p\u00e4diatrischen Intensivpflege im Krankenhaus Les [&hellip;]","og_url":"https:\/\/fondation-nicolasgigot.org\/de\/24-jahre\/","og_site_name":"Fondation Nicolas Gigot","article_published_time":"2025-02-25T14:58:43+00:00","article_modified_time":"2025-04-22T14:04:12+00:00","og_image":[{"width":2560,"height":1921,"url":"https:\/\/fondation-nicolasgigot.org\/wp-content\/uploads\/2025\/02\/pro-YumyY0OT-scaled.jpeg","type":"image\/jpeg"}],"author":"pid","twitter_card":"summary_large_image","twitter_misc":{"Verfasst von":"pid","Gesch\u00e4tzte Lesezeit":"1\u00a0Minute"},"schema":{"@context":"https:\/\/schema.org","@graph":[{"@type":"Article","@id":"https:\/\/fondation-nicolasgigot.org\/de\/24-jahre\/#article","isPartOf":{"@id":"https:\/\/fondation-nicolasgigot.org\/de\/24-jahre\/"},"author":{"name":"pid","@id":"https:\/\/fondation-nicolasgigot.org\/de\/#\/schema\/person\/6aa0993efaa969fa98d6a15110a3c12e"},"headline":"24 JAHRE","datePublished":"2025-02-25T14:58:43+00:00","dateModified":"2025-04-22T14:04:12+00:00","mainEntityOfPage":{"@id":"https:\/\/fondation-nicolasgigot.org\/de\/24-jahre\/"},"wordCount":112,"commentCount":0,"publisher":{"@id":"https:\/\/fondation-nicolasgigot.org\/de\/#organization"},"image":{"@id":"https:\/\/fondation-nicolasgigot.org\/de\/24-jahre\/#primaryimage"},"thumbnailUrl":"https:\/\/fondation-nicolasgigot.org\/wp-content\/uploads\/2025\/02\/pro-YumyY0OT-scaled.jpeg","articleSection":["Nachrichten"],"inLanguage":"de","potentialAction":[{"@type":"CommentAction","name":"Comment","target":["https:\/\/fondation-nicolasgigot.org\/de\/24-jahre\/#respond"]}]},{"@type":"WebPage","@id":"https:\/\/fondation-nicolasgigot.org\/de\/24-jahre\/","url":"https:\/\/fondation-nicolasgigot.org\/de\/24-jahre\/","name":"24 JAHRE - Fondation Nicolas Gigot","isPartOf":{"@id":"https:\/\/fondation-nicolasgigot.org\/de\/#website"},"primaryImageOfPage":{"@id":"https:\/\/fondation-nicolasgigot.org\/de\/24-jahre\/#primaryimage"},"image":{"@id":"https:\/\/fondation-nicolasgigot.org\/de\/24-jahre\/#primaryimage"},"thumbnailUrl":"https:\/\/fondation-nicolasgigot.org\/wp-content\/uploads\/2025\/02\/pro-YumyY0OT-scaled.jpeg","datePublished":"2025-02-25T14:58:43+00:00","dateModified":"2025-04-22T14:04:12+00:00","breadcrumb":{"@id":"https:\/\/fondation-nicolasgigot.org\/de\/24-jahre\/#breadcrumb"},"inLanguage":"de","potentialAction":[{"@type":"ReadAction","target":["https:\/\/fondation-nicolasgigot.org\/de\/24-jahre\/"]}]},{"@type":"ImageObject","inLanguage":"de","@id":"https:\/\/fondation-nicolasgigot.org\/de\/24-jahre\/#primaryimage","url":"https:\/\/fondation-nicolasgigot.org\/wp-content\/uploads\/2025\/02\/pro-YumyY0OT-scaled.jpeg","contentUrl":"https:\/\/fondation-nicolasgigot.org\/wp-content\/uploads\/2025\/02\/pro-YumyY0OT-scaled.jpeg","width":2560,"height":1921},{"@type":"BreadcrumbList","@id":"https:\/\/fondation-nicolasgigot.org\/de\/24-jahre\/#breadcrumb","itemListElement":[{"@type":"ListItem","position":1,"name":"Accueil","item":"https:\/\/fondation-nicolasgigot.org\/de\/"},{"@type":"ListItem","position":2,"name":"24 JAHRE"}]},{"@type":"WebSite","@id":"https:\/\/fondation-nicolasgigot.org\/de\/#website","url":"https:\/\/fondation-nicolasgigot.org\/de\/","name":"Fondation Nicolas Gigot","description":"","publisher":{"@id":"https:\/\/fondation-nicolasgigot.org\/de\/#organization"},"potentialAction":[{"@type":"SearchAction","target":{"@type":"EntryPoint","urlTemplate":"https:\/\/fondation-nicolasgigot.org\/de\/?s={search_term_string}"},"query-input":{"@type":"PropertyValueSpecification","valueRequired":true,"valueName":"search_term_string"}}],"inLanguage":"de"},{"@type":"Organization","@id":"https:\/\/fondation-nicolasgigot.org\/de\/#organization","name":"Fondation Nicolas Gigot","url":"https:\/\/fondation-nicolasgigot.org\/de\/","logo":{"@type":"ImageObject","inLanguage":"de","@id":"https:\/\/fondation-nicolasgigot.org\/de\/#\/schema\/logo\/image\/","url":"https:\/\/fondation-nicolasgigot.org\/wp-content\/uploads\/2021\/04\/Groupe-32.svg","contentUrl":"https:\/\/fondation-nicolasgigot.org\/wp-content\/uploads\/2021\/04\/Groupe-32.svg","width":1,"height":1,"caption":"Fondation Nicolas Gigot"},"image":{"@id":"https:\/\/fondation-nicolasgigot.org\/de\/#\/schema\/logo\/image\/"}},{"@type":"Person","@id":"https:\/\/fondation-nicolasgigot.org\/de\/#\/schema\/person\/6aa0993efaa969fa98d6a15110a3c12e","name":"pid","image":{"@type":"ImageObject","inLanguage":"de","@id":"https:\/\/fondation-nicolasgigot.org\/de\/#\/schema\/person\/image\/","url":"https:\/\/secure.gravatar.com\/avatar\/b11c5fd468509b88a1b55672e2b113e08d3e41a2142b3b76328dc14c79eb6a84?s=96&d=mm&r=g","contentUrl":"https:\/\/secure.gravatar.com\/avatar\/b11c5fd468509b88a1b55672e2b113e08d3e41a2142b3b76328dc14c79eb6a84?s=96&d=mm&r=g","caption":"pid"},"sameAs":["https:\/\/ns332467.ip-37-187-254.eu\/~nicolasgigot"]}]}},"_links":{"self":[{"href":"https:\/\/fondation-nicolasgigot.org\/de\/wp-json\/wp\/v2\/posts\/5890","targetHints":{"allow":["GET"]}}],"collection":[{"href":"https:\/\/fondation-nicolasgigot.org\/de\/wp-json\/wp\/v2\/posts"}],"about":[{"href":"https:\/\/fondation-nicolasgigot.org\/de\/wp-json\/wp\/v2\/types\/post"}],"author":[{"embeddable":true,"href":"https:\/\/fondation-nicolasgigot.org\/de\/wp-json\/wp\/v2\/users\/1"}],"replies":[{"embeddable":true,"href":"https:\/\/fondation-nicolasgigot.org\/de\/wp-json\/wp\/v2\/comments?post=5890"}],"version-history":[{"count":1,"href":"https:\/\/fondation-nicolasgigot.org\/de\/wp-json\/wp\/v2\/posts\/5890\/revisions"}],"predecessor-version":[{"id":5891,"href":"https:\/\/fondation-nicolasgigot.org\/de\/wp-json\/wp\/v2\/posts\/5890\/revisions\/5891"}],"wp:featuredmedia":[{"embeddable":true,"href":"https:\/\/fondation-nicolasgigot.org\/de\/wp-json\/wp\/v2\/media\/5807"}],"wp:attachment":[{"href":"https:\/\/fondation-nicolasgigot.org\/de\/wp-json\/wp\/v2\/media?parent=5890"}],"wp:term":[{"taxonomy":"category","embeddable":true,"href":"https:\/\/fondation-nicolasgigot.org\/de\/wp-json\/wp\/v2\/categories?post=5890"},{"taxonomy":"post_tag","embeddable":true,"href":"https:\/\/fondation-nicolasgigot.org\/de\/wp-json\/wp\/v2\/tags?post=5890"}],"curies":[{"name":"wp","href":"https:\/\/api.w.org\/{rel}","templated":true}]}}