{"id":5902,"date":"2025-02-26T16:06:18","date_gmt":"2025-02-26T15:06:18","guid":{"rendered":"https:\/\/fondation-nicolasgigot.org\/ich-habe-deine-tuer-geoeffnet\/"},"modified":"2025-02-26T16:06:18","modified_gmt":"2025-02-26T15:06:18","slug":"ich-habe-deine-tuer-geoeffnet","status":"publish","type":"post","link":"https:\/\/fondation-nicolasgigot.org\/de\/ich-habe-deine-tuer-geoeffnet\/","title":{"rendered":"Ich habe deine T\u00fcr ge\u00f6ffnet"},"content":{"rendered":"<p>Ich \u00f6ffnete die T\u00fcr zu deinem Zimmer, als ob ich dich dort finden w\u00fcrde.<\/p>\n<p>Als ob du wie durch ein Wunder immer noch da w\u00e4rst, auf deinem gro\u00dfen Bett l\u00fcmmelnd, mit schelmischem Blick, bereit, mir mit diesem kleinen Grinsen im Gesicht zuzurufen: \u201eEh oui, je se pr\u00e9lasse encore, maman &#8230;\u201c.<\/p>\n<p>F\u00fcr ein paar Sekunden war alles wieder da: das Chaos in deinem Zimmer, deine eklektische Einrichtung, dieses fr\u00f6hliche Chaos, das dich so sehr pr\u00e4sentiert.<\/p>\n<p>Ich dachte fast, ich k\u00f6nnte dich sehen, dich atmen h\u00f6ren, deine Anwesenheit sp\u00fcren &#8230; Dann holte mich die Stimme deines kleinen Bruders in die Realit\u00e4t zur\u00fcck. Dein kleiner Bruder &#8230; der in sechs Wochen 19 Jahre alt wird. <\/p>\n<p>Dein Alter f\u00fcr immer eingefroren. Ich wollte dir eine Neuigkeit mitteilen. <\/p>\n<p>Bruno, dein Freund &#8211; Teddyb\u00e4r f\u00fcr die engsten Freunde &#8211; wird Vater.<\/p>\n<p>Und sofort brachten mich die Erinnerungen an den 9. Juli 2020 zur\u00fcck&#8230; Der Tag, an dem wir mit Bruno, Math\u00e9o, Largo und Paulo am Ufer der Rh\u00f4ne in Lyon sa\u00dfen und versuchten, die Angst zu vergessen, die an uns nagte.<\/p>\n<p>Wir lachten, machten Witze \u00fcber deinen zuk\u00fcnftigen Rollstuhl und stellten uns vor, wie du mit deinem Kind gegen Fahrr\u00e4der antrittst.<\/p>\n<p>Die Wahl des Paten war sogar zu einer ernsten Angelegenheit geworden, eine hitzige Diskussion, die in einer Schl\u00e4gerei zwischen Bruno und Paulo endete.<\/p>\n<p>Schlie\u00dflich hatten Fany und ich uns f\u00fcr dich entschieden: Es sollte Largo sein.<\/p>\n<p>Aber dieses Lachen und diese Leichtigkeit, verbargen unseren Schmerz.<\/p>\n<p>Wir versuchten verzweifelt, so zu tun, als w\u00e4re alles normal, w\u00e4hrend du genau in diesem Moment im Operationssaal warst und eine Tortur durchmachst, die niemand durchmachen sollte; die Amputation deines zweiten Beins!<\/p>\n<p>Wenn das Leben anders entschieden h\u00e4tte, bin ich mir sicher, dass Bruno dich als Patenonkel f\u00fcr sein Kind ausgew\u00e4hlt h\u00e4tte.<\/p>\n<p>Ich schloss die T\u00fcr zu deinem Zimmer und lie\u00df diese s\u00fc\u00dfen und zugleich grausamen Erinnerungen hinter mir.<\/p>\n<p>Aber dieses Mal l\u00e4chelte ich. Weil das Leben weitergeht, auch wenn es das anders macht als erwartet. <\/p>\n<p>Denn an diesem 26. Februar w\u00e4rst du 24 Jahre alt geworden &#8230; aber f\u00fcr mich bist du immer noch dieser 19-j\u00e4hrige Junge, der ewig in der Zeit eingefroren ist.<\/p>\n<p>Ich liebe dich, mein Sohn.<\/p>\n<p>Mutter.<\/p>\n<p><a href=\"https:\/\/fondation-nicolasgigot.org\/wp-content\/uploads\/2025\/02\/20250225_174605.jpg\"><img fetchpriority=\"high\" decoding=\"async\" class=\"alignnone size-full wp-image-5808\" src=\"https:\/\/fondation-nicolasgigot.org\/wp-content\/uploads\/2025\/02\/20250225_174605.jpg\" alt=\"\" width=\"672\" height=\"515\" srcset=\"https:\/\/fondation-nicolasgigot.org\/wp-content\/uploads\/2025\/02\/20250225_174605.jpg 672w, https:\/\/fondation-nicolasgigot.org\/wp-content\/uploads\/2025\/02\/20250225_174605-300x230.jpg 300w\" sizes=\"(max-width: 672px) 100vw, 672px\" \/><\/a><\/p>\n","protected":false},"excerpt":{"rendered":"<p>Ich \u00f6ffnete die T\u00fcr zu deinem Zimmer, als ob ich dich dort finden w\u00fcrde. Als ob du wie durch ein Wunder immer noch da w\u00e4rst, auf deinem gro\u00dfen Bett l\u00fcmmelnd, mit schelmischem Blick, bereit, mir mit diesem kleinen Grinsen im Gesicht zuzurufen: \u201eEh oui, je se pr\u00e9lasse encore, maman &#8230;\u201c. F\u00fcr ein paar Sekunden war [&hellip;]<\/p>\n","protected":false},"author":1,"featured_media":5811,"comment_status":"open","ping_status":"open","sticky":false,"template":"","format":"standard","meta":{"_acf_changed":false,"give_campaign_id":0,"footnotes":""},"categories":[78],"tags":[],"class_list":["post-5902","post","type-post","status-publish","format-standard","has-post-thumbnail","hentry","category-nachrichten"],"acf":[],"yoast_head":"<!-- This site is optimized with the Yoast SEO plugin v25.1 - https:\/\/yoast.com\/wordpress\/plugins\/seo\/ -->\n<title>Ich habe deine T\u00fcr ge\u00f6ffnet - Fondation Nicolas Gigot<\/title>\n<meta name=\"robots\" content=\"index, follow, max-snippet:-1, max-image-preview:large, max-video-preview:-1\" \/>\n<link rel=\"canonical\" href=\"https:\/\/fondation-nicolasgigot.org\/de\/ich-habe-deine-tuer-geoeffnet\/\" \/>\n<meta property=\"og:locale\" content=\"de_DE\" \/>\n<meta property=\"og:type\" content=\"article\" \/>\n<meta property=\"og:title\" content=\"Ich habe deine T\u00fcr ge\u00f6ffnet - Fondation Nicolas Gigot\" \/>\n<meta property=\"og:description\" content=\"Ich \u00f6ffnete die T\u00fcr zu deinem Zimmer, als ob ich dich dort finden w\u00fcrde. Als ob du wie durch ein Wunder immer noch da w\u00e4rst, auf deinem gro\u00dfen Bett l\u00fcmmelnd, mit schelmischem Blick, bereit, mir mit diesem kleinen Grinsen im Gesicht zuzurufen: \u201eEh oui, je se pr\u00e9lasse encore, maman &#8230;\u201c. F\u00fcr ein paar Sekunden war [&hellip;]\" \/>\n<meta property=\"og:url\" content=\"https:\/\/fondation-nicolasgigot.org\/de\/ich-habe-deine-tuer-geoeffnet\/\" \/>\n<meta property=\"og:site_name\" content=\"Fondation Nicolas Gigot\" \/>\n<meta property=\"article:published_time\" content=\"2025-02-26T15:06:18+00:00\" \/>\n<meta property=\"og:image\" content=\"https:\/\/fondation-nicolasgigot.org\/wp-content\/uploads\/2025\/02\/20250225_174605.jpg\" \/>\n\t<meta property=\"og:image:width\" content=\"672\" \/>\n\t<meta property=\"og:image:height\" content=\"515\" \/>\n\t<meta property=\"og:image:type\" content=\"image\/jpeg\" \/>\n<meta name=\"author\" content=\"pid\" \/>\n<meta name=\"twitter:card\" content=\"summary_large_image\" \/>\n<meta name=\"twitter:label1\" content=\"Verfasst von\" \/>\n\t<meta name=\"twitter:data1\" content=\"pid\" \/>\n\t<meta name=\"twitter:label2\" content=\"Gesch\u00e4tzte Lesezeit\" \/>\n\t<meta name=\"twitter:data2\" content=\"2\u00a0Minuten\" \/>\n<script type=\"application\/ld+json\" class=\"yoast-schema-graph\">{\"@context\":\"https:\/\/schema.org\",\"@graph\":[{\"@type\":\"Article\",\"@id\":\"https:\/\/fondation-nicolasgigot.org\/de\/ich-habe-deine-tuer-geoeffnet\/#article\",\"isPartOf\":{\"@id\":\"https:\/\/fondation-nicolasgigot.org\/de\/ich-habe-deine-tuer-geoeffnet\/\"},\"author\":{\"name\":\"pid\",\"@id\":\"https:\/\/fondation-nicolasgigot.org\/de\/#\/schema\/person\/6aa0993efaa969fa98d6a15110a3c12e\"},\"headline\":\"Ich habe deine T\u00fcr ge\u00f6ffnet\",\"datePublished\":\"2025-02-26T15:06:18+00:00\",\"mainEntityOfPage\":{\"@id\":\"https:\/\/fondation-nicolasgigot.org\/de\/ich-habe-deine-tuer-geoeffnet\/\"},\"wordCount\":397,\"commentCount\":0,\"publisher\":{\"@id\":\"https:\/\/fondation-nicolasgigot.org\/de\/#organization\"},\"image\":{\"@id\":\"https:\/\/fondation-nicolasgigot.org\/de\/ich-habe-deine-tuer-geoeffnet\/#primaryimage\"},\"thumbnailUrl\":\"https:\/\/fondation-nicolasgigot.org\/wp-content\/uploads\/2025\/02\/20250225_174605.jpg\",\"articleSection\":[\"Nachrichten\"],\"inLanguage\":\"de\",\"potentialAction\":[{\"@type\":\"CommentAction\",\"name\":\"Comment\",\"target\":[\"https:\/\/fondation-nicolasgigot.org\/de\/ich-habe-deine-tuer-geoeffnet\/#respond\"]}]},{\"@type\":\"WebPage\",\"@id\":\"https:\/\/fondation-nicolasgigot.org\/de\/ich-habe-deine-tuer-geoeffnet\/\",\"url\":\"https:\/\/fondation-nicolasgigot.org\/de\/ich-habe-deine-tuer-geoeffnet\/\",\"name\":\"Ich habe deine T\u00fcr ge\u00f6ffnet - Fondation Nicolas Gigot\",\"isPartOf\":{\"@id\":\"https:\/\/fondation-nicolasgigot.org\/de\/#website\"},\"primaryImageOfPage\":{\"@id\":\"https:\/\/fondation-nicolasgigot.org\/de\/ich-habe-deine-tuer-geoeffnet\/#primaryimage\"},\"image\":{\"@id\":\"https:\/\/fondation-nicolasgigot.org\/de\/ich-habe-deine-tuer-geoeffnet\/#primaryimage\"},\"thumbnailUrl\":\"https:\/\/fondation-nicolasgigot.org\/wp-content\/uploads\/2025\/02\/20250225_174605.jpg\",\"datePublished\":\"2025-02-26T15:06:18+00:00\",\"breadcrumb\":{\"@id\":\"https:\/\/fondation-nicolasgigot.org\/de\/ich-habe-deine-tuer-geoeffnet\/#breadcrumb\"},\"inLanguage\":\"de\",\"potentialAction\":[{\"@type\":\"ReadAction\",\"target\":[\"https:\/\/fondation-nicolasgigot.org\/de\/ich-habe-deine-tuer-geoeffnet\/\"]}]},{\"@type\":\"ImageObject\",\"inLanguage\":\"de\",\"@id\":\"https:\/\/fondation-nicolasgigot.org\/de\/ich-habe-deine-tuer-geoeffnet\/#primaryimage\",\"url\":\"https:\/\/fondation-nicolasgigot.org\/wp-content\/uploads\/2025\/02\/20250225_174605.jpg\",\"contentUrl\":\"https:\/\/fondation-nicolasgigot.org\/wp-content\/uploads\/2025\/02\/20250225_174605.jpg\",\"width\":672,\"height\":515},{\"@type\":\"BreadcrumbList\",\"@id\":\"https:\/\/fondation-nicolasgigot.org\/de\/ich-habe-deine-tuer-geoeffnet\/#breadcrumb\",\"itemListElement\":[{\"@type\":\"ListItem\",\"position\":1,\"name\":\"Accueil\",\"item\":\"https:\/\/fondation-nicolasgigot.org\/de\/\"},{\"@type\":\"ListItem\",\"position\":2,\"name\":\"Ich habe deine T\u00fcr ge\u00f6ffnet\"}]},{\"@type\":\"WebSite\",\"@id\":\"https:\/\/fondation-nicolasgigot.org\/de\/#website\",\"url\":\"https:\/\/fondation-nicolasgigot.org\/de\/\",\"name\":\"Fondation Nicolas Gigot\",\"description\":\"\",\"publisher\":{\"@id\":\"https:\/\/fondation-nicolasgigot.org\/de\/#organization\"},\"potentialAction\":[{\"@type\":\"SearchAction\",\"target\":{\"@type\":\"EntryPoint\",\"urlTemplate\":\"https:\/\/fondation-nicolasgigot.org\/de\/?s={search_term_string}\"},\"query-input\":{\"@type\":\"PropertyValueSpecification\",\"valueRequired\":true,\"valueName\":\"search_term_string\"}}],\"inLanguage\":\"de\"},{\"@type\":\"Organization\",\"@id\":\"https:\/\/fondation-nicolasgigot.org\/de\/#organization\",\"name\":\"Fondation Nicolas Gigot\",\"url\":\"https:\/\/fondation-nicolasgigot.org\/de\/\",\"logo\":{\"@type\":\"ImageObject\",\"inLanguage\":\"de\",\"@id\":\"https:\/\/fondation-nicolasgigot.org\/de\/#\/schema\/logo\/image\/\",\"url\":\"https:\/\/fondation-nicolasgigot.org\/wp-content\/uploads\/2021\/04\/Groupe-32.svg\",\"contentUrl\":\"https:\/\/fondation-nicolasgigot.org\/wp-content\/uploads\/2021\/04\/Groupe-32.svg\",\"width\":1,\"height\":1,\"caption\":\"Fondation Nicolas Gigot\"},\"image\":{\"@id\":\"https:\/\/fondation-nicolasgigot.org\/de\/#\/schema\/logo\/image\/\"}},{\"@type\":\"Person\",\"@id\":\"https:\/\/fondation-nicolasgigot.org\/de\/#\/schema\/person\/6aa0993efaa969fa98d6a15110a3c12e\",\"name\":\"pid\",\"image\":{\"@type\":\"ImageObject\",\"inLanguage\":\"de\",\"@id\":\"https:\/\/fondation-nicolasgigot.org\/de\/#\/schema\/person\/image\/\",\"url\":\"https:\/\/secure.gravatar.com\/avatar\/b11c5fd468509b88a1b55672e2b113e08d3e41a2142b3b76328dc14c79eb6a84?s=96&d=mm&r=g\",\"contentUrl\":\"https:\/\/secure.gravatar.com\/avatar\/b11c5fd468509b88a1b55672e2b113e08d3e41a2142b3b76328dc14c79eb6a84?s=96&d=mm&r=g\",\"caption\":\"pid\"},\"sameAs\":[\"https:\/\/ns332467.ip-37-187-254.eu\/~nicolasgigot\"]}]}<\/script>\n<!-- \/ Yoast SEO plugin. -->","yoast_head_json":{"title":"Ich habe deine T\u00fcr ge\u00f6ffnet - Fondation Nicolas Gigot","robots":{"index":"index","follow":"follow","max-snippet":"max-snippet:-1","max-image-preview":"max-image-preview:large","max-video-preview":"max-video-preview:-1"},"canonical":"https:\/\/fondation-nicolasgigot.org\/de\/ich-habe-deine-tuer-geoeffnet\/","og_locale":"de_DE","og_type":"article","og_title":"Ich habe deine T\u00fcr ge\u00f6ffnet - Fondation Nicolas Gigot","og_description":"Ich \u00f6ffnete die T\u00fcr zu deinem Zimmer, als ob ich dich dort finden w\u00fcrde. Als ob du wie durch ein Wunder immer noch da w\u00e4rst, auf deinem gro\u00dfen Bett l\u00fcmmelnd, mit schelmischem Blick, bereit, mir mit diesem kleinen Grinsen im Gesicht zuzurufen: \u201eEh oui, je se pr\u00e9lasse encore, maman &#8230;\u201c. F\u00fcr ein paar Sekunden war [&hellip;]","og_url":"https:\/\/fondation-nicolasgigot.org\/de\/ich-habe-deine-tuer-geoeffnet\/","og_site_name":"Fondation Nicolas Gigot","article_published_time":"2025-02-26T15:06:18+00:00","og_image":[{"width":672,"height":515,"url":"https:\/\/fondation-nicolasgigot.org\/wp-content\/uploads\/2025\/02\/20250225_174605.jpg","type":"image\/jpeg"}],"author":"pid","twitter_card":"summary_large_image","twitter_misc":{"Verfasst von":"pid","Gesch\u00e4tzte Lesezeit":"2\u00a0Minuten"},"schema":{"@context":"https:\/\/schema.org","@graph":[{"@type":"Article","@id":"https:\/\/fondation-nicolasgigot.org\/de\/ich-habe-deine-tuer-geoeffnet\/#article","isPartOf":{"@id":"https:\/\/fondation-nicolasgigot.org\/de\/ich-habe-deine-tuer-geoeffnet\/"},"author":{"name":"pid","@id":"https:\/\/fondation-nicolasgigot.org\/de\/#\/schema\/person\/6aa0993efaa969fa98d6a15110a3c12e"},"headline":"Ich habe deine T\u00fcr ge\u00f6ffnet","datePublished":"2025-02-26T15:06:18+00:00","mainEntityOfPage":{"@id":"https:\/\/fondation-nicolasgigot.org\/de\/ich-habe-deine-tuer-geoeffnet\/"},"wordCount":397,"commentCount":0,"publisher":{"@id":"https:\/\/fondation-nicolasgigot.org\/de\/#organization"},"image":{"@id":"https:\/\/fondation-nicolasgigot.org\/de\/ich-habe-deine-tuer-geoeffnet\/#primaryimage"},"thumbnailUrl":"https:\/\/fondation-nicolasgigot.org\/wp-content\/uploads\/2025\/02\/20250225_174605.jpg","articleSection":["Nachrichten"],"inLanguage":"de","potentialAction":[{"@type":"CommentAction","name":"Comment","target":["https:\/\/fondation-nicolasgigot.org\/de\/ich-habe-deine-tuer-geoeffnet\/#respond"]}]},{"@type":"WebPage","@id":"https:\/\/fondation-nicolasgigot.org\/de\/ich-habe-deine-tuer-geoeffnet\/","url":"https:\/\/fondation-nicolasgigot.org\/de\/ich-habe-deine-tuer-geoeffnet\/","name":"Ich habe deine T\u00fcr ge\u00f6ffnet - Fondation Nicolas Gigot","isPartOf":{"@id":"https:\/\/fondation-nicolasgigot.org\/de\/#website"},"primaryImageOfPage":{"@id":"https:\/\/fondation-nicolasgigot.org\/de\/ich-habe-deine-tuer-geoeffnet\/#primaryimage"},"image":{"@id":"https:\/\/fondation-nicolasgigot.org\/de\/ich-habe-deine-tuer-geoeffnet\/#primaryimage"},"thumbnailUrl":"https:\/\/fondation-nicolasgigot.org\/wp-content\/uploads\/2025\/02\/20250225_174605.jpg","datePublished":"2025-02-26T15:06:18+00:00","breadcrumb":{"@id":"https:\/\/fondation-nicolasgigot.org\/de\/ich-habe-deine-tuer-geoeffnet\/#breadcrumb"},"inLanguage":"de","potentialAction":[{"@type":"ReadAction","target":["https:\/\/fondation-nicolasgigot.org\/de\/ich-habe-deine-tuer-geoeffnet\/"]}]},{"@type":"ImageObject","inLanguage":"de","@id":"https:\/\/fondation-nicolasgigot.org\/de\/ich-habe-deine-tuer-geoeffnet\/#primaryimage","url":"https:\/\/fondation-nicolasgigot.org\/wp-content\/uploads\/2025\/02\/20250225_174605.jpg","contentUrl":"https:\/\/fondation-nicolasgigot.org\/wp-content\/uploads\/2025\/02\/20250225_174605.jpg","width":672,"height":515},{"@type":"BreadcrumbList","@id":"https:\/\/fondation-nicolasgigot.org\/de\/ich-habe-deine-tuer-geoeffnet\/#breadcrumb","itemListElement":[{"@type":"ListItem","position":1,"name":"Accueil","item":"https:\/\/fondation-nicolasgigot.org\/de\/"},{"@type":"ListItem","position":2,"name":"Ich habe deine T\u00fcr ge\u00f6ffnet"}]},{"@type":"WebSite","@id":"https:\/\/fondation-nicolasgigot.org\/de\/#website","url":"https:\/\/fondation-nicolasgigot.org\/de\/","name":"Fondation Nicolas Gigot","description":"","publisher":{"@id":"https:\/\/fondation-nicolasgigot.org\/de\/#organization"},"potentialAction":[{"@type":"SearchAction","target":{"@type":"EntryPoint","urlTemplate":"https:\/\/fondation-nicolasgigot.org\/de\/?s={search_term_string}"},"query-input":{"@type":"PropertyValueSpecification","valueRequired":true,"valueName":"search_term_string"}}],"inLanguage":"de"},{"@type":"Organization","@id":"https:\/\/fondation-nicolasgigot.org\/de\/#organization","name":"Fondation Nicolas Gigot","url":"https:\/\/fondation-nicolasgigot.org\/de\/","logo":{"@type":"ImageObject","inLanguage":"de","@id":"https:\/\/fondation-nicolasgigot.org\/de\/#\/schema\/logo\/image\/","url":"https:\/\/fondation-nicolasgigot.org\/wp-content\/uploads\/2021\/04\/Groupe-32.svg","contentUrl":"https:\/\/fondation-nicolasgigot.org\/wp-content\/uploads\/2021\/04\/Groupe-32.svg","width":1,"height":1,"caption":"Fondation Nicolas Gigot"},"image":{"@id":"https:\/\/fondation-nicolasgigot.org\/de\/#\/schema\/logo\/image\/"}},{"@type":"Person","@id":"https:\/\/fondation-nicolasgigot.org\/de\/#\/schema\/person\/6aa0993efaa969fa98d6a15110a3c12e","name":"pid","image":{"@type":"ImageObject","inLanguage":"de","@id":"https:\/\/fondation-nicolasgigot.org\/de\/#\/schema\/person\/image\/","url":"https:\/\/secure.gravatar.com\/avatar\/b11c5fd468509b88a1b55672e2b113e08d3e41a2142b3b76328dc14c79eb6a84?s=96&d=mm&r=g","contentUrl":"https:\/\/secure.gravatar.com\/avatar\/b11c5fd468509b88a1b55672e2b113e08d3e41a2142b3b76328dc14c79eb6a84?s=96&d=mm&r=g","caption":"pid"},"sameAs":["https:\/\/ns332467.ip-37-187-254.eu\/~nicolasgigot"]}]}},"_links":{"self":[{"href":"https:\/\/fondation-nicolasgigot.org\/de\/wp-json\/wp\/v2\/posts\/5902","targetHints":{"allow":["GET"]}}],"collection":[{"href":"https:\/\/fondation-nicolasgigot.org\/de\/wp-json\/wp\/v2\/posts"}],"about":[{"href":"https:\/\/fondation-nicolasgigot.org\/de\/wp-json\/wp\/v2\/types\/post"}],"author":[{"embeddable":true,"href":"https:\/\/fondation-nicolasgigot.org\/de\/wp-json\/wp\/v2\/users\/1"}],"replies":[{"embeddable":true,"href":"https:\/\/fondation-nicolasgigot.org\/de\/wp-json\/wp\/v2\/comments?post=5902"}],"version-history":[{"count":0,"href":"https:\/\/fondation-nicolasgigot.org\/de\/wp-json\/wp\/v2\/posts\/5902\/revisions"}],"wp:featuredmedia":[{"embeddable":true,"href":"https:\/\/fondation-nicolasgigot.org\/de\/wp-json\/wp\/v2\/media\/5811"}],"wp:attachment":[{"href":"https:\/\/fondation-nicolasgigot.org\/de\/wp-json\/wp\/v2\/media?parent=5902"}],"wp:term":[{"taxonomy":"category","embeddable":true,"href":"https:\/\/fondation-nicolasgigot.org\/de\/wp-json\/wp\/v2\/categories?post=5902"},{"taxonomy":"post_tag","embeddable":true,"href":"https:\/\/fondation-nicolasgigot.org\/de\/wp-json\/wp\/v2\/tags?post=5902"}],"curies":[{"name":"wp","href":"https:\/\/api.w.org\/{rel}","templated":true}]}}