{"id":5378,"date":"2023-04-24T10:45:14","date_gmt":"2023-04-24T08:45:14","guid":{"rendered":"https:\/\/fondation-nicolasgigot.org\/2023-are-arts-festival\/"},"modified":"2024-06-07T00:28:44","modified_gmt":"2024-06-06T22:28:44","slug":"2023-are-arts-festival","status":"publish","type":"post","link":"https:\/\/fondation-nicolasgigot.org\/en\/2023-are-arts-festival\/","title":{"rendered":"2023 Are Arts Festival"},"content":{"rendered":"\t\t<div data-elementor-type=\"wp-post\" data-elementor-id=\"5378\" class=\"elementor elementor-5378 elementor-4910\" data-elementor-post-type=\"post\">\n\t\t\t\t\t\t<section class=\"elementor-section elementor-top-section elementor-element elementor-element-3e54407a elementor-section-boxed elementor-section-height-default elementor-section-height-default\" data-id=\"3e54407a\" data-element_type=\"section\">\n\t\t\t\t\t\t<div class=\"elementor-container elementor-column-gap-default\">\n\t\t\t\t\t<div class=\"elementor-column elementor-col-100 elementor-top-column elementor-element elementor-element-79c9743f\" data-id=\"79c9743f\" data-element_type=\"column\">\n\t\t\t<div class=\"elementor-widget-wrap elementor-element-populated\">\n\t\t\t\t\t\t<section class=\"elementor-section elementor-inner-section elementor-element elementor-element-a64cc07 elementor-section-boxed elementor-section-height-default elementor-section-height-default\" data-id=\"a64cc07\" data-element_type=\"section\">\n\t\t\t\t\t\t<div class=\"elementor-container elementor-column-gap-default\">\n\t\t\t\t\t<div class=\"elementor-column elementor-col-50 elementor-inner-column elementor-element elementor-element-fb16cae\" data-id=\"fb16cae\" data-element_type=\"column\">\n\t\t\t<div class=\"elementor-widget-wrap elementor-element-populated\">\n\t\t\t\t\t\t<div class=\"elementor-element elementor-element-18c54724 elementor-widget elementor-widget-text-editor\" data-id=\"18c54724\" data-element_type=\"widget\" data-widget_type=\"text-editor.default\">\n\t\t\t\t<div class=\"elementor-widget-container\">\n\t\t\t\t\t\t\t\t\t<p>Hello, thanks to our dessert buffet at the 2023 Are arts festival, the kitty now stands at 13,912.28\u20ac!!!!!!Thanks to the Ath\u00e9n\u00e9e d&#8217;Esneux for the place they&#8217;ve given us for the past 2 years, and thanks for the desserts to Fr\u00e9d\u00e9ric Brabant (for the waffles), Aur\u00e9lie Gossiaux, Cecile Momont and Lore Poncin.<\/p><p>And, of course, not forgetting the crack team (see photos) Alix, L\u00e9a and Shauna.<\/p><p>I would like to take this opportunity to thank you for your recent financial donations:<\/p><p>ASSOC. A FEU LA CAISSE-M PIERRE YVES DEKERCK-GILTAY MURIEL-MME ALESSANDRA PAGANI ARINO-MOERMANS JEAN Johnny et Nicole-MOUREAU GREGOIRE-BRIALMONT-LECOCQ &#8211; PIRSON-HENDRICKX Eric-MME MARIE LEKEUX-SOUAD RAHMOUNI-DODEIGNE MARJORIE -LEO LUGOVIC-MOUREAU GREGOIRE -Marie Rose de MC COMPO<\/p>\n<p>We&#8217;ll soon be able to make donations to hospitals and help disabled sports.<\/p><p>We&#8217;ll keep you posted as soon as possible.<\/p><p>In the meantime, as usual, I&#8217;m repeating my recurring request to go faster: &#8220;Please make a standing order of 1\u20ac \/ month for 10 years to the foundation. It&#8217;s not much, but if we all do it, it&#8217;ll be enormous&#8221;.<\/p><p>Nadine<\/p>\t\t\t\t\t\t\t\t<\/div>\n\t\t\t\t<\/div>\n\t\t\t\t\t<\/div>\n\t\t<\/div>\n\t\t\t\t<div class=\"elementor-column elementor-col-50 elementor-inner-column elementor-element elementor-element-c057853\" data-id=\"c057853\" data-element_type=\"column\">\n\t\t\t<div class=\"elementor-widget-wrap elementor-element-populated\">\n\t\t\t\t\t\t<div class=\"elementor-element elementor-element-cbb6ff9 elementor-widget elementor-widget-image\" data-id=\"cbb6ff9\" data-element_type=\"widget\" data-widget_type=\"image.default\">\n\t\t\t\t<div class=\"elementor-widget-container\">\n\t\t\t\t\t\t\t\t\t\t\t\t\t\t\t<img fetchpriority=\"high\" decoding=\"async\" width=\"768\" height=\"1024\" src=\"https:\/\/fondation-nicolasgigot.org\/wp-content\/uploads\/2023\/05\/342986736_626545588918414_112746656237063366_n-768x1024.jpg\" class=\"attachment-large size-large wp-image-4913\" alt=\"Are Arts Festival\" srcset=\"https:\/\/fondation-nicolasgigot.org\/wp-content\/uploads\/2023\/05\/342986736_626545588918414_112746656237063366_n-768x1024.jpg 768w, https:\/\/fondation-nicolasgigot.org\/wp-content\/uploads\/2023\/05\/342986736_626545588918414_112746656237063366_n-225x300.jpg 225w, https:\/\/fondation-nicolasgigot.org\/wp-content\/uploads\/2023\/05\/342986736_626545588918414_112746656237063366_n-1152x1536.jpg 1152w, https:\/\/fondation-nicolasgigot.org\/wp-content\/uploads\/2023\/05\/342986736_626545588918414_112746656237063366_n.jpg 1200w\" sizes=\"(max-width: 768px) 100vw, 768px\" \/>\t\t\t\t\t\t\t\t\t\t\t\t\t\t\t<\/div>\n\t\t\t\t<\/div>\n\t\t\t\t\t<\/div>\n\t\t<\/div>\n\t\t\t\t\t<\/div>\n\t\t<\/section>\n\t\t\t\t\t<\/div>\n\t\t<\/div>\n\t\t\t\t\t<\/div>\n\t\t<\/section>\n\t\t\t\t<\/div>\n\t\t","protected":false},"excerpt":{"rendered":"<p>Hello, thanks to our dessert buffet at the 2023 Are arts festival, the kitty now stands at 13,912.28\u20ac!!!!!!Thanks to the Ath\u00e9n\u00e9e d&#8217;Esneux for the place they&#8217;ve given us for the past 2 years, and thanks for the desserts to Fr\u00e9d\u00e9ric Brabant (for the waffles), Aur\u00e9lie Gossiaux, Cecile Momont and Lore Poncin. And, of course, not [&hellip;]<\/p>\n","protected":false},"author":3,"featured_media":4913,"comment_status":"open","ping_status":"open","sticky":false,"template":"","format":"standard","meta":{"_acf_changed":false,"give_campaign_id":0,"footnotes":""},"categories":[77],"tags":[],"class_list":["post-5378","post","type-post","status-publish","format-standard","has-post-thumbnail","hentry","category-news"],"acf":[],"yoast_head":"<!-- This site is optimized with the Yoast SEO plugin v25.1 - https:\/\/yoast.com\/wordpress\/plugins\/seo\/ -->\n<title>2023 Are Arts Festival - Fondation Nicolas Gigot<\/title>\n<meta name=\"robots\" content=\"index, follow, max-snippet:-1, max-image-preview:large, max-video-preview:-1\" \/>\n<link rel=\"canonical\" href=\"https:\/\/fondation-nicolasgigot.org\/en\/2023-are-arts-festival\/\" \/>\n<meta property=\"og:locale\" content=\"en_US\" \/>\n<meta property=\"og:type\" content=\"article\" \/>\n<meta property=\"og:title\" content=\"2023 Are Arts Festival - Fondation Nicolas Gigot\" \/>\n<meta property=\"og:description\" content=\"Hello, thanks to our dessert buffet at the 2023 Are arts festival, the kitty now stands at 13,912.28\u20ac!!!!!!Thanks to the Ath\u00e9n\u00e9e d&#8217;Esneux for the place they&#8217;ve given us for the past 2 years, and thanks for the desserts to Fr\u00e9d\u00e9ric Brabant (for the waffles), Aur\u00e9lie Gossiaux, Cecile Momont and Lore Poncin. And, of course, not [&hellip;]\" \/>\n<meta property=\"og:url\" content=\"https:\/\/fondation-nicolasgigot.org\/en\/2023-are-arts-festival\/\" \/>\n<meta property=\"og:site_name\" content=\"Fondation Nicolas Gigot\" \/>\n<meta property=\"article:published_time\" content=\"2023-04-24T08:45:14+00:00\" \/>\n<meta property=\"article:modified_time\" content=\"2024-06-06T22:28:44+00:00\" \/>\n<meta property=\"og:image\" content=\"https:\/\/fondation-nicolasgigot.org\/wp-content\/uploads\/2023\/05\/342986736_626545588918414_112746656237063366_n.jpg\" \/>\n\t<meta property=\"og:image:width\" content=\"1200\" \/>\n\t<meta property=\"og:image:height\" content=\"1600\" \/>\n\t<meta property=\"og:image:type\" content=\"image\/jpeg\" \/>\n<meta name=\"author\" content=\"Nadine Brialmont\" \/>\n<meta name=\"twitter:card\" content=\"summary_large_image\" \/>\n<meta name=\"twitter:label1\" content=\"Written by\" \/>\n\t<meta name=\"twitter:data1\" content=\"Nadine Brialmont\" \/>\n\t<meta name=\"twitter:label2\" content=\"Est. reading time\" \/>\n\t<meta name=\"twitter:data2\" content=\"1 minute\" \/>\n<script type=\"application\/ld+json\" class=\"yoast-schema-graph\">{\"@context\":\"https:\/\/schema.org\",\"@graph\":[{\"@type\":\"Article\",\"@id\":\"https:\/\/fondation-nicolasgigot.org\/en\/2023-are-arts-festival\/#article\",\"isPartOf\":{\"@id\":\"https:\/\/fondation-nicolasgigot.org\/en\/2023-are-arts-festival\/\"},\"author\":{\"name\":\"Nadine Brialmont\",\"@id\":\"https:\/\/fondation-nicolasgigot.org\/en\/#\/schema\/person\/23187954cf45667f841bfe39191cb5dc\"},\"headline\":\"2023 Are Arts Festival\",\"datePublished\":\"2023-04-24T08:45:14+00:00\",\"dateModified\":\"2024-06-06T22:28:44+00:00\",\"mainEntityOfPage\":{\"@id\":\"https:\/\/fondation-nicolasgigot.org\/en\/2023-are-arts-festival\/\"},\"wordCount\":178,\"commentCount\":0,\"publisher\":{\"@id\":\"https:\/\/fondation-nicolasgigot.org\/en\/#organization\"},\"image\":{\"@id\":\"https:\/\/fondation-nicolasgigot.org\/en\/2023-are-arts-festival\/#primaryimage\"},\"thumbnailUrl\":\"https:\/\/fondation-nicolasgigot.org\/wp-content\/uploads\/2023\/05\/342986736_626545588918414_112746656237063366_n.jpg\",\"articleSection\":[\"News\"],\"inLanguage\":\"en-US\",\"potentialAction\":[{\"@type\":\"CommentAction\",\"name\":\"Comment\",\"target\":[\"https:\/\/fondation-nicolasgigot.org\/en\/2023-are-arts-festival\/#respond\"]}]},{\"@type\":\"WebPage\",\"@id\":\"https:\/\/fondation-nicolasgigot.org\/en\/2023-are-arts-festival\/\",\"url\":\"https:\/\/fondation-nicolasgigot.org\/en\/2023-are-arts-festival\/\",\"name\":\"2023 Are Arts Festival - Fondation Nicolas Gigot\",\"isPartOf\":{\"@id\":\"https:\/\/fondation-nicolasgigot.org\/en\/#website\"},\"primaryImageOfPage\":{\"@id\":\"https:\/\/fondation-nicolasgigot.org\/en\/2023-are-arts-festival\/#primaryimage\"},\"image\":{\"@id\":\"https:\/\/fondation-nicolasgigot.org\/en\/2023-are-arts-festival\/#primaryimage\"},\"thumbnailUrl\":\"https:\/\/fondation-nicolasgigot.org\/wp-content\/uploads\/2023\/05\/342986736_626545588918414_112746656237063366_n.jpg\",\"datePublished\":\"2023-04-24T08:45:14+00:00\",\"dateModified\":\"2024-06-06T22:28:44+00:00\",\"breadcrumb\":{\"@id\":\"https:\/\/fondation-nicolasgigot.org\/en\/2023-are-arts-festival\/#breadcrumb\"},\"inLanguage\":\"en-US\",\"potentialAction\":[{\"@type\":\"ReadAction\",\"target\":[\"https:\/\/fondation-nicolasgigot.org\/en\/2023-are-arts-festival\/\"]}]},{\"@type\":\"ImageObject\",\"inLanguage\":\"en-US\",\"@id\":\"https:\/\/fondation-nicolasgigot.org\/en\/2023-are-arts-festival\/#primaryimage\",\"url\":\"https:\/\/fondation-nicolasgigot.org\/wp-content\/uploads\/2023\/05\/342986736_626545588918414_112746656237063366_n.jpg\",\"contentUrl\":\"https:\/\/fondation-nicolasgigot.org\/wp-content\/uploads\/2023\/05\/342986736_626545588918414_112746656237063366_n.jpg\",\"width\":1200,\"height\":1600,\"caption\":\"Are Arts Festival\"},{\"@type\":\"BreadcrumbList\",\"@id\":\"https:\/\/fondation-nicolasgigot.org\/en\/2023-are-arts-festival\/#breadcrumb\",\"itemListElement\":[{\"@type\":\"ListItem\",\"position\":1,\"name\":\"Accueil\",\"item\":\"https:\/\/fondation-nicolasgigot.org\/en\/\"},{\"@type\":\"ListItem\",\"position\":2,\"name\":\"2023 Are Arts Festival\"}]},{\"@type\":\"WebSite\",\"@id\":\"https:\/\/fondation-nicolasgigot.org\/en\/#website\",\"url\":\"https:\/\/fondation-nicolasgigot.org\/en\/\",\"name\":\"Fondation Nicolas Gigot\",\"description\":\"\",\"publisher\":{\"@id\":\"https:\/\/fondation-nicolasgigot.org\/en\/#organization\"},\"potentialAction\":[{\"@type\":\"SearchAction\",\"target\":{\"@type\":\"EntryPoint\",\"urlTemplate\":\"https:\/\/fondation-nicolasgigot.org\/en\/?s={search_term_string}\"},\"query-input\":{\"@type\":\"PropertyValueSpecification\",\"valueRequired\":true,\"valueName\":\"search_term_string\"}}],\"inLanguage\":\"en-US\"},{\"@type\":\"Organization\",\"@id\":\"https:\/\/fondation-nicolasgigot.org\/en\/#organization\",\"name\":\"Fondation Nicolas Gigot\",\"url\":\"https:\/\/fondation-nicolasgigot.org\/en\/\",\"logo\":{\"@type\":\"ImageObject\",\"inLanguage\":\"en-US\",\"@id\":\"https:\/\/fondation-nicolasgigot.org\/en\/#\/schema\/logo\/image\/\",\"url\":\"https:\/\/fondation-nicolasgigot.org\/wp-content\/uploads\/2021\/04\/Groupe-32.svg\",\"contentUrl\":\"https:\/\/fondation-nicolasgigot.org\/wp-content\/uploads\/2021\/04\/Groupe-32.svg\",\"width\":1,\"height\":1,\"caption\":\"Fondation Nicolas Gigot\"},\"image\":{\"@id\":\"https:\/\/fondation-nicolasgigot.org\/en\/#\/schema\/logo\/image\/\"}},{\"@type\":\"Person\",\"@id\":\"https:\/\/fondation-nicolasgigot.org\/en\/#\/schema\/person\/23187954cf45667f841bfe39191cb5dc\",\"name\":\"Nadine Brialmont\",\"image\":{\"@type\":\"ImageObject\",\"inLanguage\":\"en-US\",\"@id\":\"https:\/\/fondation-nicolasgigot.org\/en\/#\/schema\/person\/image\/\",\"url\":\"https:\/\/secure.gravatar.com\/avatar\/24ce526bffd627f6778a52a887345ce97be474d8ea3cd54518e0950c6d61d38c?s=96&d=mm&r=g\",\"contentUrl\":\"https:\/\/secure.gravatar.com\/avatar\/24ce526bffd627f6778a52a887345ce97be474d8ea3cd54518e0950c6d61d38c?s=96&d=mm&r=g\",\"caption\":\"Nadine Brialmont\"},\"sameAs\":[\"https:\/\/fondation-nicolasgigot.org\/\"]}]}<\/script>\n<!-- \/ Yoast SEO plugin. -->","yoast_head_json":{"title":"2023 Are Arts Festival - Fondation Nicolas Gigot","robots":{"index":"index","follow":"follow","max-snippet":"max-snippet:-1","max-image-preview":"max-image-preview:large","max-video-preview":"max-video-preview:-1"},"canonical":"https:\/\/fondation-nicolasgigot.org\/en\/2023-are-arts-festival\/","og_locale":"en_US","og_type":"article","og_title":"2023 Are Arts Festival - Fondation Nicolas Gigot","og_description":"Hello, thanks to our dessert buffet at the 2023 Are arts festival, the kitty now stands at 13,912.28\u20ac!!!!!!Thanks to the Ath\u00e9n\u00e9e d&#8217;Esneux for the place they&#8217;ve given us for the past 2 years, and thanks for the desserts to Fr\u00e9d\u00e9ric Brabant (for the waffles), Aur\u00e9lie Gossiaux, Cecile Momont and Lore Poncin. And, of course, not [&hellip;]","og_url":"https:\/\/fondation-nicolasgigot.org\/en\/2023-are-arts-festival\/","og_site_name":"Fondation Nicolas Gigot","article_published_time":"2023-04-24T08:45:14+00:00","article_modified_time":"2024-06-06T22:28:44+00:00","og_image":[{"width":1200,"height":1600,"url":"https:\/\/fondation-nicolasgigot.org\/wp-content\/uploads\/2023\/05\/342986736_626545588918414_112746656237063366_n.jpg","type":"image\/jpeg"}],"author":"Nadine Brialmont","twitter_card":"summary_large_image","twitter_misc":{"Written by":"Nadine Brialmont","Est. reading time":"1 minute"},"schema":{"@context":"https:\/\/schema.org","@graph":[{"@type":"Article","@id":"https:\/\/fondation-nicolasgigot.org\/en\/2023-are-arts-festival\/#article","isPartOf":{"@id":"https:\/\/fondation-nicolasgigot.org\/en\/2023-are-arts-festival\/"},"author":{"name":"Nadine Brialmont","@id":"https:\/\/fondation-nicolasgigot.org\/en\/#\/schema\/person\/23187954cf45667f841bfe39191cb5dc"},"headline":"2023 Are Arts Festival","datePublished":"2023-04-24T08:45:14+00:00","dateModified":"2024-06-06T22:28:44+00:00","mainEntityOfPage":{"@id":"https:\/\/fondation-nicolasgigot.org\/en\/2023-are-arts-festival\/"},"wordCount":178,"commentCount":0,"publisher":{"@id":"https:\/\/fondation-nicolasgigot.org\/en\/#organization"},"image":{"@id":"https:\/\/fondation-nicolasgigot.org\/en\/2023-are-arts-festival\/#primaryimage"},"thumbnailUrl":"https:\/\/fondation-nicolasgigot.org\/wp-content\/uploads\/2023\/05\/342986736_626545588918414_112746656237063366_n.jpg","articleSection":["News"],"inLanguage":"en-US","potentialAction":[{"@type":"CommentAction","name":"Comment","target":["https:\/\/fondation-nicolasgigot.org\/en\/2023-are-arts-festival\/#respond"]}]},{"@type":"WebPage","@id":"https:\/\/fondation-nicolasgigot.org\/en\/2023-are-arts-festival\/","url":"https:\/\/fondation-nicolasgigot.org\/en\/2023-are-arts-festival\/","name":"2023 Are Arts Festival - Fondation Nicolas Gigot","isPartOf":{"@id":"https:\/\/fondation-nicolasgigot.org\/en\/#website"},"primaryImageOfPage":{"@id":"https:\/\/fondation-nicolasgigot.org\/en\/2023-are-arts-festival\/#primaryimage"},"image":{"@id":"https:\/\/fondation-nicolasgigot.org\/en\/2023-are-arts-festival\/#primaryimage"},"thumbnailUrl":"https:\/\/fondation-nicolasgigot.org\/wp-content\/uploads\/2023\/05\/342986736_626545588918414_112746656237063366_n.jpg","datePublished":"2023-04-24T08:45:14+00:00","dateModified":"2024-06-06T22:28:44+00:00","breadcrumb":{"@id":"https:\/\/fondation-nicolasgigot.org\/en\/2023-are-arts-festival\/#breadcrumb"},"inLanguage":"en-US","potentialAction":[{"@type":"ReadAction","target":["https:\/\/fondation-nicolasgigot.org\/en\/2023-are-arts-festival\/"]}]},{"@type":"ImageObject","inLanguage":"en-US","@id":"https:\/\/fondation-nicolasgigot.org\/en\/2023-are-arts-festival\/#primaryimage","url":"https:\/\/fondation-nicolasgigot.org\/wp-content\/uploads\/2023\/05\/342986736_626545588918414_112746656237063366_n.jpg","contentUrl":"https:\/\/fondation-nicolasgigot.org\/wp-content\/uploads\/2023\/05\/342986736_626545588918414_112746656237063366_n.jpg","width":1200,"height":1600,"caption":"Are Arts Festival"},{"@type":"BreadcrumbList","@id":"https:\/\/fondation-nicolasgigot.org\/en\/2023-are-arts-festival\/#breadcrumb","itemListElement":[{"@type":"ListItem","position":1,"name":"Accueil","item":"https:\/\/fondation-nicolasgigot.org\/en\/"},{"@type":"ListItem","position":2,"name":"2023 Are Arts Festival"}]},{"@type":"WebSite","@id":"https:\/\/fondation-nicolasgigot.org\/en\/#website","url":"https:\/\/fondation-nicolasgigot.org\/en\/","name":"Fondation Nicolas Gigot","description":"","publisher":{"@id":"https:\/\/fondation-nicolasgigot.org\/en\/#organization"},"potentialAction":[{"@type":"SearchAction","target":{"@type":"EntryPoint","urlTemplate":"https:\/\/fondation-nicolasgigot.org\/en\/?s={search_term_string}"},"query-input":{"@type":"PropertyValueSpecification","valueRequired":true,"valueName":"search_term_string"}}],"inLanguage":"en-US"},{"@type":"Organization","@id":"https:\/\/fondation-nicolasgigot.org\/en\/#organization","name":"Fondation Nicolas Gigot","url":"https:\/\/fondation-nicolasgigot.org\/en\/","logo":{"@type":"ImageObject","inLanguage":"en-US","@id":"https:\/\/fondation-nicolasgigot.org\/en\/#\/schema\/logo\/image\/","url":"https:\/\/fondation-nicolasgigot.org\/wp-content\/uploads\/2021\/04\/Groupe-32.svg","contentUrl":"https:\/\/fondation-nicolasgigot.org\/wp-content\/uploads\/2021\/04\/Groupe-32.svg","width":1,"height":1,"caption":"Fondation Nicolas Gigot"},"image":{"@id":"https:\/\/fondation-nicolasgigot.org\/en\/#\/schema\/logo\/image\/"}},{"@type":"Person","@id":"https:\/\/fondation-nicolasgigot.org\/en\/#\/schema\/person\/23187954cf45667f841bfe39191cb5dc","name":"Nadine Brialmont","image":{"@type":"ImageObject","inLanguage":"en-US","@id":"https:\/\/fondation-nicolasgigot.org\/en\/#\/schema\/person\/image\/","url":"https:\/\/secure.gravatar.com\/avatar\/24ce526bffd627f6778a52a887345ce97be474d8ea3cd54518e0950c6d61d38c?s=96&d=mm&r=g","contentUrl":"https:\/\/secure.gravatar.com\/avatar\/24ce526bffd627f6778a52a887345ce97be474d8ea3cd54518e0950c6d61d38c?s=96&d=mm&r=g","caption":"Nadine Brialmont"},"sameAs":["https:\/\/fondation-nicolasgigot.org\/"]}]}},"_links":{"self":[{"href":"https:\/\/fondation-nicolasgigot.org\/en\/wp-json\/wp\/v2\/posts\/5378","targetHints":{"allow":["GET"]}}],"collection":[{"href":"https:\/\/fondation-nicolasgigot.org\/en\/wp-json\/wp\/v2\/posts"}],"about":[{"href":"https:\/\/fondation-nicolasgigot.org\/en\/wp-json\/wp\/v2\/types\/post"}],"author":[{"embeddable":true,"href":"https:\/\/fondation-nicolasgigot.org\/en\/wp-json\/wp\/v2\/users\/3"}],"replies":[{"embeddable":true,"href":"https:\/\/fondation-nicolasgigot.org\/en\/wp-json\/wp\/v2\/comments?post=5378"}],"version-history":[{"count":1,"href":"https:\/\/fondation-nicolasgigot.org\/en\/wp-json\/wp\/v2\/posts\/5378\/revisions"}],"predecessor-version":[{"id":5379,"href":"https:\/\/fondation-nicolasgigot.org\/en\/wp-json\/wp\/v2\/posts\/5378\/revisions\/5379"}],"wp:featuredmedia":[{"embeddable":true,"href":"https:\/\/fondation-nicolasgigot.org\/en\/wp-json\/wp\/v2\/media\/4913"}],"wp:attachment":[{"href":"https:\/\/fondation-nicolasgigot.org\/en\/wp-json\/wp\/v2\/media?parent=5378"}],"wp:term":[{"taxonomy":"category","embeddable":true,"href":"https:\/\/fondation-nicolasgigot.org\/en\/wp-json\/wp\/v2\/categories?post=5378"},{"taxonomy":"post_tag","embeddable":true,"href":"https:\/\/fondation-nicolasgigot.org\/en\/wp-json\/wp\/v2\/tags?post=5378"}],"curies":[{"name":"wp","href":"https:\/\/api.w.org\/{rel}","templated":true}]}}