{"id":3832,"date":"2021-06-02T19:09:42","date_gmt":"2021-06-02T17:09:42","guid":{"rendered":"https:\/\/ns332467.ip-37-187-254.eu\/~nicolasgigot\/3-jours-apres-le-deces-de-nicolas-gigot-la-maman-de-ce-dernier-proposait-de-creer-la-fondation-nicolas-gigot\/"},"modified":"2024-09-30T15:47:00","modified_gmt":"2024-09-30T13:47:00","slug":"3-jours-apres-le-deces-de-nicolas-gigot-la-maman-de-ce-dernier-proposait-de-creer-la-fondation-nicolas-gigot","status":"publish","type":"post","link":"https:\/\/fondation-nicolasgigot.org\/nl\/3-jours-apres-le-deces-de-nicolas-gigot-la-maman-de-ce-dernier-proposait-de-creer-la-fondation-nicolas-gigot\/","title":{"rendered":"3 jours apr\u00e8s le d\u00e9c\u00e8s de Nicolas Gigot, la maman de ce dernier proposait de cr\u00e9er la fondation Nicolas Gigot."},"content":{"rendered":"\t\t<div data-elementor-type=\"wp-post\" data-elementor-id=\"3832\" class=\"elementor elementor-3832 elementor-1866\" data-elementor-post-type=\"post\">\n\t\t\t\t\t\t<section class=\"elementor-section elementor-top-section elementor-element elementor-element-19b5743e elementor-section-boxed elementor-section-height-default elementor-section-height-default\" data-id=\"19b5743e\" data-element_type=\"section\">\n\t\t\t\t\t\t<div class=\"elementor-container elementor-column-gap-default\">\n\t\t\t\t\t<div class=\"elementor-column elementor-col-100 elementor-top-column elementor-element elementor-element-5f6a6aa9\" data-id=\"5f6a6aa9\" data-element_type=\"column\">\n\t\t\t<div class=\"elementor-widget-wrap elementor-element-populated\">\n\t\t\t\t\t\t<div class=\"elementor-element elementor-element-1a777e9d elementor-widget elementor-widget-text-editor\" data-id=\"1a777e9d\" data-element_type=\"widget\" data-widget_type=\"text-editor.default\">\n\t\t\t\t<div class=\"elementor-widget-container\">\n\t\t\t\t\t\t\t\t\t<p class=\"x_MsoNormal\">3 jours apr\u00e8s le d\u00e9c\u00e8s de Nicolas Gigot , la maman de ce dernier proposait de cr\u00e9er la fondation Nicolas Gigot.<\/p>\n<p class=\"x_MsoNormal\"><i>Message de Nadine, la maman de Nicolas ce 21juillet 2020 intervenant sur la page Facebook de \u00ab tous ensemble dans la m\u00eal\u00e9e avec Nicolas \u00bb :<\/i><\/p>\n<p class=\"x_MsoNormal\"><i>Bonjour, je suis la maman de Nicolas, je me permets pour la premi\u00e8re fois d&#8217;intervenir sur cette page, car il me tient \u00e0 c\u0153ur de remercier tous les g\u00e9n\u00e9reux donateurs de la cagnotte :<\/i><\/p>\n<p class=\"x_MsoNormal\"><i>&#8220;En soutien au combat de Nicolas &#8220;<\/i><\/p>\n<p class=\"x_MsoNormal\"><i>Comme vous, il est clair que nous aurions tant voulu qu&#8217;il profite de cette cagnotte &#8230;mais c&#8217;est ainsi et nous devons l&#8217;accepter !!!<\/i><\/p>\n<p class=\"x_MsoNormal\"><i>J&#8217;ai beaucoup r\u00e9fl\u00e9chi \u00e0 ce que Nicolas voudrait dans ces circonstances.<\/i><\/p>\n<p class=\"x_MsoNormal\"><i>Les derniers moments conscients qu&#8217;il a pass\u00e9s avec nous, ont \u00e9t\u00e9 des moments de frustration intense aussi bien pour lui que pour nous.<\/i><\/p>\n<p class=\"x_MsoNormal\"><i>Il a \u00e9t\u00e9 enferm\u00e9 dans ce corps inerte, dans l&#8217;impossibilit\u00e9 de correspondre avec nous vu qu&#8217;il \u00e9tait intub\u00e9 et n&#8217;avait que le clignement des yeux comme moyen de communication.<\/i><\/p>\n<p class=\"x_MsoNormal\"><i>Ces moments de pleine conscience ont \u00e9t\u00e9 assez courts mais je ne les oublierai jamais, car souvent il s&#8217;\u00e9nervait de mon incompr\u00e9hension &#8230;me plongeant dans une grande souffrance d&#8217;impuissance !<\/i><\/p>\n<p class=\"x_MsoNormal\"><i>J&#8217;ai eu donc l&#8217;id\u00e9e de louer un ordinateur avec lecture optique &#8230;mais trop tard puisqu&#8217;il ne sortira jamais de ce coma dans lequel il avait replong\u00e9.<\/i><\/p>\n<p class=\"x_MsoNormal\"><i>Cette souffrance ne s&#8217;effacera jamais, mais elle pourrait au moins s\u2019att\u00e9nuer, en sachant que plus aucune famille ni patient ne vivra cela dans cet \u00e9tablissement hospitalier.<\/i><\/p>\n<p class=\"x_MsoNormal\"><i>C&#8217;est pour cela que j&#8217;ai sugg\u00e9r\u00e9 d&#8217;offrir avec la cagnotte, cet ordinateur optique \u00e0 l&#8217;h\u00f4pital de la Croix Rousse de Lyon.<\/i><\/p>\n<p class=\"x_MsoNormal\"><i>Le reste ira au projet qui tenait \u00e0 c\u0153ur \u00e0 Nicolas ; organiser un tournoi de rugby en fauteuil roulant ; le &#8221; AIN-VICTUS &#8220;<\/i><\/p>\n<p class=\"x_MsoNormal\"><i>L&#8217;engagement, le courage, le respect, l&#8217;esprit d&#8217;\u00e9quipe et le partage sont des valeurs du rugby que mon fils repr\u00e9sentait tr\u00e8s bien !!<\/i><\/p>\n<p class=\"x_MsoNormal\"><i>Mais c&#8217;\u00e9tait avant tout les valeurs d&#8217;un \u00eatre magnifique, g\u00e9n\u00e9reux et si beau !<\/i><\/p>\n<p class=\"x_MsoNormal\"><i>Cette suggestion enthousiasme toute la famille ainsi que tous les amis proches de Nicolas , j&#8217;esp\u00e8re que vous aussi et encore une fois MERCI du fond du c\u0153ur.<\/i><\/p>\n<p class=\"x_MsoNormal\"><i>Beaucoup d&#8217;entre vous, veulent nous t\u00e9moigner leur soutien, alors pour ceux qui n&#8217;ont pas encore envoy\u00e9 des fleurs et qui souhaitent le faire, pensez plut\u00f4t \u00e0 la cagnotte, pensez \u00e0 ces patients qui pourront sortir de cet emprisonnement d&#8217;incompr\u00e9hension et au tournoi &#8221; AIN-VICTUS &#8220;<\/i><\/p>\n<p class=\"x_MsoNormal\"><i>Nadine Brialmont<\/i><\/p>\n<p class=\"x_MsoNormal\"><i>Maman de Nicolas<\/i><\/p>\n<p class=\"x_MsoNormal\">D\u00e8s ce message, les dons ont afflu\u00e9s, doublant la cagnotte initiale ! Ce qui permit tr\u00e8s vite d\u2019offrir un Tobii \u00e0 l\u2019h\u00f4pital de la Croix Rousse de Lyon. Cet appareil permet de correspondre rien qu\u2019avec les yeux sans devoir les cligner et surtout il poss\u00e8de plus d\u2019une trentaine de langues.<\/p>\n<p class=\"x_MsoNormal\"><a href=\"https:\/\/fondation-nicolasgigot.org\/wp-content\/uploads\/2021\/06\/thumbnail_image002.jpeg\"><img fetchpriority=\"high\" decoding=\"async\" class=\" wp-image-1873 aligncenter\" src=\"https:\/\/fondation-nicolasgigot.org\/wp-content\/uploads\/2021\/06\/thumbnail_image002-300x169.jpeg\" alt=\"\" width=\"421\" height=\"237\" srcset=\"https:\/\/fondation-nicolasgigot.org\/wp-content\/uploads\/2021\/06\/thumbnail_image002-300x169.jpeg 300w, https:\/\/fondation-nicolasgigot.org\/wp-content\/uploads\/2021\/06\/thumbnail_image002.jpeg 437w\" sizes=\"(max-width: 421px) 100vw, 421px\" \/><\/a><\/p>\n<p class=\"x_MsoNormal\">Cet appareil, d\u2019une valeur de *\/- 15000 \u20ac, est un des seuls \u00e0 \u00eatre accept\u00e9 dans les centres de r\u00e9animations.<\/p>\n<p class=\"x_MsoNormal\">Vu la cause sanitaire, on parle \u00e9videment de ce fameux covid, cet appareil est arriv\u00e9 \u00ab \u00e0 point \u00bb ! et cela pour notre grande satisfaction !<\/p>\n<p class=\"x_MsoNormal\">Toujours gr\u00e2ce aux dons, nous avons pu offrir \u00e0 Mr. Angelo Hernandez, parapl\u00e9gique suite \u00e0 un accident de moto, un fauteuil roulant adapt\u00e9. Voir photos ici-bas<\/p>\n<p class=\"x_MsoNormal\">En effet, Nicolas s\u2019\u00e9tait totalement impliqu\u00e9 dans l\u2019organisation du tournoi de rugby \u00e0 7 et \u00e0 5 \u00ab Ainvictus Rugby Tour \u00bb port\u00e9 par Ainteam Rugby Sevens, qui devait se d\u00e9rouler en juin 2020 et dont les b\u00e9n\u00e9fices devaient aider au financement d\u2019un fauteuil.,<\/p>\n<p class=\"x_MsoNormal\" align=\"center\"><a href=\"https:\/\/fondation-nicolasgigot.org\/wp-content\/uploads\/2021\/06\/thumbnail_image010.jpeg\"><img decoding=\"async\" class=\" wp-image-1874 aligncenter\" src=\"https:\/\/fondation-nicolasgigot.org\/wp-content\/uploads\/2021\/06\/thumbnail_image010-300x225.jpeg\" alt=\"\" width=\"449\" height=\"337\" srcset=\"https:\/\/fondation-nicolasgigot.org\/wp-content\/uploads\/2021\/06\/thumbnail_image010-300x225.jpeg 300w, https:\/\/fondation-nicolasgigot.org\/wp-content\/uploads\/2021\/06\/thumbnail_image010.jpeg 452w\" sizes=\"(max-width: 449px) 100vw, 449px\" \/><\/a><\/p>\n<p class=\"x_MsoNormal\" align=\"center\"><a href=\"https:\/\/fondation-nicolasgigot.org\/wp-content\/uploads\/2021\/06\/thumbnail_image011.jpeg\"><img decoding=\"async\" class=\" wp-image-1875 aligncenter\" src=\"https:\/\/fondation-nicolasgigot.org\/wp-content\/uploads\/2021\/06\/thumbnail_image011-300x225.jpeg\" alt=\"\" width=\"440\" height=\"330\" srcset=\"https:\/\/fondation-nicolasgigot.org\/wp-content\/uploads\/2021\/06\/thumbnail_image011-300x225.jpeg 300w, https:\/\/fondation-nicolasgigot.org\/wp-content\/uploads\/2021\/06\/thumbnail_image011.jpeg 474w\" sizes=\"(max-width: 440px) 100vw, 440px\" \/><\/a><a href=\"https:\/\/fondation-nicolasgigot.org\/wp-content\/uploads\/2021\/06\/thumbnail_image002.jpeg\">\n<\/a><a href=\"https:\/\/fondation-nicolasgigot.org\/wp-content\/uploads\/2021\/06\/Capture-de\u0301cran-2021-06-02-a\u0300-19.19.10.jpg\"><img loading=\"lazy\" decoding=\"async\" class=\"alignnone wp-image-1877\" src=\"https:\/\/fondation-nicolasgigot.org\/wp-content\/uploads\/2021\/06\/Capture-de\u0301cran-2021-06-02-a\u0300-19.19.10.jpg\" alt=\"\" width=\"514\" height=\"648\" srcset=\"https:\/\/fondation-nicolasgigot.org\/wp-content\/uploads\/2021\/06\/Capture-de\u0301cran-2021-06-02-a\u0300-19.19.10.jpg 1136w, https:\/\/fondation-nicolasgigot.org\/wp-content\/uploads\/2021\/06\/Capture-de\u0301cran-2021-06-02-a\u0300-19.19.10-238x300.jpg 238w, https:\/\/fondation-nicolasgigot.org\/wp-content\/uploads\/2021\/06\/Capture-de\u0301cran-2021-06-02-a\u0300-19.19.10-813x1024.jpg 813w, https:\/\/fondation-nicolasgigot.org\/wp-content\/uploads\/2021\/06\/Capture-de\u0301cran-2021-06-02-a\u0300-19.19.10-768x967.jpg 768w\" sizes=\"(max-width: 514px) 100vw, 514px\" \/><\/a><i> <\/i><\/p>\n<p class=\"x_MsoNormal\" style=\"text-align: center;\"><b>Mais ce n\u2019est que le d\u00e9but&#8230;&#8230;<\/b><\/p>\t\t\t\t\t\t\t\t<\/div>\n\t\t\t\t<\/div>\n\t\t\t\t\t<\/div>\n\t\t<\/div>\n\t\t\t\t\t<\/div>\n\t\t<\/section>\n\t\t\t\t<\/div>\n\t\t","protected":false},"excerpt":{"rendered":"<p>3 jours apr\u00e8s le d\u00e9c\u00e8s de Nicolas Gigot , la maman de ce dernier proposait de cr\u00e9er la fondation Nicolas Gigot. Message de Nadine, la maman de Nicolas ce 21juillet 2020 intervenant sur la page Facebook de \u00ab tous ensemble dans la m\u00eal\u00e9e avec Nicolas \u00bb : Bonjour, je suis la maman de Nicolas, je [&hellip;]<\/p>\n","protected":false},"author":3,"featured_media":2108,"comment_status":"open","ping_status":"open","sticky":false,"template":"","format":"standard","meta":{"_acf_changed":false,"give_campaign_id":0,"footnotes":""},"categories":[70],"tags":[],"class_list":["post-3832","post","type-post","status-publish","format-standard","has-post-thumbnail","hentry","category-realisations-nl"],"acf":[],"yoast_head":"<!-- This site is optimized with the Yoast SEO plugin v25.1 - https:\/\/yoast.com\/wordpress\/plugins\/seo\/ -->\n<title>3 jours apr\u00e8s le d\u00e9c\u00e8s de Nicolas Gigot, la maman de ce dernier proposait de cr\u00e9er la fondation Nicolas Gigot. - Fondation Nicolas Gigot<\/title>\n<meta name=\"robots\" content=\"index, follow, max-snippet:-1, max-image-preview:large, max-video-preview:-1\" \/>\n<link rel=\"canonical\" href=\"https:\/\/fondation-nicolasgigot.org\/nl\/3-jours-apres-le-deces-de-nicolas-gigot-la-maman-de-ce-dernier-proposait-de-creer-la-fondation-nicolas-gigot\/\" \/>\n<meta property=\"og:locale\" content=\"nl_NL\" \/>\n<meta property=\"og:type\" content=\"article\" \/>\n<meta property=\"og:title\" content=\"3 jours apr\u00e8s le d\u00e9c\u00e8s de Nicolas Gigot, la maman de ce dernier proposait de cr\u00e9er la fondation Nicolas Gigot. - Fondation Nicolas Gigot\" \/>\n<meta property=\"og:description\" content=\"3 jours apr\u00e8s le d\u00e9c\u00e8s de Nicolas Gigot , la maman de ce dernier proposait de cr\u00e9er la fondation Nicolas Gigot. Message de Nadine, la maman de Nicolas ce 21juillet 2020 intervenant sur la page Facebook de \u00ab tous ensemble dans la m\u00eal\u00e9e avec Nicolas \u00bb : Bonjour, je suis la maman de Nicolas, je [&hellip;]\" \/>\n<meta property=\"og:url\" content=\"https:\/\/fondation-nicolasgigot.org\/nl\/3-jours-apres-le-deces-de-nicolas-gigot-la-maman-de-ce-dernier-proposait-de-creer-la-fondation-nicolas-gigot\/\" \/>\n<meta property=\"og:site_name\" content=\"Fondation Nicolas Gigot\" \/>\n<meta property=\"article:published_time\" content=\"2021-06-02T17:09:42+00:00\" \/>\n<meta property=\"article:modified_time\" content=\"2024-09-30T13:47:00+00:00\" \/>\n<meta property=\"og:image\" content=\"https:\/\/fondation-nicolasgigot.org\/wp-content\/uploads\/2021\/06\/4c0d8041-3e94-4e65-a915-16706f55ea71.jpg\" \/>\n\t<meta property=\"og:image:width\" content=\"474\" \/>\n\t<meta property=\"og:image:height\" content=\"356\" \/>\n\t<meta property=\"og:image:type\" content=\"image\/jpeg\" \/>\n<meta name=\"author\" content=\"Nadine Brialmont\" \/>\n<meta name=\"twitter:card\" content=\"summary_large_image\" \/>\n<meta name=\"twitter:label1\" content=\"Geschreven door\" \/>\n\t<meta name=\"twitter:data1\" content=\"Nadine Brialmont\" \/>\n\t<meta name=\"twitter:label2\" content=\"Geschatte leestijd\" \/>\n\t<meta name=\"twitter:data2\" content=\"4 minuten\" \/>\n<script type=\"application\/ld+json\" class=\"yoast-schema-graph\">{\"@context\":\"https:\/\/schema.org\",\"@graph\":[{\"@type\":\"Article\",\"@id\":\"https:\/\/fondation-nicolasgigot.org\/nl\/3-jours-apres-le-deces-de-nicolas-gigot-la-maman-de-ce-dernier-proposait-de-creer-la-fondation-nicolas-gigot\/#article\",\"isPartOf\":{\"@id\":\"https:\/\/fondation-nicolasgigot.org\/nl\/3-jours-apres-le-deces-de-nicolas-gigot-la-maman-de-ce-dernier-proposait-de-creer-la-fondation-nicolas-gigot\/\"},\"author\":{\"name\":\"Nadine Brialmont\",\"@id\":\"https:\/\/fondation-nicolasgigot.org\/nl\/#\/schema\/person\/23187954cf45667f841bfe39191cb5dc\"},\"headline\":\"3 jours apr\u00e8s le d\u00e9c\u00e8s de Nicolas Gigot, la maman de ce dernier proposait de cr\u00e9er la fondation Nicolas Gigot.\",\"datePublished\":\"2021-06-02T17:09:42+00:00\",\"dateModified\":\"2024-09-30T13:47:00+00:00\",\"mainEntityOfPage\":{\"@id\":\"https:\/\/fondation-nicolasgigot.org\/nl\/3-jours-apres-le-deces-de-nicolas-gigot-la-maman-de-ce-dernier-proposait-de-creer-la-fondation-nicolas-gigot\/\"},\"wordCount\":621,\"commentCount\":0,\"publisher\":{\"@id\":\"https:\/\/fondation-nicolasgigot.org\/nl\/#organization\"},\"image\":{\"@id\":\"https:\/\/fondation-nicolasgigot.org\/nl\/3-jours-apres-le-deces-de-nicolas-gigot-la-maman-de-ce-dernier-proposait-de-creer-la-fondation-nicolas-gigot\/#primaryimage\"},\"thumbnailUrl\":\"https:\/\/fondation-nicolasgigot.org\/wp-content\/uploads\/2021\/06\/4c0d8041-3e94-4e65-a915-16706f55ea71.jpg\",\"articleSection\":[\"R\u00e9alisations\"],\"inLanguage\":\"nl-NL\",\"potentialAction\":[{\"@type\":\"CommentAction\",\"name\":\"Comment\",\"target\":[\"https:\/\/fondation-nicolasgigot.org\/nl\/3-jours-apres-le-deces-de-nicolas-gigot-la-maman-de-ce-dernier-proposait-de-creer-la-fondation-nicolas-gigot\/#respond\"]}]},{\"@type\":\"WebPage\",\"@id\":\"https:\/\/fondation-nicolasgigot.org\/nl\/3-jours-apres-le-deces-de-nicolas-gigot-la-maman-de-ce-dernier-proposait-de-creer-la-fondation-nicolas-gigot\/\",\"url\":\"https:\/\/fondation-nicolasgigot.org\/nl\/3-jours-apres-le-deces-de-nicolas-gigot-la-maman-de-ce-dernier-proposait-de-creer-la-fondation-nicolas-gigot\/\",\"name\":\"3 jours apr\u00e8s le d\u00e9c\u00e8s de Nicolas Gigot, la maman de ce dernier proposait de cr\u00e9er la fondation Nicolas Gigot. - Fondation Nicolas Gigot\",\"isPartOf\":{\"@id\":\"https:\/\/fondation-nicolasgigot.org\/nl\/#website\"},\"primaryImageOfPage\":{\"@id\":\"https:\/\/fondation-nicolasgigot.org\/nl\/3-jours-apres-le-deces-de-nicolas-gigot-la-maman-de-ce-dernier-proposait-de-creer-la-fondation-nicolas-gigot\/#primaryimage\"},\"image\":{\"@id\":\"https:\/\/fondation-nicolasgigot.org\/nl\/3-jours-apres-le-deces-de-nicolas-gigot-la-maman-de-ce-dernier-proposait-de-creer-la-fondation-nicolas-gigot\/#primaryimage\"},\"thumbnailUrl\":\"https:\/\/fondation-nicolasgigot.org\/wp-content\/uploads\/2021\/06\/4c0d8041-3e94-4e65-a915-16706f55ea71.jpg\",\"datePublished\":\"2021-06-02T17:09:42+00:00\",\"dateModified\":\"2024-09-30T13:47:00+00:00\",\"breadcrumb\":{\"@id\":\"https:\/\/fondation-nicolasgigot.org\/nl\/3-jours-apres-le-deces-de-nicolas-gigot-la-maman-de-ce-dernier-proposait-de-creer-la-fondation-nicolas-gigot\/#breadcrumb\"},\"inLanguage\":\"nl-NL\",\"potentialAction\":[{\"@type\":\"ReadAction\",\"target\":[\"https:\/\/fondation-nicolasgigot.org\/nl\/3-jours-apres-le-deces-de-nicolas-gigot-la-maman-de-ce-dernier-proposait-de-creer-la-fondation-nicolas-gigot\/\"]}]},{\"@type\":\"ImageObject\",\"inLanguage\":\"nl-NL\",\"@id\":\"https:\/\/fondation-nicolasgigot.org\/nl\/3-jours-apres-le-deces-de-nicolas-gigot-la-maman-de-ce-dernier-proposait-de-creer-la-fondation-nicolas-gigot\/#primaryimage\",\"url\":\"https:\/\/fondation-nicolasgigot.org\/wp-content\/uploads\/2021\/06\/4c0d8041-3e94-4e65-a915-16706f55ea71.jpg\",\"contentUrl\":\"https:\/\/fondation-nicolasgigot.org\/wp-content\/uploads\/2021\/06\/4c0d8041-3e94-4e65-a915-16706f55ea71.jpg\",\"width\":474,\"height\":356},{\"@type\":\"BreadcrumbList\",\"@id\":\"https:\/\/fondation-nicolasgigot.org\/nl\/3-jours-apres-le-deces-de-nicolas-gigot-la-maman-de-ce-dernier-proposait-de-creer-la-fondation-nicolas-gigot\/#breadcrumb\",\"itemListElement\":[{\"@type\":\"ListItem\",\"position\":1,\"name\":\"Accueil\",\"item\":\"https:\/\/fondation-nicolasgigot.org\/nl\/\"},{\"@type\":\"ListItem\",\"position\":2,\"name\":\"3 jours apr\u00e8s le d\u00e9c\u00e8s de Nicolas Gigot, la maman de ce dernier proposait de cr\u00e9er la fondation Nicolas Gigot.\"}]},{\"@type\":\"WebSite\",\"@id\":\"https:\/\/fondation-nicolasgigot.org\/nl\/#website\",\"url\":\"https:\/\/fondation-nicolasgigot.org\/nl\/\",\"name\":\"Fondation Nicolas Gigot\",\"description\":\"\",\"publisher\":{\"@id\":\"https:\/\/fondation-nicolasgigot.org\/nl\/#organization\"},\"potentialAction\":[{\"@type\":\"SearchAction\",\"target\":{\"@type\":\"EntryPoint\",\"urlTemplate\":\"https:\/\/fondation-nicolasgigot.org\/nl\/?s={search_term_string}\"},\"query-input\":{\"@type\":\"PropertyValueSpecification\",\"valueRequired\":true,\"valueName\":\"search_term_string\"}}],\"inLanguage\":\"nl-NL\"},{\"@type\":\"Organization\",\"@id\":\"https:\/\/fondation-nicolasgigot.org\/nl\/#organization\",\"name\":\"Fondation Nicolas Gigot\",\"url\":\"https:\/\/fondation-nicolasgigot.org\/nl\/\",\"logo\":{\"@type\":\"ImageObject\",\"inLanguage\":\"nl-NL\",\"@id\":\"https:\/\/fondation-nicolasgigot.org\/nl\/#\/schema\/logo\/image\/\",\"url\":\"https:\/\/fondation-nicolasgigot.org\/wp-content\/uploads\/2021\/04\/Groupe-32.svg\",\"contentUrl\":\"https:\/\/fondation-nicolasgigot.org\/wp-content\/uploads\/2021\/04\/Groupe-32.svg\",\"width\":1,\"height\":1,\"caption\":\"Fondation Nicolas Gigot\"},\"image\":{\"@id\":\"https:\/\/fondation-nicolasgigot.org\/nl\/#\/schema\/logo\/image\/\"}},{\"@type\":\"Person\",\"@id\":\"https:\/\/fondation-nicolasgigot.org\/nl\/#\/schema\/person\/23187954cf45667f841bfe39191cb5dc\",\"name\":\"Nadine Brialmont\",\"image\":{\"@type\":\"ImageObject\",\"inLanguage\":\"nl-NL\",\"@id\":\"https:\/\/fondation-nicolasgigot.org\/nl\/#\/schema\/person\/image\/\",\"url\":\"https:\/\/secure.gravatar.com\/avatar\/24ce526bffd627f6778a52a887345ce97be474d8ea3cd54518e0950c6d61d38c?s=96&d=mm&r=g\",\"contentUrl\":\"https:\/\/secure.gravatar.com\/avatar\/24ce526bffd627f6778a52a887345ce97be474d8ea3cd54518e0950c6d61d38c?s=96&d=mm&r=g\",\"caption\":\"Nadine Brialmont\"},\"sameAs\":[\"https:\/\/fondation-nicolasgigot.org\/\"]}]}<\/script>\n<!-- \/ Yoast SEO plugin. -->","yoast_head_json":{"title":"3 jours apr\u00e8s le d\u00e9c\u00e8s de Nicolas Gigot, la maman de ce dernier proposait de cr\u00e9er la fondation Nicolas Gigot. - Fondation Nicolas Gigot","robots":{"index":"index","follow":"follow","max-snippet":"max-snippet:-1","max-image-preview":"max-image-preview:large","max-video-preview":"max-video-preview:-1"},"canonical":"https:\/\/fondation-nicolasgigot.org\/nl\/3-jours-apres-le-deces-de-nicolas-gigot-la-maman-de-ce-dernier-proposait-de-creer-la-fondation-nicolas-gigot\/","og_locale":"nl_NL","og_type":"article","og_title":"3 jours apr\u00e8s le d\u00e9c\u00e8s de Nicolas Gigot, la maman de ce dernier proposait de cr\u00e9er la fondation Nicolas Gigot. - Fondation Nicolas Gigot","og_description":"3 jours apr\u00e8s le d\u00e9c\u00e8s de Nicolas Gigot , la maman de ce dernier proposait de cr\u00e9er la fondation Nicolas Gigot. Message de Nadine, la maman de Nicolas ce 21juillet 2020 intervenant sur la page Facebook de \u00ab tous ensemble dans la m\u00eal\u00e9e avec Nicolas \u00bb : Bonjour, je suis la maman de Nicolas, je [&hellip;]","og_url":"https:\/\/fondation-nicolasgigot.org\/nl\/3-jours-apres-le-deces-de-nicolas-gigot-la-maman-de-ce-dernier-proposait-de-creer-la-fondation-nicolas-gigot\/","og_site_name":"Fondation Nicolas Gigot","article_published_time":"2021-06-02T17:09:42+00:00","article_modified_time":"2024-09-30T13:47:00+00:00","og_image":[{"width":474,"height":356,"url":"https:\/\/fondation-nicolasgigot.org\/wp-content\/uploads\/2021\/06\/4c0d8041-3e94-4e65-a915-16706f55ea71.jpg","type":"image\/jpeg"}],"author":"Nadine Brialmont","twitter_card":"summary_large_image","twitter_misc":{"Geschreven door":"Nadine Brialmont","Geschatte leestijd":"4 minuten"},"schema":{"@context":"https:\/\/schema.org","@graph":[{"@type":"Article","@id":"https:\/\/fondation-nicolasgigot.org\/nl\/3-jours-apres-le-deces-de-nicolas-gigot-la-maman-de-ce-dernier-proposait-de-creer-la-fondation-nicolas-gigot\/#article","isPartOf":{"@id":"https:\/\/fondation-nicolasgigot.org\/nl\/3-jours-apres-le-deces-de-nicolas-gigot-la-maman-de-ce-dernier-proposait-de-creer-la-fondation-nicolas-gigot\/"},"author":{"name":"Nadine Brialmont","@id":"https:\/\/fondation-nicolasgigot.org\/nl\/#\/schema\/person\/23187954cf45667f841bfe39191cb5dc"},"headline":"3 jours apr\u00e8s le d\u00e9c\u00e8s de Nicolas Gigot, la maman de ce dernier proposait de cr\u00e9er la fondation Nicolas Gigot.","datePublished":"2021-06-02T17:09:42+00:00","dateModified":"2024-09-30T13:47:00+00:00","mainEntityOfPage":{"@id":"https:\/\/fondation-nicolasgigot.org\/nl\/3-jours-apres-le-deces-de-nicolas-gigot-la-maman-de-ce-dernier-proposait-de-creer-la-fondation-nicolas-gigot\/"},"wordCount":621,"commentCount":0,"publisher":{"@id":"https:\/\/fondation-nicolasgigot.org\/nl\/#organization"},"image":{"@id":"https:\/\/fondation-nicolasgigot.org\/nl\/3-jours-apres-le-deces-de-nicolas-gigot-la-maman-de-ce-dernier-proposait-de-creer-la-fondation-nicolas-gigot\/#primaryimage"},"thumbnailUrl":"https:\/\/fondation-nicolasgigot.org\/wp-content\/uploads\/2021\/06\/4c0d8041-3e94-4e65-a915-16706f55ea71.jpg","articleSection":["R\u00e9alisations"],"inLanguage":"nl-NL","potentialAction":[{"@type":"CommentAction","name":"Comment","target":["https:\/\/fondation-nicolasgigot.org\/nl\/3-jours-apres-le-deces-de-nicolas-gigot-la-maman-de-ce-dernier-proposait-de-creer-la-fondation-nicolas-gigot\/#respond"]}]},{"@type":"WebPage","@id":"https:\/\/fondation-nicolasgigot.org\/nl\/3-jours-apres-le-deces-de-nicolas-gigot-la-maman-de-ce-dernier-proposait-de-creer-la-fondation-nicolas-gigot\/","url":"https:\/\/fondation-nicolasgigot.org\/nl\/3-jours-apres-le-deces-de-nicolas-gigot-la-maman-de-ce-dernier-proposait-de-creer-la-fondation-nicolas-gigot\/","name":"3 jours apr\u00e8s le d\u00e9c\u00e8s de Nicolas Gigot, la maman de ce dernier proposait de cr\u00e9er la fondation Nicolas Gigot. - Fondation Nicolas Gigot","isPartOf":{"@id":"https:\/\/fondation-nicolasgigot.org\/nl\/#website"},"primaryImageOfPage":{"@id":"https:\/\/fondation-nicolasgigot.org\/nl\/3-jours-apres-le-deces-de-nicolas-gigot-la-maman-de-ce-dernier-proposait-de-creer-la-fondation-nicolas-gigot\/#primaryimage"},"image":{"@id":"https:\/\/fondation-nicolasgigot.org\/nl\/3-jours-apres-le-deces-de-nicolas-gigot-la-maman-de-ce-dernier-proposait-de-creer-la-fondation-nicolas-gigot\/#primaryimage"},"thumbnailUrl":"https:\/\/fondation-nicolasgigot.org\/wp-content\/uploads\/2021\/06\/4c0d8041-3e94-4e65-a915-16706f55ea71.jpg","datePublished":"2021-06-02T17:09:42+00:00","dateModified":"2024-09-30T13:47:00+00:00","breadcrumb":{"@id":"https:\/\/fondation-nicolasgigot.org\/nl\/3-jours-apres-le-deces-de-nicolas-gigot-la-maman-de-ce-dernier-proposait-de-creer-la-fondation-nicolas-gigot\/#breadcrumb"},"inLanguage":"nl-NL","potentialAction":[{"@type":"ReadAction","target":["https:\/\/fondation-nicolasgigot.org\/nl\/3-jours-apres-le-deces-de-nicolas-gigot-la-maman-de-ce-dernier-proposait-de-creer-la-fondation-nicolas-gigot\/"]}]},{"@type":"ImageObject","inLanguage":"nl-NL","@id":"https:\/\/fondation-nicolasgigot.org\/nl\/3-jours-apres-le-deces-de-nicolas-gigot-la-maman-de-ce-dernier-proposait-de-creer-la-fondation-nicolas-gigot\/#primaryimage","url":"https:\/\/fondation-nicolasgigot.org\/wp-content\/uploads\/2021\/06\/4c0d8041-3e94-4e65-a915-16706f55ea71.jpg","contentUrl":"https:\/\/fondation-nicolasgigot.org\/wp-content\/uploads\/2021\/06\/4c0d8041-3e94-4e65-a915-16706f55ea71.jpg","width":474,"height":356},{"@type":"BreadcrumbList","@id":"https:\/\/fondation-nicolasgigot.org\/nl\/3-jours-apres-le-deces-de-nicolas-gigot-la-maman-de-ce-dernier-proposait-de-creer-la-fondation-nicolas-gigot\/#breadcrumb","itemListElement":[{"@type":"ListItem","position":1,"name":"Accueil","item":"https:\/\/fondation-nicolasgigot.org\/nl\/"},{"@type":"ListItem","position":2,"name":"3 jours apr\u00e8s le d\u00e9c\u00e8s de Nicolas Gigot, la maman de ce dernier proposait de cr\u00e9er la fondation Nicolas Gigot."}]},{"@type":"WebSite","@id":"https:\/\/fondation-nicolasgigot.org\/nl\/#website","url":"https:\/\/fondation-nicolasgigot.org\/nl\/","name":"Fondation Nicolas Gigot","description":"","publisher":{"@id":"https:\/\/fondation-nicolasgigot.org\/nl\/#organization"},"potentialAction":[{"@type":"SearchAction","target":{"@type":"EntryPoint","urlTemplate":"https:\/\/fondation-nicolasgigot.org\/nl\/?s={search_term_string}"},"query-input":{"@type":"PropertyValueSpecification","valueRequired":true,"valueName":"search_term_string"}}],"inLanguage":"nl-NL"},{"@type":"Organization","@id":"https:\/\/fondation-nicolasgigot.org\/nl\/#organization","name":"Fondation Nicolas Gigot","url":"https:\/\/fondation-nicolasgigot.org\/nl\/","logo":{"@type":"ImageObject","inLanguage":"nl-NL","@id":"https:\/\/fondation-nicolasgigot.org\/nl\/#\/schema\/logo\/image\/","url":"https:\/\/fondation-nicolasgigot.org\/wp-content\/uploads\/2021\/04\/Groupe-32.svg","contentUrl":"https:\/\/fondation-nicolasgigot.org\/wp-content\/uploads\/2021\/04\/Groupe-32.svg","width":1,"height":1,"caption":"Fondation Nicolas Gigot"},"image":{"@id":"https:\/\/fondation-nicolasgigot.org\/nl\/#\/schema\/logo\/image\/"}},{"@type":"Person","@id":"https:\/\/fondation-nicolasgigot.org\/nl\/#\/schema\/person\/23187954cf45667f841bfe39191cb5dc","name":"Nadine Brialmont","image":{"@type":"ImageObject","inLanguage":"nl-NL","@id":"https:\/\/fondation-nicolasgigot.org\/nl\/#\/schema\/person\/image\/","url":"https:\/\/secure.gravatar.com\/avatar\/24ce526bffd627f6778a52a887345ce97be474d8ea3cd54518e0950c6d61d38c?s=96&d=mm&r=g","contentUrl":"https:\/\/secure.gravatar.com\/avatar\/24ce526bffd627f6778a52a887345ce97be474d8ea3cd54518e0950c6d61d38c?s=96&d=mm&r=g","caption":"Nadine Brialmont"},"sameAs":["https:\/\/fondation-nicolasgigot.org\/"]}]}},"_links":{"self":[{"href":"https:\/\/fondation-nicolasgigot.org\/nl\/wp-json\/wp\/v2\/posts\/3832","targetHints":{"allow":["GET"]}}],"collection":[{"href":"https:\/\/fondation-nicolasgigot.org\/nl\/wp-json\/wp\/v2\/posts"}],"about":[{"href":"https:\/\/fondation-nicolasgigot.org\/nl\/wp-json\/wp\/v2\/types\/post"}],"author":[{"embeddable":true,"href":"https:\/\/fondation-nicolasgigot.org\/nl\/wp-json\/wp\/v2\/users\/3"}],"replies":[{"embeddable":true,"href":"https:\/\/fondation-nicolasgigot.org\/nl\/wp-json\/wp\/v2\/comments?post=3832"}],"version-history":[{"count":12,"href":"https:\/\/fondation-nicolasgigot.org\/nl\/wp-json\/wp\/v2\/posts\/3832\/revisions"}],"predecessor-version":[{"id":5762,"href":"https:\/\/fondation-nicolasgigot.org\/nl\/wp-json\/wp\/v2\/posts\/3832\/revisions\/5762"}],"wp:featuredmedia":[{"embeddable":true,"href":"https:\/\/fondation-nicolasgigot.org\/nl\/wp-json\/wp\/v2\/media\/2108"}],"wp:attachment":[{"href":"https:\/\/fondation-nicolasgigot.org\/nl\/wp-json\/wp\/v2\/media?parent=3832"}],"wp:term":[{"taxonomy":"category","embeddable":true,"href":"https:\/\/fondation-nicolasgigot.org\/nl\/wp-json\/wp\/v2\/categories?post=3832"},{"taxonomy":"post_tag","embeddable":true,"href":"https:\/\/fondation-nicolasgigot.org\/nl\/wp-json\/wp\/v2\/tags?post=3832"}],"curies":[{"name":"wp","href":"https:\/\/api.w.org\/{rel}","templated":true}]}}